{"id":993,"date":"2012-01-06T00:01:00","date_gmt":"2012-01-06T00:01:00","guid":{"rendered":"http:\/\/www.ingeta.com\/?p=993"},"modified":"2012-01-06T00:01:00","modified_gmt":"2012-01-06T00:01:00","slug":"rdc-les-etats-unis-reclament-le-retablissement-immediat-de-la-radio-rfi","status":"publish","type":"post","link":"https:\/\/congolobilelo.com\/IN\/rdc-les-etats-unis-reclament-le-retablissement-immediat-de-la-radio-rfi\/","title":{"rendered":"RDC : les Etats-Unis r\u00e9clament le r\u00e9tablissement \u201cimm\u00e9diat\u201d de la radio RFI"},"content":{"rendered":"<p>\t\t\t\t<strong><a href=\"http:\/\/www.ingeta.com\/wp-content\/uploads\/2012\/01\/censure.jpg\"><img loading=\"lazy\" decoding=\"async\" class=\"alignleft  wp-image-994\" title=\"censure\" src=\"http:\/\/www.ingeta.com\/wp-content\/uploads\/2012\/01\/censure.jpg\" alt=\"\" width=\"245\" height=\"163\" \/><\/a>WASHINGTON \u2013 Les Etats-Unis ont appel\u00e9 jeudi la R\u00e9publique d\u00e9mocratique du Congo \u00e0 r\u00e9tablir \u201cimm\u00e9diatement\u201d le signal de Radio France Internationale (RFI) dans ce pays, coup\u00e9 par Kinshasa pour protester contre le traitement de la situation post-\u00e9lectorale par la radio fran\u00e7aise.<\/strong><\/p>\n<p>Les Etats-Unis \u201c<em>sont pr\u00e9occup\u00e9s par les informations indiquant que le signal de Radio France International a \u00e9t\u00e9 coup\u00e9<\/em>\u201c, a d\u00e9clar\u00e9 \u00e0 des journalistes la <strong>porte-parole du d\u00e9partement d\u2019Etat, Victoria Nuland.<\/strong><\/p>\n<p><strong>\u201c<em>Nous exhortons les autorit\u00e9s congolaises comp\u00e9tentes \u00e0 r\u00e9tablir le signal de RFI imm\u00e9diatement<\/em>\u201c<\/strong>, a-t-elle ajout\u00e9.<strong> \u201c<em>Nous soutenons la libert\u00e9 d\u2019expression dans le monde, y compris en RDC<\/em>\u201c,<\/strong> a-t-elle dit.<\/p>\n<p>Kinshasa a temporairement coup\u00e9 le signal de Radio France Internationale pour protester contre son traitement de la situation post-\u00e9lectorale dans le pays, o\u00f9 Joseph Kabila a \u00e9t\u00e9 proclam\u00e9 \u00e9lu en d\u00e9pit d\u2019importants dysfonctionnements et cas de fraudes d\u00e9nonc\u00e9s par des observateurs. Une r\u00e9\u00e9lection contest\u00e9e par l\u2019opposant Etienne Tshisekedi, qui s\u2019est lui-m\u00eame autoproclam\u00e9 \u201c<em>pr\u00e9sident \u00e9lu<\/em>\u201c.<\/p>\n<p>Cette coupure, qui devait durer au moins jusqu\u2019\u00e0 mardi, perdurait jeudi.<\/p>\n<p>De juillet 2009 \u00e0 octobre 2010, Kinshasa avait totalement coup\u00e9 RFI, accus\u00e9e de \u201c<em>d\u00e9moraliser<\/em>\u201d l\u2019arm\u00e9e.<\/p>\n<p>Par <img decoding=\"async\" src=\"http:\/\/static.lexpress.fr\/imgstat\/article\/icons\/fpa.png\" alt=\"\" \/>\t\t<\/p>\n","protected":false},"excerpt":{"rendered":"<p>WASHINGTON \u2013 Les Etats-Unis ont appel\u00e9 jeudi la R\u00e9publique d\u00e9mocratique du Congo \u00e0 r\u00e9tablir \u201cimm\u00e9diatement\u201d le signal de Radio France Internationale (RFI) dans ce pays, coup\u00e9 par Kinshasa pour protester contre le traitement de la situation post-\u00e9lectorale par la radio fran\u00e7aise. Les Etats-Unis \u201csont pr\u00e9occup\u00e9s par les informations indiquant que le signal de Radio France [&hellip;]<\/p>\n","protected":false},"author":1,"featured_media":995,"comment_status":"open","ping_status":"open","sticky":false,"template":"","format":"standard","meta":{"_acf_changed":false,"content-type":"","footnotes":""},"categories":[122],"tags":[],"class_list":["post-993","post","type-post","status-publish","format-standard","has-post-thumbnail","hentry","category-news-alertes"],"acf":[],"_links":{"self":[{"href":"https:\/\/congolobilelo.com\/IN\/wp-json\/wp\/v2\/posts\/993","targetHints":{"allow":["GET"]}}],"collection":[{"href":"https:\/\/congolobilelo.com\/IN\/wp-json\/wp\/v2\/posts"}],"about":[{"href":"https:\/\/congolobilelo.com\/IN\/wp-json\/wp\/v2\/types\/post"}],"author":[{"embeddable":true,"href":"https:\/\/congolobilelo.com\/IN\/wp-json\/wp\/v2\/users\/1"}],"replies":[{"embeddable":true,"href":"https:\/\/congolobilelo.com\/IN\/wp-json\/wp\/v2\/comments?post=993"}],"version-history":[{"count":0,"href":"https:\/\/congolobilelo.com\/IN\/wp-json\/wp\/v2\/posts\/993\/revisions"}],"wp:featuredmedia":[{"embeddable":true,"href":"https:\/\/congolobilelo.com\/IN\/wp-json\/"}],"wp:attachment":[{"href":"https:\/\/congolobilelo.com\/IN\/wp-json\/wp\/v2\/media?parent=993"}],"wp:term":[{"taxonomy":"category","embeddable":true,"href":"https:\/\/congolobilelo.com\/IN\/wp-json\/wp\/v2\/categories?post=993"},{"taxonomy":"post_tag","embeddable":true,"href":"https:\/\/congolobilelo.com\/IN\/wp-json\/wp\/v2\/tags?post=993"}],"curies":[{"name":"wp","href":"https:\/\/api.w.org\/{rel}","templated":true}]}}