{"id":7061,"date":"2014-11-15T11:01:54","date_gmt":"2014-11-15T11:01:54","guid":{"rendered":"http:\/\/www.ingeta.com\/?p=7061"},"modified":"2014-11-15T11:01:54","modified_gmt":"2014-11-15T11:01:54","slug":"rd-congo-guerre-paix-conference-de-linstitut-diplomatique-de-vienne-29-octobre-2014","status":"publish","type":"post","link":"https:\/\/congolobilelo.com\/IN\/rd-congo-guerre-paix-conference-de-linstitut-diplomatique-de-vienne-29-octobre-2014\/","title":{"rendered":"RD Congo: Guerre &#038; paix (Conf\u00e9rence de l&#8217;institut diplomatique de Vienne, 29 octobre 2014)"},"content":{"rendered":"<p>\t\t\t\tApr\u00e8s deux d\u00e9cennies de combats qui ont fait des millions de morts, il y a un nouvel espoir pour la paix. Un plan de paix a \u00e9t\u00e9 \u00e9tabli avec le mouvement rebelle M23. D\u2019autres groupes arm\u00e9s ont pu \u00eatre repouss\u00e9s gr\u00e2ce \u00e0 l\u2019action conjointe des troupes de l\u2019ONU et de l\u2019arm\u00e9e congolaise. Mais ce n\u2019est pas pour autant que les causes complexes de ce conflit ont \u00e9t\u00e9 \u00e9limin\u00e9es.<\/p>\n<p>Comment peut-on utiliser la richesse du pays pour le bienfait du peuple? Quelle ombres les \u00e9lections pr\u00e9sidentielles de 2016 laissent-elle pressentir? Comment peut-on arr\u00eater les violations des droits de l\u2019homme et l\u2019impunit\u00e9? Quels sont les int\u00e9r\u00eats \u00e9conomiques et politiques poursuivis par les pays voisins de l\u2019Est du Congo? Quel r\u00f4le joue la diaspora congolaise?<\/p>\n<p><a href=\"https:\/\/www.youtube.com\/watch?v=Qr20V5nlBEg#\">0:59<\/a> Franz Schmidjell | VIDC<br \/>\n<a href=\"https:\/\/www.youtube.com\/watch?v=Qr20V5nlBEg#\">6:47<\/a> Illunga Benedict\u00e9 Kabedi<br \/>\n<a href=\"https:\/\/www.youtube.com\/watch?v=Qr20V5nlBEg#\">14:46<\/a> Claudine Mamona-Cullin | University of Vienna<br \/>\n<a href=\"https:\/\/www.youtube.com\/watch?v=Qr20V5nlBEg#\">28:06<\/a> Emmanuel Mbolela | activiste, \u00e9crivain, r\u00e9fugi\u00e9, RDC\/Pays-Bas<br \/>\n<a href=\"https:\/\/www.youtube.com\/watch?v=Qr20V5nlBEg#\">52:28<\/a> Jean Pierre Mbelu | analyste politique et abb\u00e9, RDC\/Belgique<br \/>\n<a href=\"https:\/\/www.youtube.com\/watch?v=Qr20V5nlBEg#\">1:20:36<\/a> Q &amp; A<\/p>\n<p>Jean-Pierre Mbelu\u00a0sur les europ\u00e9ens et le racisme:<br \/>\n\u00abVous, les citoyens europ\u00e9ens, vous acceptez qu\u2019on aille commettre des crimes en Afrique, pour que vous ayez des appareils t\u00e9l\u00e9phoniques, pour que vous ayez des ordinateurs.. Vous, europ\u00e9ens, nous avez enseign\u00e9 tout au long de l\u2019histoire que vous \u00e9tiez pour les libert\u00e9s fondamentales et les droits fondamentaux. Donc, vous acceptez qu\u2019en votre nom, on aille tuer les congolais et les africains et que vous, vous jouissiez ais\u00e9ment des bienfaits des pillages de l\u2019Afrique\u00a0? Et que quand nous, nous arrivons chez vous, vous dites, \u2018vous avez Ebola, vous avez le sida, retournez chez vous\u00a0!\u00a0Nous ne sommes nulle part chez nous, ni en Afrique, ni en Europe. Est-ce normal\u00a0? Est-ce que vous nous reconnaissez en tant qu\u2019humains\u00a0? Est-ce qu\u2019il y a une reconnaissance de principe du noir comme un \u00eatre appartenant \u00e0 l\u2019humanit\u00e9 enti\u00e8re\u00a0?\u00a0\u00bb<\/p>\n<p>&nbsp;<br \/>\nJean-Pierre Mbelu sur l&#8217;int\u00e9gration \u00e9conomique:<br \/>\n&#8220;Quand on fait une int\u00e9gration \u00e9conomique, les \u00e9changes entre les gens peuvent affiner leurs relations et les aider \u00e0 d\u00e9passer leurs divergences. Mais la mise sur pied d\u2019un Etat social de droit d\u00e9mocratique est le pr\u00e9alable des pr\u00e9alables. Parce que cet Etat social de droit d\u00e9mocratique garantit les libert\u00e9s fondamentales des citoyens. Parce qu\u2019il garantit leurs droits sociaux, politiques et \u00e9conomiques qui leur permettent de pouvoir se rencontrer et \u00e9changer, et cr\u00e9er un activisme qui puisse les aider \u00e0 contr\u00f4ler leurs dirigeants. Parce que le commerce peut se faire, mais que l\u2019argent tombe dans les poches des messieurs qui ne sont contr\u00f4l\u00e9s par personne.&#8221;<\/p>\n","protected":false},"excerpt":{"rendered":"<p>Apr\u00e8s deux d\u00e9cennies de combats qui ont fait des millions de morts, il y a un nouvel espoir pour la paix. Un plan de paix a \u00e9t\u00e9 \u00e9tabli avec le mouvement rebelle M23. D\u2019autres groupes arm\u00e9s ont pu \u00eatre repouss\u00e9s gr\u00e2ce \u00e0 l\u2019action conjointe des troupes de l\u2019ONU et de l\u2019arm\u00e9e congolaise. Mais ce n\u2019est [&hellip;]<\/p>\n","protected":false},"author":1,"featured_media":7062,"comment_status":"open","ping_status":"open","sticky":false,"template":"","format":"video","meta":{"_acf_changed":false,"content-type":"","footnotes":""},"categories":[148,124,133],"tags":[],"class_list":["post-7061","post","type-post","status-publish","format-video","has-post-thumbnail","hentry","category-documents-presse","category-politique-societe","category-videos","post_format-post-format-video"],"acf":[],"_links":{"self":[{"href":"https:\/\/congolobilelo.com\/IN\/wp-json\/wp\/v2\/posts\/7061","targetHints":{"allow":["GET"]}}],"collection":[{"href":"https:\/\/congolobilelo.com\/IN\/wp-json\/wp\/v2\/posts"}],"about":[{"href":"https:\/\/congolobilelo.com\/IN\/wp-json\/wp\/v2\/types\/post"}],"author":[{"embeddable":true,"href":"https:\/\/congolobilelo.com\/IN\/wp-json\/wp\/v2\/users\/1"}],"replies":[{"embeddable":true,"href":"https:\/\/congolobilelo.com\/IN\/wp-json\/wp\/v2\/comments?post=7061"}],"version-history":[{"count":0,"href":"https:\/\/congolobilelo.com\/IN\/wp-json\/wp\/v2\/posts\/7061\/revisions"}],"wp:featuredmedia":[{"embeddable":true,"href":"https:\/\/congolobilelo.com\/IN\/wp-json\/"}],"wp:attachment":[{"href":"https:\/\/congolobilelo.com\/IN\/wp-json\/wp\/v2\/media?parent=7061"}],"wp:term":[{"taxonomy":"category","embeddable":true,"href":"https:\/\/congolobilelo.com\/IN\/wp-json\/wp\/v2\/categories?post=7061"},{"taxonomy":"post_tag","embeddable":true,"href":"https:\/\/congolobilelo.com\/IN\/wp-json\/wp\/v2\/tags?post=7061"}],"curies":[{"name":"wp","href":"https:\/\/api.w.org\/{rel}","templated":true}]}}