{"id":7040,"date":"2014-11-03T22:42:41","date_gmt":"2014-11-03T22:42:41","guid":{"rendered":"http:\/\/www.ingeta.com\/?p=7040"},"modified":"2014-11-03T22:42:41","modified_gmt":"2014-11-03T22:42:41","slug":"comprendre-les-enjeux-et-sapproprier-notre-histoire","status":"publish","type":"post","link":"https:\/\/congolobilelo.com\/IN\/comprendre-les-enjeux-et-sapproprier-notre-histoire\/","title":{"rendered":"Nous n\u2019avons plus d\u2019autres choix que d\u2019avoir des masses populaires qui comprennent les enjeux et qui s\u2019approprient leur histoire."},"content":{"rendered":"<p>\t\t\t\tL\u2019analyste politique Jean-Pierre Mbelu apporte une lecture g\u00e9opolitique de la fin de pouvoir de Blaise Compaor\u00e9 au Burkina Faso, expose les diff\u00e9rences majeurs entre les situations congolaise et burkinab\u00e8, rappelle qui sont les v\u00e9ritables ennemis du Congo et leurs motivations, propose des pistes actions pour une meilleure approche des enjeux qui nous concernent. Et explique pourquoi nous devons gagner la bataille des id\u00e9es.<\/p>\n<p><iframe loading=\"lazy\" src=\"\/\/www.youtube.com\/embed\/7PqFzslL6wU\" width=\"560\" height=\"315\" frameborder=\"0\" allowfullscreen=\"allowfullscreen\"><\/iframe><\/p>\n<p><strong>Sur la fin du pouvoir de Blaise Compaor\u00e9<\/strong><\/p>\n<blockquote><p>Quand Blaise Compaor\u00e9 trahit son ami, Thomas Sankara, et participe \u00e0 l\u2019assassinat de cet ami, il est soutenu par la France. Or les compatriotes africains ne vont pas assez loin dans l\u2019analyse de ce qui est en train de se passer au Burkina Faso. La France est au Mali, la France est en C\u00f4te d\u2019Ivoire, la France est au Niger. Et il y a des compatriotes africains qui estiment que les masses africaines peuvent se lever comme \u00e7a et chasser un n\u00e8gre de service de la France du Burkina Faso sans que la communaut\u00e9 occidentale n\u2019intervienne. C\u2019est une lecture biais\u00e9e de l\u2019histoire de l\u2019Afrique avec la France, et maintenant avec la grande puissance am\u00e9ricaine, qui est en train de faire de la France, son n\u00e8gre de service.<br \/>\nTous les 15 ans, les ma\u00eetres du Monde essaient de refaire la g\u00e9opolitique mondiale, surtout l\u00e0 o\u00f9 ils ont des n\u00e8gres de service. Nous devons pouvoir \u00eatre attentifs aux acteurs pl\u00e9niers qui seraient intervenus dans ce qui est arriv\u00e9 au Burkina Faso.<br \/>\nIl y a dans la lecture de ce que plusieurs compatriotes ont fait de ce qu\u2019ils ont pr\u00e9cipitamment appel\u00e9 \u00ab printemps noir \u00bb, il y a bien des choses \u00e0 revoir pour une meilleure compr\u00e9hension de ce qui s\u2019est pass\u00e9 au Burkina.<\/p><\/blockquote>\n<p><strong>Sur le signal que donne la \u00ab r\u00e9volution \u00bb burkinab\u00e8 \u00e0 l\u2019Afrique<\/strong><\/p>\n<blockquote><p>Nous sommes, pour la plupart d\u2019entre nous, des analphab\u00e8tes politiques \u00e0 tel point que nous ne comprenons pas que l\u2019essentiel en politique africaine ne se passe pas sur la place publique. Il n\u2019y a aucun signal qui est donn\u00e9 \u00e0 partir de ce qui s\u2019est pass\u00e9 au Burkina. Le signal sera donn\u00e9 quand les compatriotes africains auront identifi\u00e9 les acteurs pl\u00e9niers de ce qui s\u2019est pass\u00e9 au Burkina Faso et leur mode op\u00e9ratoire.<br \/>\nCe qui s\u2019est pass\u00e9 au Burkina n\u2019est pas une g\u00e9n\u00e9ration spontan\u00e9e. On y retrouve les m\u00eames symboliques et gestuelles qu\u2019on a pu voir \u00e0 Hongkong ou \u00e0 Kiev. C\u2019est une \u00ab r\u00e9volution \u00bb guid\u00e9e et prise en charge par ceux qui voudraient faire de l\u2019Afrique un r\u00e9servoir de mati\u00e8res premi\u00e8res. Malheureusement, beaucoup de compatriotes africains ne relisent pas ou plus notre histoire. Et c\u2019est tr\u00e8s dangereux pour notre avenir collectif.<br \/>\nCe qui se passe au Congo ne se d\u00e9cide pas au Congo. Nous devons changer notre mani\u00e8re de pouvoir lire l\u2019histoire mais aussi notre approche du mode op\u00e9ratoire de ceux que nous appelons \u00ab nos partenaires occidentaux \u00bb. Sans cela, l\u2019avenir de l\u2019Afrique sera compromis pour toujours.<\/p><\/blockquote>\n<p><strong>Sur les ennemis du Congo<\/strong><\/p>\n<blockquote><p>Les jours, les mois et les ann\u00e9es \u00e0 venir seront tr\u00e8s critiques pour le Congo. Il y aura davantage de sang et de morts. Pourquoi ? Nous, dans notre na\u00efvet\u00e9, n\u2019avons pas compris ce qui s\u2019\u00e9tait pass\u00e9 \u00e0 Berlin en 1885. Et rares sont les acteurs de la soci\u00e9t\u00e9 civile et de la classe politique qui essaient d\u2019aller jusqu\u2019\u00e0 1885. Il faut revisiter l\u2019histoire, identifier les acteurs majeurs, identifier leurs modes op\u00e9ratoires et examiner nos modes op\u00e9ratoires \u00e0 nous et nos acteurs politiques et sociaux pour voir s\u2019il y a une certaine \u00e9quivalence. Dans le cas contraire, nous sommes en train de participer au jeu d\u2019enfants dans le sable et nous n\u2019aurions rien compris \u00e0 ce qui est train de se passer.<br \/>\nNe nous fions pas \u00e0 ces deux ou trois politiques congolais qui sont constamment sur le devant de la sc\u00e8ne, eux-m\u00eames n\u2019ont rien compris \u00e0 l\u2019histoire quand ils ne sont pas complices du nouveau d\u00e9sordre mondial.<br \/>\nNous n\u2019avons plus d\u2019autres choix que d\u2019avoir des masses populaires qui comprennent les enjeux et qui s\u2019approprient leur histoire.<br \/>\nParce que l\u2019ennemi du Congo n\u2019est pas Joseph Kabila. Kabila est une marionnette. Les ennemis du Congo op\u00e8rent \u00e0 partir de la communaut\u00e9 occidentale. Si nous n\u2019avons pas la ma\u00eetrise de la bataille des id\u00e9es qui est en train de gagner le monde et l\u2019Afrique aujourd\u2019hui, nous serons encore recolonis\u00e9s.<\/p><\/blockquote>\n<p><strong>Sur la contagion burkinab\u00e8 en RDC<\/strong><\/p>\n<blockquote><p>Le Congo est au c\u0153ur d\u2019enjeux colossaux. N\u2019oublions pas que le Congo est une colonie occidentale. Ce n\u2019est pas la m\u00eame chose avec le Burkina Faso. Qu\u2019est-ce que le Burkina Faso a comme mati\u00e8res premi\u00e8res strat\u00e9giques ? Le coton ? Et puis le Burkina Faso est une colonie de la France, comme plusieurs pays de l\u2019Afrique de l\u2019Ouest parce qu\u2019ils utilisent tous le franc cfa. Or actuellement travaille avec le ma\u00eetre am\u00e9ricain. Ainsi l\u2019Afrique est-elle en train d\u2019\u00eatre recolonis\u00e9e par les Usa qui essaient de pouvoir des alli\u00e9s que sont la France, l\u2019Allemagne, les Pays-Bas, etc.<\/p><\/blockquote>\n<p><strong>Sur la violence en RDC<\/strong><\/p>\n<blockquote><p>Regardez le carnage qu\u2019il y a eu chez nous, le 26 novembre 2011. On a tir\u00e9 sur nos compatriotes \u00e0 bout portant. Personne n\u2019a parl\u00e9 de cela. Imaginez seulement qu\u2019on ait tir\u00e9 sur des citoyens belges ou fran\u00e7ais et qu\u2019un carnage ait eu lieu comme au Congo ? Le monde entier se serait mis debout pour demander que justice soit faite.<br \/>\nRappelez-vous de ce qu\u2019il y a eu chez nous, le 30 d\u00e9cembre 2013. Nos compatriotes ont \u00e9t\u00e9 massacr\u00e9s comme des mouches. Si nous ne comprenons pas que ces massacres, ces assassinats participent de l\u2019approche actuelle que les ma\u00eetres du monde ont du noir : c&#8217;est-\u00e0-dire, une race qui se reproduit facilement, le monde de demain ne sera pas capable de supporter le nombre d\u2019habitants qui est en train de s\u2019imposer aujourd\u2019hui, il faut exterminer le plus possible de gens, et les africains vont payer le prix. Quand on ne comprend pas cela, on s\u2019amuse dans le sable pour \u00eatre demain les n\u00e8gres de service de ceux qui ont pris en conscience la d\u00e9cision de supprimer l\u2019Afrique de la carte du monde.<br \/>\nDieu merci, ils ne sont pas des dieux. Ils vont assister \u00e0 des surprises. Et comprendront que s\u2019ils ne parviennent pas \u00e0 reconna\u00eetre le principe de notre commune humanit\u00e9, c\u2019est eux qui partent perdants. Heureusement, l\u2019Afrique est avertie \u00e0 partir de ces minorit\u00e9s organis\u00e9es et agissantes et elle va organiser sa r\u00e9sistance quoi que cela puisse co\u00fbter.<\/p><\/blockquote>\n<p><strong>Sur la bonne approche \u00e0 adopter pour ce qui est des enjeux congolais<\/strong><\/p>\n<blockquote><p>&#8211; Il faut avoir les yeux ouverts sur ce qui se passe, et chez nous, et \u00e0 travers le monde.<br \/>\n&#8211; Il faut commencer \u00e0 comprendre que si nous ne constituons pas des groupes d\u2019auto-d\u00e9fense populaires, le Congo va \u00eatre extermin\u00e9. Auto-d\u00e9fense populaire ne signifie pas n\u00e9cessairement aller attaquer x ou y. Auto-d\u00e9fense populaire signifie prendre en compte, de mani\u00e8re rationnelle et consciencieuse, le fait que l\u2019extermination du Congo est une d\u00e9cision prise dans certains cercles des Etats profonds des pays de la communaut\u00e9 occidentale. Il faut organiser des groupes d\u2019auto-d\u00e9fense populaires pour r\u00e9sister \u00e0 cette \u00e9puration de la race congolaise qui passe par les n\u00e8gres de service qui sont au pouvoir aujourd\u2019hui. Ce sont les congolais conscients du danger que le pays court qui devront s\u2019adonner ce travail l\u00e0 en essayant de ne pas tout mettre sur la place publique.<br \/>\n&#8211; Nous devons gagner la bataille des id\u00e9es. Ce qui fait beaucoup plus d\u00e9faut au Congo, c\u2019est l\u2019existence de lieux de savoir o\u00f9 les d\u00e9bats des id\u00e9es organis\u00e9s l\u00e0-bas peut-\u00eatre utilis\u00e9 par les gouvernants de fa\u00e7on que les id\u00e9es qui sortent des lieux de savoir congolais puissent \u00eatre utilis\u00e9s pour l\u2019\u00e9mancipation politique, et du Congo et du reste de l\u2019Afrique. Tout ce beau monde nous domine beaucoup plus par l\u2019ignorance que par la force, comme dirait Simon Bolivar. Nous devons partager nos id\u00e9es avec nos masses populaires. Nous devons prot\u00e9ger nos sols, nos terres, notre souverainet\u00e9, notre culture et notre dignit\u00e9 humaine, \u00e0 travers nos id\u00e9es. La meilleure bataille qui doit \u00eatre gagn\u00e9e est d\u2019abord la bataille des id\u00e9es. Si nous ne parvenons pas \u00e0 partager ces id\u00e9es avec nos masses populaires, nous n\u2019aurons rien compris \u00e0 l\u2019histoire et serons \u00e9limin\u00e9s de la surface de la terre.<\/p><\/blockquote>\n<p><strong>Sur la grande mis\u00e8re du Congo<\/strong><\/p>\n<blockquote><p>Prenez Cuba, prenez le Venezuela. Ce sont des pays o\u00f9 le mariage entre l\u2019arm\u00e9e patriotique et le peuple a r\u00e9ussi. Vous ne pouvez pas compter aujourd\u2019hui ce qui reste comme arm\u00e9e \u00e0 Kinshasa pour prot\u00e9ger notre population. Regardez ce qui se passe \u00e0 Beni, on tire \u00e0 bout portant sur nos populations. Mais les populations restent debout et r\u00e9sistent. Le probl\u00e8me est que le reste du pays n\u2019a pas acc\u00e8s \u00e0 ces informations, et donc les autres compatriotes du pays ne peuvent se rallier facilement \u00e0 ceux qui luttent \u00e0 l\u2019Est du pays. C\u2019est \u00e7a la grande mis\u00e8re du Congo. Et les colonisateurs du Congo savent cela. C\u2019est pour cela qu\u2019ils ne permettront pas facilement qu\u2019il y ait du courant en permanence dans tout le Congo. Parce que le jour o\u00f9 ce peuple l\u00e0 qui est majoritairement politis\u00e9 pourra avoir un acc\u00e8s facile au livre, \u00e0 la v\u00e9ritable information, le Congo va changer de fond en comble.<\/p><\/blockquote>\n","protected":false},"excerpt":{"rendered":"<p>L\u2019analyste politique Jean-Pierre Mbelu apporte une lecture g\u00e9opolitique de la fin de pouvoir de Blaise Compaor\u00e9 au Burkina Faso, expose les diff\u00e9rences majeurs entre les situations congolaise et burkinab\u00e8, rappelle qui sont les v\u00e9ritables ennemis du Congo et leurs motivations, propose des pistes actions pour une meilleure approche des enjeux qui nous concernent. Et explique [&hellip;]<\/p>\n","protected":false},"author":1,"featured_media":7041,"comment_status":"open","ping_status":"open","sticky":false,"template":"","format":"standard","meta":{"_acf_changed":false,"content-type":"","footnotes":""},"categories":[107,124],"tags":[],"class_list":["post-7040","post","type-post","status-publish","format-standard","has-post-thumbnail","hentry","category-analyses-commentaires","category-politique-societe"],"acf":[],"_links":{"self":[{"href":"https:\/\/congolobilelo.com\/IN\/wp-json\/wp\/v2\/posts\/7040","targetHints":{"allow":["GET"]}}],"collection":[{"href":"https:\/\/congolobilelo.com\/IN\/wp-json\/wp\/v2\/posts"}],"about":[{"href":"https:\/\/congolobilelo.com\/IN\/wp-json\/wp\/v2\/types\/post"}],"author":[{"embeddable":true,"href":"https:\/\/congolobilelo.com\/IN\/wp-json\/wp\/v2\/users\/1"}],"replies":[{"embeddable":true,"href":"https:\/\/congolobilelo.com\/IN\/wp-json\/wp\/v2\/comments?post=7040"}],"version-history":[{"count":0,"href":"https:\/\/congolobilelo.com\/IN\/wp-json\/wp\/v2\/posts\/7040\/revisions"}],"wp:featuredmedia":[{"embeddable":true,"href":"https:\/\/congolobilelo.com\/IN\/wp-json\/"}],"wp:attachment":[{"href":"https:\/\/congolobilelo.com\/IN\/wp-json\/wp\/v2\/media?parent=7040"}],"wp:term":[{"taxonomy":"category","embeddable":true,"href":"https:\/\/congolobilelo.com\/IN\/wp-json\/wp\/v2\/categories?post=7040"},{"taxonomy":"post_tag","embeddable":true,"href":"https:\/\/congolobilelo.com\/IN\/wp-json\/wp\/v2\/tags?post=7040"}],"curies":[{"name":"wp","href":"https:\/\/api.w.org\/{rel}","templated":true}]}}