{"id":7037,"date":"2014-11-03T08:14:28","date_gmt":"2014-11-03T08:14:28","guid":{"rendered":"http:\/\/www.ingeta.com\/?p=7037"},"modified":"2014-11-03T08:14:28","modified_gmt":"2014-11-03T08:14:28","slug":"burkina-faso-rd-congo-le-congo-est-un-cas-a-part","status":"publish","type":"post","link":"https:\/\/congolobilelo.com\/IN\/burkina-faso-rd-congo-le-congo-est-un-cas-a-part\/","title":{"rendered":"Burkina Faso \u2013 RD Congo : Le Congo est un cas \u00e0 part"},"content":{"rendered":"<p>\t\t\t\tPar <a href=\"http:\/\/www.agoravox.fr\/actualites\/international\/article\/burkina-faso-rd-congo-le-congo-est-158826\" target=\"_blank\" rel=\"noopener\">Boniface Musavuli<\/a><\/p>\n<p>&nbsp;<\/p>\n<p><strong>La chute du pr\u00e9sident Blaise Compaor\u00e9 du Burkina Faso s\u2019est invit\u00e9e dans le d\u00e9bat en cours\u00a0<a href=\"http:\/\/www.mediacongo.net\/show.asp?doc=75892#.VFRIb_mG9tQ\" target=\"_blank\" rel=\"noopener\">en R\u00e9publique D\u00e9mocratique du Congo<\/a>, o\u00f9 les partisans du pr\u00e9sident Joseph Kabila tentent d\u2019assurer son maintien au pouvoir en s\u2019affranchissant des limites de la Constitution actuelle. A Ouagadougou, la population a tout simplement mis fin au d\u00e9bat en chassant le pr\u00e9sident Compaor\u00e9 alors que son mandat courait jusqu\u2019\u00e0 fin 2015. A Kinshasa, la majorit\u00e9 pr\u00e9sidentielle a eu de quoi s\u2019angoisser d\u2019autant plus qu\u2019elle avait d\u00e9p\u00each\u00e9 au Burkina Faso une d\u00e9l\u00e9gation qui devait assister au vote des parlementaires burkinab\u00e8 convoqu\u00e9s\u00a0pour modifier la Constitution. Pour l\u2019anecdote,<a href=\"http:\/\/webcache.googleusercontent.com\/search?q=cache:tp55MbDyM9gJ:7sur7.cd\/new\/revision-andre-atundu-bloque-ouagadougou\/+&amp;cd=1&amp;hl=fr&amp;ct=clnk&amp;gl=fr\" target=\"_blank\" rel=\"noopener\">les d\u00e9l\u00e9gu\u00e9s congolais sont rest\u00e9s bloqu\u00e9s<\/a>\u00a0dans le pays, les nouvelles autorit\u00e9s ayant d\u00e9cr\u00e9t\u00e9 la fermeture des fronti\u00e8res a\u00e9riennes. Le message burkinab\u00e8 ne pouvait pas \u00eatre plus clair.\u00a0<\/strong><\/p>\n<p>Il serait pourtant hasardeux d\u2019envisager un scenario \u00e0 la burkinab\u00e8 sur le sol congolais. M\u00eame si l\u2019hostilit\u00e9 au maintien de Kabila au pouvoir est bien r\u00e9elle, le Congo est dans une situation beaucoup plus complexe. Elle tient essentiellement au\u00a0<strong><em>rapport \u00e0 la violence<\/em><\/strong>\u00a0et \u00e0 l\u2019importance des\u00a0<strong><em>enjeux g\u00e9opolitiques<\/em><\/strong>, avec en toile de fond, le contr\u00f4le des immenses ressources strat\u00e9giques du Congo, et dont les Congolais font les frais.<\/p>\n<p>&nbsp;<\/p>\n<h3>1. Le rapport \u00e0 la violence<\/h3>\n<p>Contrairement au Burkina Faso, la R\u00e9publique D\u00e9mocratique du Congo est un pays d\u00e9vor\u00e9 par des violences arm\u00e9es et une interminable guerre d\u00e9clench\u00e9e en 1996, avec un bilan astronomique de six millions de morts. Les autorit\u00e9s ont moins de scrupule \u00e0 recourir \u00e0 la violence contre la population. Une manifestation pacifique finit facilement dans un bain de sang, une constante confort\u00e9e par l\u2019impunit\u00e9 chronique dont b\u00e9n\u00e9ficient les auteurs de r\u00e9pressions politiques. Les images de Ouagadougou o\u00f9 on voit les manifestants avancer droit sur les forces de l\u2019ordre qui reculent, sont difficiles \u00e0 ramener des rues de Kinshasa. Ici, on tire dans le tas et on passe \u00e0 autre chose.<\/p>\n<p>Il est donc possible que Kabila entreprenne de modifier la Constitution. Il est aussi possible que les Congolais protestent contre une telle d\u00e9cision. Mais ce qui est certain est que, l\u00e0 o\u00f9 les hommes de Compaor\u00e9 se sont abstenus de tirer sur leur population, au point de perdre le pouvoir, les hommes de Kabila n\u2019h\u00e9siteront pas un seul instant.\u00a0Kabila est d\u2019ailleurs au pouvoir \u00e0 l\u2019issue des \u00e9lections chaotiques de 2011 au cours desquels l\u2019arm\u00e9e et la police avaient massacr\u00e9 les opposants, sans \u00e9tat d\u2019\u00e2me, dans les rues de Kinshasa. Cinq ans auparavant, la r\u00e9pression s\u2019\u00e9tait sold\u00e9e par un bilan de plus de mille morts. A c\u00f4t\u00e9 des dirigeants congolais, les dirigeants burkinab\u00e8 peuvent \u00eatre consid\u00e9r\u00e9s comme d\u2019admirables\u00a0<em>\u00ab\u00a0gentlemen\u00a0\u00bb.\u00a0<\/em>Ri<wbr \/>en \u00e0 voir avec leurs homologues de Kinshasa. Les morgues de Ouagadougou auraient \u00e9t\u00e9 pleines et les urgences m\u00e9dicales d\u00e9bord\u00e9es. Et Compaor\u00e9 serait toujours maintenu au pouvoir.<\/p>\n<p>&nbsp;<\/p>\n<h3>2. Les enjeux<\/h3>\n<p>Le Burkina Faso est un pays de 274.200 km\u00b2 et 18.365.123 habitants. Le Congo est huit fois plus grand, quatre fois plus peupl\u00e9 et plus difficile \u00e0 mobiliser. Par ailleurs, l\u2019immensit\u00e9 de ses ressources mini\u00e8res a condamn\u00e9 le Congo, depuis plus d\u2019un si\u00e8cle, \u00e0 \u00eatre la chasse gard\u00e9e des puissances occidentales qui, tant\u00f4t nouent des alliances dans le dos des Congolais, tant\u00f4t s\u2019affrontent par Africains interpos\u00e9s pour le contr\u00f4le des ressources du pays. Ainsi, l\u00e0 o\u00f9 Blaise Compaor\u00e9 n\u2019a besoin que de l\u2019aval des Fran\u00e7ais pour prendre et consolider son pouvoir, Joseph Kabila a besoin d\u2019une demi-douzaine de puissances \u00e9trang\u00e8res pour acc\u00e9der au pouvoir et commencer \u00e0 r\u00e9gner sur le pays<a title=\"\" href=\"http:\/\/www.agoravox.fr\/actualites\/international\/article\/burkina-faso-rd-congo-le-congo-est-158826#_ftn1\" target=\"_blank\" rel=\"nofollow noopener\" name=\"14972ec34cc4678c__ftnref1\">[1]<\/a>, les Am\u00e9ricains ayant le dernier mot.<\/p>\n<p>[su_quote]<\/p>\n<h3>Un pr\u00e9sident au Congo est ainsi au c\u0153ur de trop d\u2019enjeux \u00e9conomiques et g\u00e9opolitiques pour \u00eatre renvers\u00e9 par des manifestants, et les Congolais en ont pris conscience. Ils savent que si les partisans de Joseph Kabila entreprennent s\u00e9rieusement de modifier la Constitution, c\u2019est qu\u2019ils auront obtenu l\u2019aval des Am\u00e9ricains et des Europ\u00e9ens, et que toute forme de r\u00e9sistance sera \u00e9cras\u00e9e dans le sang, les capitales occidentales se limitant aux condamnations du bout des l\u00e8vres.<\/h3>\n<p>[\/su_quote]<\/p>\n<p>Un pr\u00e9sident au Congo est ainsi au c\u0153ur de trop d\u2019enjeux \u00e9conomiques et g\u00e9opolitiques pour \u00eatre renvers\u00e9 par des manifestants, et les Congolais en ont pris conscience. Ils savent que si les partisans de Joseph Kabila entreprennent s\u00e9rieusement de modifier la Constitution, c\u2019est qu\u2019ils auront obtenu l\u2019aval des Am\u00e9ricains et des Europ\u00e9ens, et que toute forme de r\u00e9sistance sera \u00e9cras\u00e9e dans le sang,\u00a0les capitales occidentales se limitant aux condamnations du bout des l\u00e8vres. Il est donc possible qu\u2019on ne puisse jamais voir des manifestants congolais aussi nombreux et d\u00e9termin\u00e9s que les Burkinab\u00e8.<\/p>\n<p>L\u2019histoire particuli\u00e8re du Congo, qui devrait se r\u00e9p\u00e9ter, est que ses trois derniers pr\u00e9sidents (Mobutu Sese Seko, Laurent-D\u00e9sir\u00e9 Kabila et Joseph Kabila) ont tous \u00e9t\u00e9 impos\u00e9s de l\u2019ext\u00e9rieur, \u00e0 chaque fois dans des sc\u00e9narios o\u00f9 le rapport de force tournait syst\u00e9matiquement en d\u00e9faveur du peuple congolais<a title=\"\" href=\"http:\/\/www.agoravox.fr\/actualites\/international\/article\/burkina-faso-rd-congo-le-congo-est-158826#_ftn2\" target=\"_blank\" rel=\"nofollow noopener\" name=\"14972ec34cc4678c__ftnref2\">[2]<\/a>. L\u2019assassinat de Patrice Lumumba est rest\u00e9 comme le symbole de la d\u00e9faite des masses populaires congolaises face \u00e0 la puissance des oligarchies occidentales qui siphonnent les richesses du pays et d\u00e9cident de qui doit gouverner et pour combien de temps.<\/p>\n<p>&nbsp;<\/p>\n<h3>3. Les pouvoirs du pr\u00e9sident<\/h3>\n<p>Le pr\u00e9sident Compaor\u00e9, comme quasiment tous les autres pr\u00e9sidents africains, \u00e9tait, pour ainsi dire, le seul ma\u00eetre \u00e0 bord. Il \u00e9tait, dans son pays, la seule autorit\u00e9 supr\u00eame, le seul chef des arm\u00e9es, le seul chef des administrations. Rien \u00e0 voir avec le Congo o\u00f9 le pr\u00e9sident Kabila n\u2019exerce, en r\u00e9alit\u00e9, qu\u2019un pouvoir limit\u00e9 sur le pays. Le poids de la Mission de l\u2019ONU au Congo (la Monusco) est tel que le Repr\u00e9sentant du Secr\u00e9taire g\u00e9n\u00e9ral de l\u2019ONU au Congo, Martin Kobler<a title=\"\" href=\"http:\/\/www.agoravox.fr\/actualites\/international\/article\/burkina-faso-rd-congo-le-congo-est-158826#_ftn3\" target=\"_blank\" rel=\"nofollow noopener\" name=\"14972ec34cc4678c__ftnref3\">[3]<\/a>, appara\u00eet parfois comme le v\u00e9ritable pr\u00e9sident de la R\u00e9publique. Pendant ce temps, le Ra\u00efs continue d\u2019\u00eatre l\u2019objet de la\u00a0m\u00e9fiance des franges enti\u00e8res des Congolais du fait de ses liens opaques avec le r\u00e9gime rwandais de Paul Kagame, ce qui s\u2019est traduit par une forme d\u2019\u00e9loignement des masses populaires congolaises vis-\u00e0-vis de sa personne.<\/p>\n<p>Une configuration comme celle-l\u00e0 est telle que la population peine \u00e0 identifier et \u00e0 se focaliser sur un responsable de ses malheurs. Ainsi, au Congo, on manifeste plus souvent contre l\u2019ONU, accus\u00e9e d\u2019inefficacit\u00e9, que contre le pr\u00e9sident Kabila dont l\u2019influence sur le cours des choses est assez faible compar\u00e9 \u00e0 la carrure de ses deux pr\u00e9d\u00e9cesseurs (Mobutu, Laurent-D\u00e9sir\u00e9 Kabila)<a title=\"\" href=\"http:\/\/www.agoravox.fr\/actualites\/international\/article\/burkina-faso-rd-congo-le-congo-est-158826#_ftn4\" target=\"_blank\" rel=\"nofollow noopener\" name=\"14972ec34cc4678c__ftnref4\">[4]<\/a>. Comment donc mobiliser des masses populaires contre un pr\u00e9sident aussi peu pr\u00e9sent et dont on sait qu\u2019il n\u2019est pas la\u00a0<em>\u00ab\u00a0pi\u00e8ce ma\u00eetresse\u00a0\u00bb<\/em>\u00a0du syst\u00e8me contest\u00e9\u00a0? Car, au final, une r\u00e9volution n\u2019a de sens que si elle affecte les int\u00e9r\u00eats des\u00a0<em>\u00ab\u00a0acteurs majeurs\u00a0\u00bb<\/em>\u00a0du syst\u00e8me \u00e0 abattre. Kabila a sa part de responsabilit\u00e9, mais il est de notori\u00e9t\u00e9 publique qu\u2019il n\u2019est pas au centre du\u00a0<em>\u00ab\u00a0syst\u00e8me\u00a0\u00bb<\/em>\u00a0qui fait mal aux Congolais.<\/p>\n<p>&nbsp;<\/p>\n<h3>4. M\u00e9fiez-vous des r\u00e9volutions<\/h3>\n<p>Il faudra du temps pour comprendre ce qu\u2019il en est de la r\u00e9volution burkinab\u00e8 qui fait d\u00e9j\u00e0 face \u00e0<a href=\"http:\/\/tempsreel.nouvelobs.com\/monde\/20141101.OBS3841\/burkina-faso-un-colonel-se-proclame-chef-de-l-etat.html\" target=\"_blank\" rel=\"nofollow noopener\">des dissensions dans les rangs de l\u2019arm\u00e9e<\/a>. S\u2019il ne s\u2019agit, pour un peuple, que de se d\u00e9barrasser d\u2019un pr\u00e9sident dont on ne veut plus, c\u2019est fait \u00e0 Ouagadougou et \u00e7a peut se faire \u00e0 Kinshasa demain. Mais le plus important dans une r\u00e9volution est que les r\u00e9volutionnaires soient en capacit\u00e9 de ma\u00eetriser les enjeux et les agendas dont ils vont h\u00e9riter au lendemain du\u00a0<em>\u00ab\u00a0grand soir\u00a0\u00bb<\/em>. Bien des r\u00e9volutions, si pas toutes, ont d\u00e9bouch\u00e9 sur des lendemains qui d\u00e9chantent. Pour rappel, des quatre pays qui ont \u00e9t\u00e9 les plus touch\u00e9s par le printemps arabe, seule la Tunisie semble s\u2019en \u00eatre bien sortie<a title=\"\" href=\"http:\/\/www.agoravox.fr\/actualites\/international\/article\/burkina-faso-rd-congo-le-congo-est-158826#_ftn5\" target=\"_blank\" rel=\"nofollow noopener\" name=\"14972ec34cc4678c__ftnref5\">[5]<\/a>. Parce que lorsqu\u2019une r\u00e9volution \u00e9clate dans un pays, les dirigeants du reste du monde prennent des pr\u00e9cautions. Le mouvement ne sera jamais \u00e0 l\u2019identique d\u2019un pays \u00e0 l\u2019autre.<\/p>\n<p>[su_quote]<\/p>\n<h3>Bref, si au lendemain d\u2019une r\u00e9volution populaire qui verrait le d\u00e9part de Joseph Kabila, \u00e0 l\u2019instar de Blaise Compaor\u00e9, une arm\u00e9e comme celle-l\u00e0 prenait le contr\u00f4le du pouvoir \u00e0 Kinshasa, \u00e7a ne sera gu\u00e8re le bout du tunnel. Il y a un risque bien r\u00e9el que l\u2019\u00e9tat-major soit compos\u00e9 des haut-grad\u00e9s rwandais et ougandais, et que le Congo continue d\u2019\u00eatre pilot\u00e9 de l\u2019ext\u00e9rieur.<\/h3>\n<p>[\/su_quote]<\/p>\n<p>Il serait bien na\u00eff de croire que les faiseurs de rois occidentaux n\u2019ont pas encore anticip\u00e9 le sc\u00e9nario d\u2019un soul\u00e8vement des Congolais contre le pouvoir de Joseph Kabila. Et si \u00e0 l\u2019issue d\u2019un tel soul\u00e8vement \u00e0 Kinshasa, l\u2019arm\u00e9e congolaise prenait le contr\u00f4le du pouvoir, \u00e0 l\u2019instar de ce qui se passe \u00e0 Ouagadougou, ce sera la marche vers l\u2019inconnu. En effet, l\u2019arm\u00e9e congolaise a la particularit\u00e9 d\u2019\u00eatre une arm\u00e9e noyaut\u00e9 et gangren\u00e9e par une multitude d\u2019agents \u00e9trangers<em>(essentiellement rwandais et ougandais)<\/em>, cons\u00e9quence des deux d\u00e9cennies de guerres d\u2019agression, des accords secrets et d\u2019int\u00e9grations massive d\u2019individus de toute sorte dans les structures de commandement de l\u2019arm\u00e9e. Dans son ouvrage\u00a0<em>\u00ab\u00a0Les arm\u00e9es au Congo\u00a0\u00bb<a title=\"\" href=\"http:\/\/www.agoravox.fr\/actualites\/international\/article\/burkina-faso-rd-congo-le-congo-est-158826#_ftn6\" target=\"_blank\" rel=\"nofollow noopener\" name=\"14972ec34cc4678c__ftnref6\"><strong>[6]<\/strong><\/a><\/em>, Jean-Jacques Wondo d\u00e9crit ce fl\u00e9au avec beaucoup de gravit\u00e9. En mai dernier, le\u00a0<a href=\"https:\/\/www.youtube.com\/watch?v=_MCDynJsetc\" target=\"_blank\" rel=\"nofollow noopener\">colonel Mankesi<\/a>, parti en exil, avait fait publier des r\u00e9v\u00e9lations alarmantes sur l\u2019ampleur des infiltrations en masse dans les rangs des FARDC<a title=\"\" href=\"http:\/\/www.agoravox.fr\/actualites\/international\/article\/burkina-faso-rd-congo-le-congo-est-158826#_ftn7\" target=\"_blank\" rel=\"nofollow noopener\" name=\"14972ec34cc4678c__ftnref7\">[7]<\/a>\u00a0<em>(l\u2019arm\u00e9e nationale congolaise)<\/em>.<\/p>\n<p>Et dans la perspective de 2016, une force surnomm\u00e9e\u00a0<em>\u00ab\u00a0L\u00e9gion rwandophone\u00a0\u00bb<\/em>\u00a0devrait prendre position entre l\u2019a\u00e9roport de Ndjili et la ferme de Kingakati sous le commandement du g\u00e9n\u00e9ral Gabriel Amisi. L\u2019unit\u00e9 devrait \u00eatre constitu\u00e9e de soldats exclusivement\u00a0<a href=\"http:\/\/www.congoindependant.com\/article.php?articleid=9235\" target=\"_blank\" rel=\"nofollow noopener\">rwandophones<\/a><a title=\"\" href=\"http:\/\/www.agoravox.fr\/actualites\/international\/article\/burkina-faso-rd-congo-le-congo-est-158826#_ftn8\" target=\"_blank\" rel=\"nofollow noopener\" name=\"14972ec34cc4678c__ftnref8\">[8]<\/a>\u00a0<wbr \/>en mission pour r\u00e9primer les opposants. Une arm\u00e9e dans l\u2019arm\u00e9e.<\/p>\n<p>Bref, si au lendemain d\u2019une r\u00e9volution populaire qui verrait le d\u00e9part de Joseph Kabila, \u00e0 l\u2019instar de Blaise Compaor\u00e9, une arm\u00e9e comme celle-l\u00e0 prenait le contr\u00f4le du pouvoir \u00e0 Kinshasa, \u00e7a ne sera gu\u00e8re le bout du tunnel. Il y a un risque bien r\u00e9el que l\u2019\u00e9tat-major soit compos\u00e9 des haut-grad\u00e9s rwandais et ougandais, et que le Congo continue d\u2019\u00eatre pilot\u00e9 de l\u2019ext\u00e9rieur. Il y a \u00e9galement un risque de voir le pays sombrer dans des batailles rang\u00e9es entre unit\u00e9s de l\u2019arm\u00e9e selon les affinit\u00e9s des officiers dont la loyaut\u00e9 \u00e0 la nation congolaise ne rassure gu\u00e8re. Le peuple aura men\u00e9 sa r\u00e9volution mais les fondamentaux du syst\u00e8me qu\u2019il s\u2019agissait d\u2019abattre seront, soit maintenus en l\u2019\u00e9tat, soit contest\u00e9s de mani\u00e8re chaotique.<\/p>\n<p>Autrement dit, une r\u00e9volution pour rien.<\/p>\n<p>&nbsp;<\/p>\n<p><strong><em>Boniface MUSAVULI<\/em><\/strong><\/p>\n<div>\n<hr size=\"1\" \/>\n<div>\n<p><a title=\"\" href=\"http:\/\/www.agoravox.fr\/actualites\/international\/article\/burkina-faso-rd-congo-le-congo-est-158826#_ftnref1\" target=\"_blank\" rel=\"nofollow noopener\" name=\"14972ec34cc4678c__ftn1\">[1]<\/a>\u00a0Pierre P\u00e9an voit dans l\u2019accession de Joseph Kabila au pouvoir la main des Am\u00e9ricains sous la pr\u00e9sidence de George Bush, des Fran\u00e7ais sous la pr\u00e9sidence de Jacques Chirac, des Belges et des Rwandais (Paul Kagame). Cf. P. PEAN,\u00a0<em>Carnages \u2013 Les guerres secr\u00e8tes des grandes puissances en Afrique<\/em>, \u00c9d. Fayard, 2010, p. 418.<\/p>\n<\/div>\n<div>\n<p><a title=\"\" href=\"http:\/\/www.agoravox.fr\/actualites\/international\/article\/burkina-faso-rd-congo-le-congo-est-158826#_ftnref2\" target=\"_blank\" rel=\"nofollow noopener\" name=\"14972ec34cc4678c__ftn2\">[2]<\/a>\u00a0Des quatre pr\u00e9sidents qui se sont succ\u00e9d\u00e9 \u00e0 la t\u00eate du Congo, trois ont \u00e9t\u00e9 plac\u00e9s au pouvoir par les Etats-Unis, usant de moyens d\u00e9tourn\u00e9s (Mobutu gr\u00e2ce au coup d\u2019Etat de 1965 organis\u00e9 par la CIA, Laurent-D\u00e9sir\u00e9 Kabila \u00e0 l\u2019issue de la guerre de l\u2019Afdl orchestr\u00e9e par les Am\u00e9ricains et les Britanniques et Joseph Kabila). Seul Joseph Kasa-Vubu, le premier pr\u00e9sident, a acc\u00e9d\u00e9 au pouvoir \u00e0 l\u2019issue d\u2019une \u00e9lection d\u00e9mocratique.<\/p>\n<\/div>\n<div>\n<p><a title=\"\" href=\"http:\/\/www.agoravox.fr\/actualites\/international\/article\/burkina-faso-rd-congo-le-congo-est-158826#_ftnref3\" target=\"_blank\" rel=\"nofollow noopener\" name=\"14972ec34cc4678c__ftn3\">[3]<\/a>\u00a0Diplomate allemand.<\/p>\n<\/div>\n<div>\n<p><a title=\"\" href=\"http:\/\/www.agoravox.fr\/actualites\/international\/article\/burkina-faso-rd-congo-le-congo-est-158826#_ftnref4\" target=\"_blank\" rel=\"nofollow noopener\" name=\"14972ec34cc4678c__ftn4\">[4]<\/a>\u00a0Quel que soit le jugement qu\u2019on est en droit de porter sur les politiques men\u00e9es par les deux pr\u00e9sidents.<\/p>\n<\/div>\n<div>\n<p><a title=\"\" href=\"http:\/\/www.agoravox.fr\/actualites\/international\/article\/burkina-faso-rd-congo-le-congo-est-158826#_ftnref5\" target=\"_blank\" rel=\"nofollow noopener\" name=\"14972ec34cc4678c__ftn5\">[5]<\/a>\u00a0Les Egyptiens se sont retrouv\u00e9s dans une impasse apr\u00e8s que les Fr\u00e8res musulmans ont mis en minorit\u00e9 des r\u00e9volutionnaires la\u00efcs. L\u2019arm\u00e9e en a profit\u00e9 pour reprendre le contr\u00f4le du pays. En Libye, les manifestants ont offert un pr\u00e9texte \u00e0 l\u2019Otan pour bombarder le pays et \u00e9liminer Kadhafi. Sc\u00e9nario qui aurait pu \u00eatre identique en Syrie si Vladimir Poutine n\u2019avait pas vol\u00e9 au secours du gouvernement syrien.<\/p>\n<\/div>\n<div>\n<p><a title=\"\" href=\"http:\/\/www.agoravox.fr\/actualites\/international\/article\/burkina-faso-rd-congo-le-congo-est-158826#_ftnref6\" target=\"_blank\" rel=\"nofollow noopener\" name=\"14972ec34cc4678c__ftn6\">[6]<\/a>\u00a0JJ. Wondo,\u00a0<em>Les arm\u00e9es au Congo-Kinshasa \u2013 Radioscopie de la Force Publique aux FARDC<\/em>, Ed. Monde Nouveau\/Afrique Nouvelle, Saint-L\u00e9gier\u00a0<em>(Suisse)<\/em>, Avril 2013.<\/p>\n<\/div>\n<div>\n<p><a title=\"\" href=\"http:\/\/www.agoravox.fr\/actualites\/international\/article\/burkina-faso-rd-congo-le-congo-est-158826#_ftnref7\" target=\"_blank\" rel=\"nofollow noopener\" name=\"14972ec34cc4678c__ftn7\">[7]<\/a>\u00a0<em>\u00ab\u00a0Les r\u00e9v\u00e9lations du Colonel Mankesi sur l\u2019infiltration des FARDC\u00a0\u00bb<\/em>, <a href=\"http:\/\/desc-wondo.org\/\" target=\"_blank\" rel=\"noopener\">desc-wondo.org<\/a>, 15 mai 2014.<\/p>\n<\/div>\n<div>\n<p><a title=\"\" href=\"http:\/\/www.agoravox.fr\/actualites\/international\/article\/burkina-faso-rd-congo-le-congo-est-158826#_ftnref8\" target=\"_blank\" rel=\"nofollow noopener\" name=\"14972ec34cc4678c__ftn8\">[8]<\/a>\u00a0C\u2019est un euph\u00e9misme pour d\u00e9signer la\u00a0<em>\u00ab\u00a0cinqui\u00e8me colonne\u00a0\u00bb<\/em>\u00a0des arm\u00e9es rwandaises et ougandaises au Congo.<\/p>\n<\/div>\n<\/div>\n","protected":false},"excerpt":{"rendered":"<p>Par Boniface Musavuli &nbsp; La chute du pr\u00e9sident Blaise Compaor\u00e9 du Burkina Faso s\u2019est invit\u00e9e dans le d\u00e9bat en cours\u00a0en R\u00e9publique D\u00e9mocratique du Congo, o\u00f9 les partisans du pr\u00e9sident Joseph Kabila tentent d\u2019assurer son maintien au pouvoir en s\u2019affranchissant des limites de la Constitution actuelle. A Ouagadougou, la population a tout simplement mis fin au [&hellip;]<\/p>\n","protected":false},"author":1,"featured_media":7038,"comment_status":"open","ping_status":"open","sticky":false,"template":"","format":"standard","meta":{"_acf_changed":false,"content-type":"","footnotes":""},"categories":[107,124],"tags":[],"class_list":["post-7037","post","type-post","status-publish","format-standard","has-post-thumbnail","hentry","category-analyses-commentaires","category-politique-societe"],"acf":[],"_links":{"self":[{"href":"https:\/\/congolobilelo.com\/IN\/wp-json\/wp\/v2\/posts\/7037","targetHints":{"allow":["GET"]}}],"collection":[{"href":"https:\/\/congolobilelo.com\/IN\/wp-json\/wp\/v2\/posts"}],"about":[{"href":"https:\/\/congolobilelo.com\/IN\/wp-json\/wp\/v2\/types\/post"}],"author":[{"embeddable":true,"href":"https:\/\/congolobilelo.com\/IN\/wp-json\/wp\/v2\/users\/1"}],"replies":[{"embeddable":true,"href":"https:\/\/congolobilelo.com\/IN\/wp-json\/wp\/v2\/comments?post=7037"}],"version-history":[{"count":0,"href":"https:\/\/congolobilelo.com\/IN\/wp-json\/wp\/v2\/posts\/7037\/revisions"}],"wp:featuredmedia":[{"embeddable":true,"href":"https:\/\/congolobilelo.com\/IN\/wp-json\/"}],"wp:attachment":[{"href":"https:\/\/congolobilelo.com\/IN\/wp-json\/wp\/v2\/media?parent=7037"}],"wp:term":[{"taxonomy":"category","embeddable":true,"href":"https:\/\/congolobilelo.com\/IN\/wp-json\/wp\/v2\/categories?post=7037"},{"taxonomy":"post_tag","embeddable":true,"href":"https:\/\/congolobilelo.com\/IN\/wp-json\/wp\/v2\/tags?post=7037"}],"curies":[{"name":"wp","href":"https:\/\/api.w.org\/{rel}","templated":true}]}}