{"id":7034,"date":"2014-11-02T23:47:10","date_gmt":"2014-11-02T23:47:10","guid":{"rendered":"http:\/\/www.ingeta.com\/?p=7034"},"modified":"2014-11-02T23:47:10","modified_gmt":"2014-11-02T23:47:10","slug":"le-congo-kinshasa-va-davantage-etre-mis-a-feu-et-a-sang","status":"publish","type":"post","link":"https:\/\/congolobilelo.com\/IN\/le-congo-kinshasa-va-davantage-etre-mis-a-feu-et-a-sang\/","title":{"rendered":"Le Congo-Kinshasa va davantage \u00eatre mis \u00e0 feu et \u00e0 sang !"},"content":{"rendered":"<p>\t\t\t\tPar Jean-Pierre Mbelu<\/p>\n<p><strong>La soif de voir le Congo-Kinshasa devenir un pays \u2018\u2019normal\u2019\u2019 poussent plusieurs Congolais(es) \u00e0 admirer ou envier ce qui se passe chez autrui. Souvent, sans une bonne analyse des enjeux politiques et strat\u00e9giques face auxquels leur pays est plac\u00e9. Certains parmi eux choisissent m\u00eame d\u2019ignorer l\u2019histoire et de ne pas se livrer \u00e0 une analyse s\u00e9rieuse de l\u2019actualit\u00e9 d\u2019un pays mis par la communaut\u00e9 occidentale sous la tutelle de l\u2019ONU.<\/strong><\/p>\n<p>La r\u00e9sistance congolaise continue \u00e0 faire mouche. Selon nos sources au pays et dans la communaut\u00e9 occidentale, les trois \u2018\u2019K\u2019\u2019 en sont conscients et s\u2019appr\u00eatent \u00e0 passer \u00e0 la vitesse sup\u00e9rieure. Ils tiennent \u00e0 mettre davantage le Congo-Kinshasa \u00e0 feu et \u00e0 sang. Cela avec le concours des \u2018\u2019acteurs pl\u00e9niers\u2019\u2019 estimant que la terre ne saura pas d\u2019ici-l\u00e0 supporter les milliards d\u2019habitants qui sont en train de la peupler. Les d\u00e9monstrations des assassinats et massacres de Beni sont l\u2019expression du d\u00e9but de ce que plusieurs des villages, villes, cit\u00e9s et provinces congolais vont de plus en plus subir. La r\u00e9sistance op\u00e9rant \u00e0 partir du pays est cibl\u00e9e. Les agents des trois \u2018\u2019K\u2019\u2019 sont en train d\u2019organiser un \u2018\u2019mercenariat\u2019\u2019 devant aboutir \u00e0 mettre le Congo-Kinshasa \u00e0 genou avant qu\u2019il ne demande \u00e0 ses pyromanes de redevenir ses pompiers.<\/p>\n<h3>Le mod\u00e8le congolais a pr\u00e9c\u00e9d\u00e9 &#8220;le burkinab\u00e8&#8221;<\/h3>\n<p>L\u2019exemple burkinab\u00e9 pourra-t-il servir de recours au Congo-Kinshasa ? Ce n\u2019est pas tr\u00e8s s\u00fbr. Pour cause. Le mod\u00e8le congolais a pr\u00e9c\u00e9d\u00e9 \u2018\u2019le burkinab\u00e9\u2019\u2019. Le 16 f\u00e9vrier 1992, les chr\u00e9tiens \u00e9taient dans la rue. Plusieurs d\u2019entre eux ont pay\u00e9 de leur vie avant que Mobutu, malade, ne soit disqualifi\u00e9 par ceux qui en avaient fait \u2018\u2019leur n\u00e8gre de service\u2019\u2019 avant et apr\u00e8s l\u2019assassinat de Lumumba le 17 janvier 1961. Il est curieux que ceux qui parlent de fin de la dictature de Blaise Compaor\u00e9 n\u2019arrivent pas \u00e0 dire \u00e0 une haute et audible voix qui en avait fait dictateur apr\u00e8s qu\u2019il ait trahi et assassin\u00e9 son ami, \u2018\u2019le tout grand Sankara\u2019\u2019.<\/p>\n<p>Plusieurs compatriotes congolais \u00e9pris du mod\u00e8le \u2018\u2019burkinab\u00e9\u2019\u2019 font comme s\u2019ils ne savaient pas que plusieurs pays de l\u2019Afrique de l\u2019Ouest appartenant \u00e0 la zone CFA sont sous le giron fran\u00e7ais. Et que rien ne peut arriver \u00e0 l\u2019un ou l\u2019autre pr\u00e9sident ces pays sans le consentement implicite et explicite de la France. L\u2019instrumentalisation de la population par les partis politiques d\u2019une opposition coach\u00e9e par \u2018\u2019les partenaires ext\u00e9rieurs\u2019\u2019 ne signifie pas n\u00e9cessairement que \u2018\u2019le printemps noir\u2019\u2019 a eu lieu au pays des \u2018\u2019hommes int\u00e8gres\u2019\u2019. Non. Il est possible que les choses se clarifient d\u2019un moment \u00e0 l\u2019autre. D\u2019ailleurs, certains Burkinab\u00e9 parlent d\u00e9j\u00e0 d\u2019une r\u00e9volution sans ambition fond\u00e9e sur une escroquerie d\u00e9nomm\u00e9e \u2018\u2019d\u00e9mocratie\u2019\u2019[1].<\/p>\n<p>[su_quote]<\/p>\n<h3>L\u2019exemple burkinab\u00e9 pourra-t-il servir de recours au Congo-Kinshasa ? Ce n\u2019est pas tr\u00e8s s\u00fbr. Pour cause. Le mod\u00e8le congolais a pr\u00e9c\u00e9d\u00e9 \u2018\u2019le burkinab\u00e9\u2019\u2019. Le 16 f\u00e9vrier 1992, les chr\u00e9tiens \u00e9taient dans la rue. Plusieurs d\u2019entre eux ont pay\u00e9 de leur vie.<\/h3>\n<p>[\/su_quote]<\/p>\n<p>Les acteurs pl\u00e9niers de cette mise en sc\u00e8ne politique pourraient \u00eatre connus. En politique africaine, \u2018\u2019l\u2019essentiel est invisible pour les yeux\u2019\u2019. En principe, un fait politique facilement m\u00e9diatis\u00e9 par \u2018\u2019les journalistes dominants\u2019\u2019 sur le continent africain devrait \u00eatre pris avec des pincettes.<\/p>\n<p>Croire facilement que le mod\u00e8le \u2018\u2019burkinab\u00e9\u2019\u2019 pourrait \u00eatre r\u00e9\u00e9dit\u00e9e au Congo-Kinshasa pourrait relever de la na\u00efvet\u00e9. Cela pour certaines raisons \u00e9videntes. Les enjeux strat\u00e9giques congolais sont colossaux. Le Congo-Kinshasa n\u2019est pas gouvern\u00e9 par l\u2019un des \u2018\u2019K\u2019\u2019. Non. \u2018\u2019Ye, aza mwan\u2019 a bitinda\u2019\u2019. Il est, avec les deux autres \u2018\u2019K\u2019\u2019 sur les chantiers o\u00f9 \u2018\u2019les faiseurs des rois\u2019\u2019 ne veulent pas se manifester au grand jour par peur de leur opinion publique. Il est \u2018\u2019la petite main\u2019\u2019 de ceux qui, pendant la Guerre de Vietnam, soutenaient que \u2018\u2019tuer \u00e9tait leur affaire\u2019\u2019. En effet, \u2018\u2019pendant la Guerre de Vietnam, au dessus de l\u2019entr\u00e9e d\u2019une base am\u00e9ricaine on pouvait lire : \u00ab Killing is Our Business, and Business is Good. \u00bb (\u00ab Tuer c\u2019est notre affaire, et les affaires marchent fort \u00bb).<\/p>\n<h3>Ce syst\u00e8me de la mort n\u2019est pas infaillible<\/h3>\n<p>Et en effet, les affaires marchaient vraiment tr\u00e8s fort au Vietnam (de m\u00eame qu\u2019au Cambodge, au Laos ou en Cor\u00e9e), o\u00f9 on comptait par millions le nombre de civils tu\u00e9s. \u00bb Longtemps apr\u00e8s tous ces pays, un documentaire de la BBC[2] est venu r\u00e9v\u00e9ler, apr\u00e8s plusieurs autres documents que l\u2019objectif majeur de la guerre commenc\u00e9e par les deux \u2018\u2019K\u2019\u2019 en Ouganda et au Rwanda \u00e9tait le Congo-Kinshasa. Depuis bient\u00f4t deux d\u00e9cennies, \u2018\u2019les affaires marchent fort\u2019\u2019 dans ce pays o\u00f9 les Etats profonds occidentaux men\u00e9s par \u2018\u2019le surgeon US\u2019\u2019 tiennent \u00e0 contr\u00f4ler et \u00e0 faire main basse sur les mati\u00e8res premi\u00e8res strat\u00e9giques en offrant au FPR, par son implosion et sa balkanisation, la possibilit\u00e9 d\u2019avoir \u2018\u2019un Etat F\u00e9d\u00e9ral\u2019\u2019 dans les Kivus. Croire que les partis politiques coach\u00e9s par les suppl\u00e9tifs de la CIA vont conduire nos populations \u00e0 s\u2019autod\u00e9terminer rel\u00e8ve des id\u00e9es chim\u00e9riques.<\/p>\n<p>Gagner la lutte de la commune \u00e9mancipation politique des Congolais(es) au niveau de l\u2019identification des acteurs pl\u00e9niers et de leur mode op\u00e9ratoire nous semble \u00eatre un pr\u00e9alable indispensable \u00e0 tout changement en profondeur au Congo-Kinshasa. Sans ce pr\u00e9alable, ce pays aura toujours \u00e0 sa t\u00eate un \u2018\u2019n\u00e8gre de service\u2019\u2019 de ceux qui ont fait de tuer leur business. Ils sont adeptes du malthusianisme. Ils se moquent des droits de l\u2019homme et de la d\u00e9mocratie. Pour eux, ce sont des \u2018\u2019objectifs vagues et irr\u00e9els\u2019\u2019, des \u2018\u2019slogans id\u00e9alistes\u2019\u2019.<\/p>\n<p>N\u00e9anmoins, ce syst\u00e8me de la mort n\u2019est pas infaillible. Il a plusieurs failles que certains peuples souverains exploitent pour s\u2019en \u00e9loigner et travailler \u00e0 l\u2019av\u00e8nement d\u2019un monde polycentr\u00e9. Le dernier discours de Poutine au club Valda\u00ef[3] contient des id\u00e9es pouvant aider \u00e0 le comprendre davantage pour mieux le combattre. A notre humble avis, toute r\u00e9volution men\u00e9e sans une bonne ma\u00eetrise et un bon partage des pens\u00e9es et des id\u00e9ologies dominantes au c\u0153ur du syst\u00e8me qui la porte ressemble \u00e0 un feu de paille. La clairvoyance de Boniface Musavuli[4] sur cette question se passe de tout commentaire. Le Congo-Kinshasa, au niveau de ses v\u00e9ritables \u00e9lites intellectuelles et politiques, a encore du boulot \u00e0 abattre avant que les trois \u2018\u2019Ka\u2019\u2019 ne le re-enfoncent dans un grand bain de sang.<\/p>\n<p>&nbsp;<\/p>\n<p><em>Mbelu Babanya Kabudi<\/em><\/p>\n<hr align=\"left\" size=\"1\" width=\"33%\" \/>\n<div>\n<div><a title=\"\" name=\"14970c58bcd38f71__ftn1\"><\/a>[1] <a href=\"http:\/\/eburnienews.net\/burkina-faso-une-revolution-sans-ambition-la-revolution-permanente-n005121014\/\" target=\"_blank\" rel=\"noopener\">http:\/\/eburnienews.net\/<wbr \/>burkina-faso-une-revolution-<wbr \/>sans-ambition-la-revolution-<wbr \/>permanente-n005121014\/<\/a><\/div>\n<\/div>\n<div>\n<div><a title=\"\" name=\"14970c58bcd38f71__ftn2\"><\/a>[2] <a href=\"http:\/\/www.vigile.net\/La-BBC-confirme-la-macabre\" target=\"_blank\" rel=\"noopener\">http:\/\/www.vigile.net\/La-BBC-<wbr \/>confirme-la-macabre<\/a><\/div>\n<\/div>\n<div>\n<div><a title=\"\" name=\"14970c58bcd38f71__ftn3\"><\/a>[3] <a href=\"http:\/\/www.francoisasselineau.fr\/2014\/10\/les-enseignements-du-tres-important.html\" target=\"_blank\" rel=\"noopener\">http:\/\/www.francoisasselineau.<wbr \/>fr\/2014\/10\/les-enseignements-<wbr \/>du-tres-important.html<\/a><\/div>\n<\/div>\n<div>\n<div><a title=\"\" name=\"14970c58bcd38f71__ftn4\"><\/a>[4] <a href=\"http:\/\/www.agoravox.fr\/actualites\/international\/article\/burkina-faso-rd-congo-le-congo-est-158826\" target=\"_blank\" rel=\"noopener\">Burkina Faso \u2013 RD Congo : Le Congo est un cas \u00e0 part<\/a><\/div>\n<\/div>\n","protected":false},"excerpt":{"rendered":"<p>Par Jean-Pierre Mbelu La soif de voir le Congo-Kinshasa devenir un pays \u2018\u2019normal\u2019\u2019 poussent plusieurs Congolais(es) \u00e0 admirer ou envier ce qui se passe chez autrui. Souvent, sans une bonne analyse des enjeux politiques et strat\u00e9giques face auxquels leur pays est plac\u00e9. Certains parmi eux choisissent m\u00eame d\u2019ignorer l\u2019histoire et de ne pas se livrer [&hellip;]<\/p>\n","protected":false},"author":1,"featured_media":7036,"comment_status":"open","ping_status":"open","sticky":false,"template":"","format":"standard","meta":{"_acf_changed":false,"content-type":"","footnotes":""},"categories":[107,124],"tags":[],"class_list":["post-7034","post","type-post","status-publish","format-standard","has-post-thumbnail","hentry","category-analyses-commentaires","category-politique-societe"],"acf":[],"_links":{"self":[{"href":"https:\/\/congolobilelo.com\/IN\/wp-json\/wp\/v2\/posts\/7034","targetHints":{"allow":["GET"]}}],"collection":[{"href":"https:\/\/congolobilelo.com\/IN\/wp-json\/wp\/v2\/posts"}],"about":[{"href":"https:\/\/congolobilelo.com\/IN\/wp-json\/wp\/v2\/types\/post"}],"author":[{"embeddable":true,"href":"https:\/\/congolobilelo.com\/IN\/wp-json\/wp\/v2\/users\/1"}],"replies":[{"embeddable":true,"href":"https:\/\/congolobilelo.com\/IN\/wp-json\/wp\/v2\/comments?post=7034"}],"version-history":[{"count":0,"href":"https:\/\/congolobilelo.com\/IN\/wp-json\/wp\/v2\/posts\/7034\/revisions"}],"wp:featuredmedia":[{"embeddable":true,"href":"https:\/\/congolobilelo.com\/IN\/wp-json\/"}],"wp:attachment":[{"href":"https:\/\/congolobilelo.com\/IN\/wp-json\/wp\/v2\/media?parent=7034"}],"wp:term":[{"taxonomy":"category","embeddable":true,"href":"https:\/\/congolobilelo.com\/IN\/wp-json\/wp\/v2\/categories?post=7034"},{"taxonomy":"post_tag","embeddable":true,"href":"https:\/\/congolobilelo.com\/IN\/wp-json\/wp\/v2\/tags?post=7034"}],"curies":[{"name":"wp","href":"https:\/\/api.w.org\/{rel}","templated":true}]}}