{"id":7010,"date":"2014-10-21T22:48:07","date_gmt":"2014-10-21T22:48:07","guid":{"rendered":"http:\/\/www.ingeta.com\/?p=7010"},"modified":"2014-10-21T22:48:07","modified_gmt":"2014-10-21T22:48:07","slug":"africa-reconciled-message-aux-jeunes-de-la-rdc","status":"publish","type":"post","link":"https:\/\/congolobilelo.com\/IN\/africa-reconciled-message-aux-jeunes-de-la-rdc\/","title":{"rendered":"Africa Reconciled: Message aux jeunes de la RDC"},"content":{"rendered":"<p>\t\t\t\tPar La Pr\u00e9sidence <a href=\"http:\/\/africareconciled.org\/\" target=\"_blank\" rel=\"noopener\">Africa Reconciled<\/a>, le 21 octobre 2014<\/p>\n<h3>Jeunes de la RDC, arr\u00eatons d\u2019\u00eatre silencieux et passif sur la situation dans notre pays, sinon nous en payerons le prix \u00e0 l\u2019 avenir.<\/h3>\n<p>Martin Luther King a dit : <em>\u00ab Une communaut\u00e9 ne meurt pas seulement \u00e0 cause de l\u2019injustice de hommes m\u00e9chants, mais aussi et surtout, \u00e0 cause du silence et de la passivit\u00e9 des hommes bons \u00bb<\/em>.<\/p>\n<p>Jeunes, nous sommes la lumi\u00e8re de ce pays, mais toutes les fois que nous observerons silencieusement et avec passivit\u00e9, tant que nous n\u2019\u00e9l\u00e8verons pas nos voix pour d\u00e9noncer tous les n\u00e9gatifs et pour encourager les positifs, la situation perdurera et l\u2019histoire continuera \u00e0 se r\u00e9p\u00e9ter, et nous aurons rat\u00e9s notre mission qui est celle d\u2019illuminer notre pays.<\/p>\n<p>Brisons le silence et arr\u00eatons d\u2019\u00eatre passifs comme nous avons pris l\u2019engagement de toujours le faire, ayons la foi que tout peut changer \u00e0 partir de nos voix, arr\u00eatons d\u2019avoir peur!<\/p>\n<p>Le devoir est notre et nous avons l\u2019obligation de le faire !<\/p>\n<p>&nbsp;<\/p>\n<p><em>Fait \u00e0 Goma, le 21 Octobre 2014<\/em><\/p>\n<p>&nbsp;<\/p>\n<p>&nbsp;\t\t<\/p>\n","protected":false},"excerpt":{"rendered":"<p>Par La Pr\u00e9sidence Africa Reconciled, le 21 octobre 2014 Jeunes de la RDC, arr\u00eatons d\u2019\u00eatre silencieux et passif sur la situation dans notre pays, sinon nous en payerons le prix \u00e0 l\u2019 avenir. Martin Luther King a dit : \u00ab Une communaut\u00e9 ne meurt pas seulement \u00e0 cause de l\u2019injustice de hommes m\u00e9chants, mais aussi [&hellip;]<\/p>\n","protected":false},"author":1,"featured_media":7011,"comment_status":"open","ping_status":"open","sticky":false,"template":"","format":"standard","meta":{"_acf_changed":false,"content-type":"","footnotes":""},"categories":[160,123,124],"tags":[],"class_list":["post-7010","post","type-post","status-publish","format-standard","has-post-thumbnail","hentry","category-nouvelles-front-est","category-paroles-dingeta","category-politique-societe"],"acf":[],"_links":{"self":[{"href":"https:\/\/congolobilelo.com\/IN\/wp-json\/wp\/v2\/posts\/7010","targetHints":{"allow":["GET"]}}],"collection":[{"href":"https:\/\/congolobilelo.com\/IN\/wp-json\/wp\/v2\/posts"}],"about":[{"href":"https:\/\/congolobilelo.com\/IN\/wp-json\/wp\/v2\/types\/post"}],"author":[{"embeddable":true,"href":"https:\/\/congolobilelo.com\/IN\/wp-json\/wp\/v2\/users\/1"}],"replies":[{"embeddable":true,"href":"https:\/\/congolobilelo.com\/IN\/wp-json\/wp\/v2\/comments?post=7010"}],"version-history":[{"count":0,"href":"https:\/\/congolobilelo.com\/IN\/wp-json\/wp\/v2\/posts\/7010\/revisions"}],"wp:featuredmedia":[{"embeddable":true,"href":"https:\/\/congolobilelo.com\/IN\/wp-json\/"}],"wp:attachment":[{"href":"https:\/\/congolobilelo.com\/IN\/wp-json\/wp\/v2\/media?parent=7010"}],"wp:term":[{"taxonomy":"category","embeddable":true,"href":"https:\/\/congolobilelo.com\/IN\/wp-json\/wp\/v2\/categories?post=7010"},{"taxonomy":"post_tag","embeddable":true,"href":"https:\/\/congolobilelo.com\/IN\/wp-json\/wp\/v2\/tags?post=7010"}],"curies":[{"name":"wp","href":"https:\/\/api.w.org\/{rel}","templated":true}]}}