{"id":6993,"date":"2014-10-14T19:10:26","date_gmt":"2014-10-14T19:10:26","guid":{"rendered":"http:\/\/www.ingeta.com\/?p=6993"},"modified":"2014-10-14T19:10:26","modified_gmt":"2014-10-14T19:10:26","slug":"congologie-le-sens-du-leopard","status":"publish","type":"post","link":"https:\/\/congolobilelo.com\/IN\/congologie-le-sens-du-leopard\/","title":{"rendered":"Sur l\u2019importance de conna\u00eetre l\u2019histoire du Congo et le sens du l\u00e9opard"},"content":{"rendered":"<p>\t\t\t\tDans ce nouvel \u00e9pisode de Congologie, Kambale Musavuli rappelle que la question du changement est celui du changement de syst\u00e8me et non de personnes, insiste sur l\u2019importance de conna\u00eetre l\u2019histoire du Congo et surtout des combats que les diff\u00e9rents peuples et tribus du pays ont men\u00e9 contre les envahisseurs, notamment belges. Il expose \u00e9galement le sens et l&#8217;importance du l\u00e9opard et la mani\u00e8re dont les belges en ont d\u00e9tourn\u00e9 le sens.<\/p>\n<p>L&#8217;id\u00e9e essentielle est la suivante:<br \/>\n<strong>&#8220;Les guerriers l\u00e9opard repr\u00e9sentaient la force du Congo et avaient des pouvoirs mystiques. Herg\u00e9 quand il a \u00e9crit Tintin au Congo le savait. Les Belges le savaient. Il a donc d\u00e9cid\u00e9 de prendre ce qui faisait la force du congolais et l\u2019a rendu n\u00e9gatif.&#8221; <\/strong><\/p>\n<p><a href=\"https:\/\/www.youtube.com\/watch?v=v5dDhzzSMpU\"><img loading=\"lazy\" decoding=\"async\" src=\"http:\/\/www.ingeta.com\/wp-content\/uploads\/2014\/10\/Congologie6.jpg\" alt=\"Congologie6\" width=\"480\" height=\"360\" class=\"alignnone size-full wp-image-6990\" \/><\/a><\/p>\n","protected":false},"excerpt":{"rendered":"<p>Dans ce nouvel \u00e9pisode de Congologie, Kambale Musavuli rappelle que la question du changement est celui du changement de syst\u00e8me et non de personnes, insiste sur l\u2019importance de conna\u00eetre l\u2019histoire du Congo et surtout des combats que les diff\u00e9rents peuples et tribus du pays ont men\u00e9 contre les envahisseurs, notamment belges. Il expose \u00e9galement le [&hellip;]<\/p>\n","protected":false},"author":1,"featured_media":6990,"comment_status":"open","ping_status":"open","sticky":false,"template":"","format":"video","meta":{"_acf_changed":false,"content-type":"","footnotes":""},"categories":[148,124,133],"tags":[],"class_list":["post-6993","post","type-post","status-publish","format-video","has-post-thumbnail","hentry","category-documents-presse","category-politique-societe","category-videos","post_format-post-format-video"],"acf":[],"_links":{"self":[{"href":"https:\/\/congolobilelo.com\/IN\/wp-json\/wp\/v2\/posts\/6993","targetHints":{"allow":["GET"]}}],"collection":[{"href":"https:\/\/congolobilelo.com\/IN\/wp-json\/wp\/v2\/posts"}],"about":[{"href":"https:\/\/congolobilelo.com\/IN\/wp-json\/wp\/v2\/types\/post"}],"author":[{"embeddable":true,"href":"https:\/\/congolobilelo.com\/IN\/wp-json\/wp\/v2\/users\/1"}],"replies":[{"embeddable":true,"href":"https:\/\/congolobilelo.com\/IN\/wp-json\/wp\/v2\/comments?post=6993"}],"version-history":[{"count":0,"href":"https:\/\/congolobilelo.com\/IN\/wp-json\/wp\/v2\/posts\/6993\/revisions"}],"wp:featuredmedia":[{"embeddable":true,"href":"https:\/\/congolobilelo.com\/IN\/wp-json\/"}],"wp:attachment":[{"href":"https:\/\/congolobilelo.com\/IN\/wp-json\/wp\/v2\/media?parent=6993"}],"wp:term":[{"taxonomy":"category","embeddable":true,"href":"https:\/\/congolobilelo.com\/IN\/wp-json\/wp\/v2\/categories?post=6993"},{"taxonomy":"post_tag","embeddable":true,"href":"https:\/\/congolobilelo.com\/IN\/wp-json\/wp\/v2\/tags?post=6993"}],"curies":[{"name":"wp","href":"https:\/\/api.w.org\/{rel}","templated":true}]}}