{"id":6986,"date":"2014-10-13T18:15:39","date_gmt":"2014-10-13T18:15:39","guid":{"rendered":"http:\/\/www.ingeta.com\/?p=6986"},"modified":"2014-10-13T18:15:39","modified_gmt":"2014-10-13T18:15:39","slug":"sans-leadership-alternatif-le-congo-risque-de-disparaitre","status":"publish","type":"post","link":"https:\/\/congolobilelo.com\/IN\/sans-leadership-alternatif-le-congo-risque-de-disparaitre\/","title":{"rendered":"Pouvoir usurpateur, Communaut\u00e9 occidentale pr\u00e9datrice et m\u00e9pris de la dignit\u00e9 humaine: Sans leadership alternatif, le Congo risque de dispara\u00eetre"},"content":{"rendered":"<p>\t\t\t\tL\u2019analyste politique Jean-Pierre Mbelu revient sur le syst\u00e8me mensonger \u00e0 la base du pouvoir usurpateur de Kinshasa, souligne l\u2019impact et les cons\u00e9quences de d\u00e9ni d\u2019humanit\u00e9 \u00e0 l\u2019encontre des congolais, d\u00e9crypte le banditisme que le Congo subit de la part de la communaut\u00e9 internationale et de ses sous-fifres. Jean-Pierre Mbelu explique \u00e9galement pourquoi sans leadership alternatif, le Congo risque de dispara\u00eetre en tant que pays.<\/p>\n<p><iframe loading=\"lazy\" src=\"\/\/www.youtube.com\/embed\/c72Plc5V704\" width=\"560\" height=\"315\" frameborder=\"0\" allowfullscreen=\"allowfullscreen\"><\/iframe><\/p>\n<p><strong>Sur le syst\u00e8me mensonger du \u00ab pouvoir \u00bb \u00e0 Kinshasa<\/strong><\/p>\n<blockquote><p>La pr\u00e9sence et la retraite des troupes burundaises rappellent tout simplement aux congolais que ceux qui font office de ministres ou d\u2019autres responsables de diff\u00e9rentes institutions de la RD Congo sont fond\u00e9s sur un syst\u00e8me de mensonge permanent. Ils entretiennent un syst\u00e8me de mensonge que la vigilance des membres de la soci\u00e9t\u00e9 civile congolaise et de certains partis politiques est en train de d\u00e9monter.<br \/>\nLe mensonge sur la non pr\u00e9sence de troupes burundaises au Congo n\u2019est pas le premier mensonge de ce gouvernement. Il en avait \u00e9t\u00e9 de m\u00eame quand l\u2019arm\u00e9e rwandaise \u00e9tait venue s\u2019installer, en traversant les fronti\u00e8res du Congo sans que la fameuse assembl\u00e9e nationale en soit au courant. Quand, par exemple, Bosco Ntaganda avait \u00e9t\u00e9 accus\u00e9 d\u2019\u00eatre un chef de guerre, il avait \u00e9t\u00e9 d\u00e9fendu les \u00abinstitutions \u00bb bidons qui sont \u00e0 Kinshasa et avait \u00e9t\u00e9 pr\u00e9sent\u00e9 comme un g\u00e9n\u00e9ral congolais qui luttait pour les int\u00e9r\u00eats de la RD Congo.<br \/>\nPetit \u00e0 petit tout le mensonge qui entourait le pouvoir os de Kinshasa est en train d\u2019\u00eatre d\u00e9mont\u00e9. Et nous ne seront pas surpris d\u2019assister dans jours, les mois et les ann\u00e9es \u00e0 venir \u00e0 la mise hors d\u2019\u00e9tat d\u2019agir de tous les membres impliqu\u00e9s dans ce processus mensonger.<br \/>\nLe Burundi est impliqu\u00e9 dans la guerre de basse intensit\u00e9 contre le Congo depuis les ann\u00e9es 1990. Aucun proc\u00e8s n\u2019a \u00e9t\u00e9 men\u00e9 contre ce pays \u00e0 partir du Congo ou \u00e0 partir des cours et tribunaux internationaux jusqu\u2019\u00e0 ce jour. Il y \u00e0 l\u00e0 comme un d\u00e9ni permanent de l\u2019histoire du Congo.<\/p><\/blockquote>\n<p><strong>Sur la vacuit\u00e9 du pouvoir et l\u2019absence de leadership \u00e0 Kinshasa<\/strong><\/p>\n<blockquote><p>Il y a un v\u00e9ritable vide du point de vue d\u2019un leadership national, patriote et responsable dans ce pays. S\u2019il n\u2019y a pas, dans un avenir tr\u00e8s proche, un leadership alternatif, le Congo va dispara\u00eetre comme pays.<br \/>\nIl ne faut pas beaucoup compter sur la classe politique \u00e0 Kinshasa. Il faut beaucoup plus compter sur la vigilance et l\u2019\u00e9veil patriotique de nos masses populaires, qui finira par avoir raison de tous les menteurs impliqu\u00e9s dans le processus mensonger engag\u00e9 dans notre pays depuis la guerre de l\u2019AFDL \u00e0 nos jours.<\/p><\/blockquote>\n<p><strong>Sur Mende et le d\u00e9ni d\u2019humanit\u00e9 \u00e0 l\u2019endroit des congolais<\/strong><\/p>\n<blockquote><p>Il devient ridicule parce qu\u2019il n\u2019est pas capable de pouvoir cacher les faits. Ce qui est navrant au sujet des morts qu\u2019il y a eu dans la r\u00e9gion de l\u2019Equateur, c\u2019est qu\u2019il en parle en termes tr\u00e8s l\u00e9gers. Quand vous avez affaire \u00e0 des compatriotes qui cherchent \u00e0 servir en politique pour leur survie biologique, ils peuvent en arriver \u00e0 un d\u00e9ni de l\u2019humanit\u00e9 \u00e0 l\u2019endroit de leurs compatriotes. Ils peuvent m\u00eame en arriver \u00e0 la banalisation \u00e0 la banalisation de la vie et de la mort. Ainsi chez nous, on trouve normal qu\u2019il y ait 100 personnes qui meurent et que l\u2019on fasse un commentaire selon lequel il n\u2019y a pas qu\u2019au Congo o\u00f9 les gens meurent. Or le Congo est devenu depuis tout un temps un v\u00e9ritable mouroir par la faute de ces infiltr\u00e9s dans les institutions congolaises qui ne font que la politique du ventre.<\/p><\/blockquote>\n<p><strong>Sur la communication du mensonge<\/strong><\/p>\n<blockquote><p>Les mensonges de Lambert Mende au Congo ne sont pas si diff\u00e9rents des mensonges des m\u00e9dia-mensonges qui pullulent dans les pays occidentaux. Mais \u00e0 l\u2019ext\u00e9rieur du Congo, quand le mensonge est d\u00e9menti, d\u00e9tricot\u00e9 sur la place publique, ceux qui l\u2019ont d\u00e9bit\u00e9 peuvent courir le risque de perdre leur poste. Malheureusement au Congo, nous n\u2019en sommes pas encore l\u00e0. Et cela, parce que le pays n\u2019est pas gouvern\u00e9. Le Congo est un non Etat, le Congo est un Etat manqu\u00e9.<br \/>\nD\u2019o\u00f9 il est d\u2019abord urgent de travailler demain avec un leadership alternatif, \u00e0 pouvoir mettre sur pied, un \u00e9tat de droit, d\u00e9mocratique, pour pouvoir mettre les choses sur les rails. Sinon, nous allons toujours continuer \u00e0 nous plaindre, et les plaintes ne vont rien arranger. Ce dont il est question aujourd\u2019hui, c\u2019est de trouver une direction, un leadership alternatif. Le reste pourra petit \u00e0 petit s\u2019arranger.<\/p><\/blockquote>\n<p><strong>Sur le banditisme d\u2019Etat en RD Congo<\/strong><\/p>\n<blockquote><p>Il n\u2019y a pas de gouvernement parall\u00e8le au Congo. Il y a une police politique qui essaie de tout r\u00e9genter. Et m\u00eame le gouvernement faisant fonction au c\u0153ur de l\u2019Afrique participe de cette police politique. Ce qu\u2019il y a, c\u2019est qu\u2019au Congo, on pratique le banditisme d\u2019Etat. Le banditisme dans un \u00e9tat manqu\u00e9, voil\u00e0 ce dont il est question au Congo et ce sur quoi plusieurs compatriotes devront avoir les yeux ouverts. Ce qui remonte \u00e0 la surface maintenant, c\u2019est qu\u2019on puisse confisquer les biens de compatriotes. Mais le Congo, au plus haut niveau, est occup\u00e9 et confisqu\u00e9 par la communaut\u00e9 occidentale et ses sous-fifres. Ce qui se passe au niveau micro dimensionnel, trahit ce qui se passe au niveau macro dimensionnel, la confiscation de tout un pays.<br \/>\nLe Congo a besoin d\u2019un leadership alternatif, visionnaire et responsable qui pourrait rendre sa fiert\u00e9 au peuple congolais. C\u2019est de cela que le peuple congolais a besoin.<\/p><\/blockquote>\n<p><strong>Sur la n\u00e9cessit\u00e9 d\u2019une justice au Congo<\/strong><\/p>\n<blockquote><p>La justice n\u2019a pas encore \u00e9t\u00e9 rendue au peuple congolais, clochardis\u00e9, malmen\u00e9, tu\u00e9, ni dans sa dignit\u00e9 et son humanit\u00e9. Si nous voulons que le Congo aille de l\u2019avant, nous aurons besoin d\u2019une justice transitionnelle qui donne ne fut-ce qu\u2019un petit exemple qu\u2019un pays ne peut pas se b\u00e2tir sur l\u2019impunit\u00e9. L\u2019impunit\u00e9 au Congo dure depuis les ann\u00e9es 1960 jusqu\u2019\u00e0 ce jour.<br \/>\nLes initiateurs du coup d\u2019Etat contre Lumumba et leurs sous-fifres n\u2019ont jamais \u00e9t\u00e9 jug\u00e9s comme ceux qui sont en train de spolier les biens du Congo et de luii mener une guerre perp\u00e9tuelle de basse intensit\u00e9, eux aussi et leurs sous-fifres m\u00e9ritent d\u2019\u00eatre jug\u00e9s demain. Le pays doit \u00eatre reb\u00e2ti sur des bases politiques et \u00e9thiques solides, humaines.<\/p><\/blockquote>\n<p><strong>Sur le proc\u00e8s du M23 et l\u2019ONU<\/strong><\/p>\n<blockquote><p>Il est difficile de mettre fin \u00e0 la r\u00e9surgence r\u00e9p\u00e9titive des r\u00e9bellions sis la justice n\u2019est pas exerc\u00e9e.<br \/>\nLe rapport Mapping n\u2019a pas \u00e9t\u00e9 exploit\u00e9 en profondeur. Les multinationales impliqu\u00e9es dans la trag\u00e9die des Grands Lacs n\u2019ont jamais \u00e9t\u00e9 inqui\u00e9t\u00e9s. Les sous-fifres et n\u00e8gres de service utilis\u00e9s par ces multinationales n\u2019ont jamais \u00e9t\u00e9 inqui\u00e9t\u00e9s. Le M23 est une \u00e9manation du RCD et du CNDP et de l\u2019AFDL, mais tous les seigneurs de guerre de ces mouvements n\u2019ont jamais \u00e9t\u00e9 inqui\u00e9t\u00e9s. Il y a donc urgence de pouvoir engager le Congo sur la voie de la justice transitionnelle. Et il n\u2019y a qu\u2019un leadership congolais responsable qui peut mener \u00e0 bien ce travail, parce que m\u00eame l\u2019ONU a des responsabilit\u00e9s historiques dans la faillite du Congo aujourd\u2019hui.<br \/>\nLes proc\u00e8s men\u00e9s contre les multinationales, les \u00e9tats profonds, les imp\u00e9rialistes impliqu\u00e9s dans la guerre perp\u00e9tuelle en RDC n\u2019ont pas encore commenc\u00e9. On ne peut se limiter au M23. Le M23 fait partie des acteurs mineurs, apparents. Il faut aussi aller vers les acteurs majeurs qui sont dans l\u2019ombre. Pour mieux faire le proc\u00e8s du M23, il faudrait d\u2019abord faire de l\u2019AFDL, du RCD et du CNDP.<\/p><\/blockquote>\n","protected":false},"excerpt":{"rendered":"<p>L\u2019analyste politique Jean-Pierre Mbelu revient sur le syst\u00e8me mensonger \u00e0 la base du pouvoir usurpateur de Kinshasa, souligne l\u2019impact et les cons\u00e9quences de d\u00e9ni d\u2019humanit\u00e9 \u00e0 l\u2019encontre des congolais, d\u00e9crypte le banditisme que le Congo subit de la part de la communaut\u00e9 internationale et de ses sous-fifres. Jean-Pierre Mbelu explique \u00e9galement pourquoi sans leadership alternatif, [&hellip;]<\/p>\n","protected":false},"author":1,"featured_media":6987,"comment_status":"open","ping_status":"open","sticky":false,"template":"","format":"standard","meta":{"_acf_changed":false,"content-type":"","footnotes":""},"categories":[107,124],"tags":[],"class_list":["post-6986","post","type-post","status-publish","format-standard","has-post-thumbnail","hentry","category-analyses-commentaires","category-politique-societe"],"acf":[],"_links":{"self":[{"href":"https:\/\/congolobilelo.com\/IN\/wp-json\/wp\/v2\/posts\/6986","targetHints":{"allow":["GET"]}}],"collection":[{"href":"https:\/\/congolobilelo.com\/IN\/wp-json\/wp\/v2\/posts"}],"about":[{"href":"https:\/\/congolobilelo.com\/IN\/wp-json\/wp\/v2\/types\/post"}],"author":[{"embeddable":true,"href":"https:\/\/congolobilelo.com\/IN\/wp-json\/wp\/v2\/users\/1"}],"replies":[{"embeddable":true,"href":"https:\/\/congolobilelo.com\/IN\/wp-json\/wp\/v2\/comments?post=6986"}],"version-history":[{"count":0,"href":"https:\/\/congolobilelo.com\/IN\/wp-json\/wp\/v2\/posts\/6986\/revisions"}],"wp:featuredmedia":[{"embeddable":true,"href":"https:\/\/congolobilelo.com\/IN\/wp-json\/"}],"wp:attachment":[{"href":"https:\/\/congolobilelo.com\/IN\/wp-json\/wp\/v2\/media?parent=6986"}],"wp:term":[{"taxonomy":"category","embeddable":true,"href":"https:\/\/congolobilelo.com\/IN\/wp-json\/wp\/v2\/categories?post=6986"},{"taxonomy":"post_tag","embeddable":true,"href":"https:\/\/congolobilelo.com\/IN\/wp-json\/wp\/v2\/tags?post=6986"}],"curies":[{"name":"wp","href":"https:\/\/api.w.org\/{rel}","templated":true}]}}