{"id":6970,"date":"2014-10-09T21:42:23","date_gmt":"2014-10-09T21:42:23","guid":{"rendered":"http:\/\/www.ingeta.com\/?p=6970"},"modified":"2014-10-09T21:42:23","modified_gmt":"2014-10-09T21:42:23","slug":"la-vieille-question-que-repose-le-prof-mbata-somme-de-quitter-la-scene-politique-suite-et-fin","status":"publish","type":"post","link":"https:\/\/congolobilelo.com\/IN\/la-vieille-question-que-repose-le-prof-mbata-somme-de-quitter-la-scene-politique-suite-et-fin\/","title":{"rendered":"La vieille question que repose le Prof Mbata somm\u00e9 de quitter la sc\u00e8ne politique (suite et fin)"},"content":{"rendered":"<p>\t\t\t\tPar Jean-Pierre Mbelu<\/p>\n<p><strong>Le d\u00e9bat soulev\u00e9 par la lettre ouverte adress\u00e9e au Prof Mbata doit pouvoir \u00eatre replac\u00e9 dans le contexte g\u00e9n\u00e9ral d\u2019une guerre perp\u00e9tuelle de basse intensit\u00e9 et de pr\u00e9dation men\u00e9e contre le Congo-Kinshasa depuis les ann\u00e9es 1990 et m\u00eame un peu plus t\u00f4t. Le texte sur lequel porte ce d\u00e9bat, la lettre ouverte, risque de ne pas \u00eatre comprise si elle est lue en marge de ce contexte o\u00f9 \u2018\u2019les emp\u00eacheurs de penser en rond\u2019\u2019 sont en permanence les cibles des journalistes, des intellectuels et des politiques du syst\u00e8me. <\/strong><\/p>\n<p>Il est tr\u00e8s pr\u00e9occupant de constater qu\u2019au fur et \u00e0 mesure que l\u2019ann\u00e9e au cours de laquelle cette guerre perp\u00e9tuelle de basse intensit\u00e9 a d\u00e9but\u00e9 au Congo-Kinshasa, une sorte d\u2019amn\u00e9sie soit en train de s\u2019installer au c\u0153ur des d\u00e9bats politiques men\u00e9s au pays de fa\u00e7on que ses objectifs majeurs soient oubli\u00e9s. Parmi ces objectifs, il faut citer la production d\u2019un \u2018\u2019Etat rat\u00e9\u2019\u2019 au c\u0153ur de l\u2019Afrique par le biais du \u2018\u2019chaos constructeur\u2019\u2019 pouvant aboutir \u00e0 son implosion et\/ou \u00e0 sa balkanisation. Celle-ci en ferait une somme de petits Etats corv\u00e9ables \u00e0 souhait pour \u2018\u2019les nouveaux centres du pouvoir\u2019\u2019 ou simplement \u2018\u2019un lieu chaotique\u2019\u2019 \u00e9chappant \u00e0 toute coop\u00e9ration avec des partenaires strat\u00e9giques ext\u00e9rieurs autres que les initiateurs et les commanditaires de ladite guerre.<\/p>\n<p>La vieille question que repose Andr\u00e9 Mbata Mangue est celle du r\u00f4le de l\u2019intellectuel critique engag\u00e9 dans une soci\u00e9t\u00e9 prise en otage par les seigneurs de la guerre op\u00e9rant avec leurs journalistes, leurs intellectuels et leurs hommes politiques en tant que des proxies d\u2019un syst\u00e8me n\u00e9olib\u00e9ral orchestrant \u2018\u2019la guerre de tous contre tous\u2019\u2019 dans un monde tendant de plus en plus vers la multipolarit\u00e9 et la polycentricit\u00e9. Les attaques men\u00e9es contre le Prof Andr\u00e9 Mbata Mangu participent du refus conscient ou inconscient du r\u00f4le que les intellectuels critiques et engag\u00e9s sont en train de jouer pour rendre effectif l\u2019av\u00e8nement de cet autre monde. Ce n\u2019est pas un cas isol\u00e9 et ce n\u2019est pas une nouveaut\u00e9. Elles sont vieilles comme le monde. Elles attestent de la reconnaissance de l\u2019importance de la pens\u00e9e critiques et des id\u00e9es dissidentes dans le fonctionnement des syst\u00e8mes h\u00e9g\u00e9moniques.<\/p>\n<p>En son temps, traitant de l\u2019h\u00e9g\u00e9monie culturelle, Gramsci disait que \u00ab si vous occupez la t\u00eate des personnes, leurs c\u0153urs et leurs mains suivront. Le syst\u00e8me dominant n\u2019a pas oubli\u00e9 cette le\u00e7on et a cr\u00e9\u00e9 une nouvelle narration de l\u2019histoire pour raconter et l\u00e9gitimer sa domination et ce qui est en train de sa passer dans le monde. \u00bb Longtemps apr\u00e8s Gramsci, Susan George a men\u00e9 une recherche montrant comment, aux Etats-Unis, les droites la\u00efque et religieuse ont encha\u00een\u00e9 la pens\u00e9e pour mieux s\u2019empar\u00e9es de l\u2019Am\u00e9rique. Il n\u2019est pas \u00e9tonnant que cet \u2018\u2019Etat manqu\u00e9\u2019\u2019[1] soit l\u2019instigateur de la production des \u2018\u2019Etats rat\u00e9s\u2019\u2019 par le canal des proxies. Dans les pays des Grands Lacs africains, il a instrumentalis\u00e9 le Rwanda, l\u2019Ouganda et le Burundi[2] pour faire main basse sur les richesses du Congo-Kinshasa, y cr\u00e9er le chaos afin d\u2019\u00e9viter que ce pays ne passe sous l\u2019influence de la Chine ou de la Russie (ex-URSS).<\/p>\n<p>Relire cette histoire, en identifier les acteurs apparents et les acteurs majeurs, mettre \u00e0 nu leur mode op\u00e9ratoire devrait \u00eatre perp\u00e9tuellement au c\u0153ur des pr\u00e9occupations des intellectuels critiques et engag\u00e9s de la trempe de Mbata.<\/p>\n<p>La falsification des textes et de l\u2019histoire est un axe de leur mode op\u00e9ratoire. Elle permet justifier les \u2018\u2019services des n\u00e8gres de service\u2019\u2019 et d\u2019abrutir les jeunes g\u00e9n\u00e9rations en leur racontant \u2018\u2019l\u2019histoire officielle\u2019\u2019 tout en leur proposant \u2018\u2019leurs pyromanes\u2019\u2019 comme \u00e9tant \u2018\u2019leurs pompiers\u2019\u2019. A ce point nomm\u00e9, le documentaire produit derni\u00e8rement par la BBC[3] vient corroborer plusieurs th\u00e8ses comment\u00e9es par des compatriotes Congolais ayant particip\u00e9 \u00e0 \u2018\u2019Le Conflit au Congo. La v\u00e9rit\u00e9 d\u00e9voil\u00e9e[4]\u2019\u2019 Revoir simultan\u00e9ment ces deux documentaires aiderait \u00e0 comprendre la guerre perp\u00e9tuelle face \u00e0 laquelle le Congo-Kinshasa est encore confront\u00e9 aujourd\u2019hui.<\/p>\n<p><iframe loading=\"lazy\" src=\"\/\/player.vimeo.com\/video\/107867605\" width=\"500\" height=\"281\" frameborder=\"0\" allowfullscreen=\"allowfullscreen\"><\/iframe><\/p>\n<p><a href=\"http:\/\/vimeo.com\/107867605\">Rwanda&#8217;s Untold Story Documentary<\/a> from <a href=\"http:\/\/vimeo.com\/rdirwandarwiza\">RDI-Rwanda Rwiza<\/a> on <a href=\"https:\/\/vimeo.com\">Vimeo<\/a>.<\/p>\n<p>Le d\u00e9bat sur \u2018\u2019la r\u00e9vision de la constitution\u2019\u2019, cette charte d\u2019occupation et de mise sous tutelle du Congo-Kinshasa, auquel Mbata Mangu participe activement en essayant de profiter de l\u2019ambigu\u00eft\u00e9 de ce texte pour en tirer le meilleur parti a un c\u00f4t\u00e9 passionnant dans la mesure o\u00f9 il pourrait avoir une issue sonnant le glas des \u2018\u2019n\u00e8gres de service\u2019\u2019 de l\u2019ordre n\u00e9olib\u00e9ral et n\u00e9ocolonial. L\u2019id\u00e9e de cette possible issue pour ceux qui ont fait de la politique une question de \u2018\u2019survie\u2019\u2019 et \u2018d\u2019instinct de conservation\u2019\u2019 les met dans tous leurs \u00e9tats. Et ils ont pr\u00eats, pour ob\u00e9ir \u00e0 leur instinct de survie et de conservation \u00e0 \u2018\u2019broyer et avaler\u2019\u2019, au propre comme au figur\u00e9, les intellectuels critiques et engag\u00e9s pouvant s\u2019interposer sur leur chemin. Chebeya, Bazana, Bapuwa, Tungulu, etc. sont des faits historiques sur lesquels les Congolais(es) dignes de ce nom n\u2019ont pas encore dit leur dernier mot. Faudrait-il qu\u2019en plus de ces dignes fils du pays et ses autres h\u00e9ros comme Mamadou Ndala, Mbuza Mabe, etc. la liste s\u2019allonge avec Mbata ?<\/p>\n<p>Nous ne pensons pas. Le Prof devra se comporter en homme averti au cas o\u00f9, fort de son refus de choisir le chemin de l\u2019exil, il penserait retourner dans son pays pour d\u00e9battre sur les questions engageant le destin collectif congolais et dispenser ses cours. Un homme averti en vaut deux. \u2018\u2019Les n\u00e8gres de service\u2019\u2019 de l\u2019ordre n\u00e9olib\u00e9ral et n\u00e9ocolonial ne l\u00e9sinent pas sur les moyens. Protagonistes de \u2018\u2019la guerre de tous contre tous\u2019\u2019, ils ont, pour plusieurs d\u2019entre eux, sombr\u00e9 dans la sociopathie et dans la psychopathie : ils tuent sans aucun \u00e9tat d\u2019\u00e2me. C\u2019est pour eux une question d\u2019argent et de survie biologique.<\/p>\n<p>&nbsp;<\/p>\n<p><em>Mbelu Babanya Kabudi<\/em><\/p>\n<div>\n<hr align=\"left\" size=\"1\" width=\"33%\" \/>\n<div>\n<div><a title=\"\" name=\"148f4cf7a2c81789__ftn1\"><\/a>[1] Lire <span lang=\"FR-BE\">N. CHOMSKY, <i>Les Etats manqu\u00e9s. Abus de puissance et d\u00e9ficit d\u00e9mocratique<\/i>, Paris, Fayard, 2006.<\/span><\/div>\n<\/div>\n<div>\n<div><a title=\"\" name=\"148f4cf7a2c81789__ftn2\"><\/a>[2] <a href=\"http:\/\/www.globalresearch.ca\/who-was-behind-the-1994-rwanda-genocide\/5406344\" target=\"_blank\" rel=\"noopener\">http:\/\/www.globalresearch.ca\/<wbr \/>who-was-behind-the-1994-<wbr \/>rwanda-genocide\/5406344<\/a><\/div>\n<\/div>\n<div>\n<div><a title=\"\" name=\"148f4cf7a2c81789__ftn3\"><\/a>[3] <span lang=\"FR-BE\">Bernard Desgagn\u00e9 en fait un magnifique commentaire sur ce lien\u00a0:<\/span> <a href=\"http:\/\/www.vigile.net\/La-BBC-confirme-la-macabre\" target=\"_blank\" rel=\"noopener\">http:\/\/www.vigile.net\/La-BBC-<wbr \/>confirme-la-macabre<\/a><\/div>\n<\/div>\n<div>\n<div><a title=\"\" name=\"148f4cf7a2c81789__ftn4\"><\/a>[4] <a href=\"https:\/\/www.youtube.com\/watch?v=NMtgHzXZnIg\" target=\"_blank\" rel=\"noopener\">https:\/\/www.youtube.com\/watch?<wbr \/>v=NMtgHzXZnIg<\/a>\u00a0 (\u2018\u2019Bulelela kabuena kona, nansha mudine nabu ma mayi\u2019\u2019)<\/div>\n<\/div>\n<\/div>\n<p>&nbsp;\t\t<\/p>\n","protected":false},"excerpt":{"rendered":"<p>Par Jean-Pierre Mbelu Le d\u00e9bat soulev\u00e9 par la lettre ouverte adress\u00e9e au Prof Mbata doit pouvoir \u00eatre replac\u00e9 dans le contexte g\u00e9n\u00e9ral d\u2019une guerre perp\u00e9tuelle de basse intensit\u00e9 et de pr\u00e9dation men\u00e9e contre le Congo-Kinshasa depuis les ann\u00e9es 1990 et m\u00eame un peu plus t\u00f4t. Le texte sur lequel porte ce d\u00e9bat, la lettre ouverte, [&hellip;]<\/p>\n","protected":false},"author":1,"featured_media":6971,"comment_status":"open","ping_status":"open","sticky":false,"template":"","format":"standard","meta":{"_acf_changed":false,"content-type":"","footnotes":""},"categories":[107,124],"tags":[],"class_list":["post-6970","post","type-post","status-publish","format-standard","has-post-thumbnail","hentry","category-analyses-commentaires","category-politique-societe"],"acf":[],"_links":{"self":[{"href":"https:\/\/congolobilelo.com\/IN\/wp-json\/wp\/v2\/posts\/6970","targetHints":{"allow":["GET"]}}],"collection":[{"href":"https:\/\/congolobilelo.com\/IN\/wp-json\/wp\/v2\/posts"}],"about":[{"href":"https:\/\/congolobilelo.com\/IN\/wp-json\/wp\/v2\/types\/post"}],"author":[{"embeddable":true,"href":"https:\/\/congolobilelo.com\/IN\/wp-json\/wp\/v2\/users\/1"}],"replies":[{"embeddable":true,"href":"https:\/\/congolobilelo.com\/IN\/wp-json\/wp\/v2\/comments?post=6970"}],"version-history":[{"count":0,"href":"https:\/\/congolobilelo.com\/IN\/wp-json\/wp\/v2\/posts\/6970\/revisions"}],"wp:featuredmedia":[{"embeddable":true,"href":"https:\/\/congolobilelo.com\/IN\/wp-json\/"}],"wp:attachment":[{"href":"https:\/\/congolobilelo.com\/IN\/wp-json\/wp\/v2\/media?parent=6970"}],"wp:term":[{"taxonomy":"category","embeddable":true,"href":"https:\/\/congolobilelo.com\/IN\/wp-json\/wp\/v2\/categories?post=6970"},{"taxonomy":"post_tag","embeddable":true,"href":"https:\/\/congolobilelo.com\/IN\/wp-json\/wp\/v2\/tags?post=6970"}],"curies":[{"name":"wp","href":"https:\/\/api.w.org\/{rel}","templated":true}]}}