{"id":6949,"date":"2014-09-30T20:01:06","date_gmt":"2014-09-30T20:01:06","guid":{"rendered":"http:\/\/www.ingeta.com\/?p=6949"},"modified":"2014-09-30T20:01:06","modified_gmt":"2014-09-30T20:01:06","slug":"quand-nous-disions-que-mobutu-doit-partir-suite-et-fin","status":"publish","type":"post","link":"https:\/\/congolobilelo.com\/IN\/quand-nous-disions-que-mobutu-doit-partir-suite-et-fin\/","title":{"rendered":"Quand nous disions que Mobutu devait partir ! (suite et fin)"},"content":{"rendered":"<p>\t\t\t\tPar Jean-Pierre Mbelu<\/p>\n<p><strong>En cherchant \u00e0 identifier les acteurs majeurs intervenant dans l\u2019histoire du Congo-Kinshasa et les structures \u00e9conomiques, culturelles et intellectuelles dont ils se sont servis et se servent encore, un fait saute aux yeux : leur capacit\u00e9 de cr\u00e9er des r\u00e9seaux et de travailler avec beaucoup de pers\u00e9v\u00e9rance sur le temps. Ils traitent les m\u00eames sujets et cherchent \u00e0 atteindre les m\u00eames objectifs sur le long terme sans que cela transparaisse n\u00e9cessairement \u00e0 travers leurs discours officiels. Leur force r\u00e9side dans leur grande capacit\u00e9 organisationnelle en conscience. Leur faire face exigerait, nous semble-t-il, la m\u00eame capacit\u00e9 organisationnelle congolo-internationaliste en conscience. Dans les lignes qui suivent, nous poursuivons l\u2019\u00e9tude de cette organisation d\u00e9j\u00e0 commenc\u00e9e dans <a href=\"http:\/\/www.ingeta.com\/quand-nous-disions-que-mobutu-devait-partir\/\">la premi\u00e8re partie de cet article<\/a>.<\/strong><\/p>\n<p>Au mois de d\u00e9cembre 1971, un congressiste am\u00e9ricain, John Rarick, r\u00e9v\u00e8le qu\u2019\u00e0 l\u2019issue de deuxi\u00e8me guerre mondiale et apr\u00e8s la mort du pr\u00e9sident am\u00e9ricain Roosevelt, les USA ont \u00e9t\u00e9 pris en otage par des \u2018\u2019personnalit\u00e9s de mentalit\u00e9 internationaliste\u2019\u2019 soucieux d\u2019instaurer un \u2018\u2019nouvel ordre mondial\u2019\u2019 aux ordres US et accompagn\u00e9 des \u2018\u2019slogans de l\u2019ONU\u2019\u2019. Plusieurs de ces personnalit\u00e9s appartiennent au CFR (Council of Foreign Relations) et vont aider un Polonais du nom de J.H. Retinger \u00e0 lancer le Groupe de Bilderberg en 1954. Il s\u2019agit, entre autres, de David et Nelson Rockefeller ainsi que des fr\u00e8res Dulles. L\u2019un des fr\u00e8res Dulles participe \u00e0 la cr\u00e9ation de la CIA et sera appel\u00e9 \u00e0 prendre la t\u00eate de cette agence de s\u00e9curit\u00e9 US de f\u00e9vrier 1953 \u00e0 novembre 1961 par le pr\u00e9sident Eisenhower.<\/p>\n<h3>Le droit \u00e0 l&#8217;autod\u00e9termination et l&#8217;arr\u00eat de mort de Lumumba<\/h3>\n<p>En rapport avec le Congo-Kinshasa, il est historiquement prouv\u00e9 que sous le Pr\u00e9sident Eisenhower et au moment o\u00f9 Allen Dulles \u00e9tait chef de la CIA que Mobutu fut coach\u00e9 par cette agence de s\u00e9curit\u00e9 am\u00e9ricaine et que Lumumba fut assassin\u00e9. Une explication historique approximative lie l\u2019assassinat de ce digne fils du Congo-Kinshasa \u00e0 l\u2019appel qu\u2019il aurait lanc\u00e9 aux sovi\u00e9tiques apr\u00e8s que les am\u00e9ricains aient refus\u00e9 de lui venir au secours pour mater les s\u00e9cessions kasa\u00efenne et katangaise. La v\u00e9rit\u00e9 est que Lumumba a sign\u00e9 son arr\u00eat de mort bien avant l\u2019ind\u00e9pendance de son pays. Il \u00e9tait proche des milieux progressistes et lutter pour le droit \u00e0 l\u2019autod\u00e9termination de son pays dans un contexte o\u00f9 le Groupe de Bilderberg combattait l\u2019\u00e9mergence des Etats-Nations (souverains) et la CIA avait infiltrait les institutions congolaises avec la complicit\u00e9 de Mobutu et de sa cour.<\/p>\n<p>Insistons. A ce point nomm\u00e9, une question peut \u00eatre pos\u00e9e aux tenants de l\u2019explication susmentionn\u00e9e : \u00ab Le Congo avait-il ou pas acc\u00e9d\u00e9 \u00e0 sa souverainet\u00e9 nationale et internationale ? \u00bb S\u2019il y avait acc\u00e9d\u00e9, il serait incompr\u00e9hensible qu\u2019il ne diversifie pas les partenaires de sa politique \u00e9trang\u00e8re eu \u00e9gard aux questions cruciales auxquelles il \u00e9tait confront\u00e9 de l\u2019int\u00e9rieur ; que l\u2019appel aux sovi\u00e9tiques puisse entra\u00eener l\u2019assassinat de son Premier ministre.<\/p>\n<p>L\u2019hypoth\u00e8se la plus plausible est celle de la perp\u00e9tuation de la colonisation occidentale sous la banni\u00e8re US sous le faux pr\u00e9texte ci-apr\u00e8s : \u00ab les Etats-Unis ne pouvaient pas se permettre de voir le Congo tomber dans l\u2019orbite sovi\u00e9tique. Apr\u00e8s l\u2019appel fait par Lumumba, les techniciens sovi\u00e9tiques commenc\u00e8rent \u00e0 arriver, dans la plus grande discr\u00e9tion. S\u2019ils arrivaient \u00e0 le contr\u00f4ler, ils utiliseraient le pays pour infiltrer et \u00e9tendre leur influence sur les neufs pays, tous d\u2019anciennes colonies, qui l\u2019entouraient, ce qui aurait constitu\u00e9 une base de pouvoir extraordinaire en Afrique. \u00bb[1]<\/p>\n<h3>Le Congo et l&#8217;Etat profond US<\/h3>\n<p>Pourquoi les orientations de la politique \u00e9trang\u00e8re du Congo de Lumumba devaient-elles d\u00e9pendre des vues am\u00e9ricaines, d\u2019un pays \u00e9tranger ayant d\u00e9j\u00e0 infiltr\u00e9 les institutions formelles congolaises ? R\u00e9pondre \u00e0 cette question en disant que cela a eu lieu pendant \u2018\u2019la guerre froide\u2019\u2019 ne suffit pas. \u2018\u2019La guerre froide\u2019\u2019 est un argument sp\u00e9cieux pour justifier cette colonisation am\u00e9ricaine du Congo-Kinshasa. Cela d\u2019autant plus que la fin de \u2018\u2019la guerre froide\u2019\u2019 n\u2019a pas co\u00efncid\u00e9 avec la fin de la guerre tout court. Il nous semble la r\u00e9ponse \u00e0 notre question est \u00e0 chercher dans les objectifs majeurs poursuivis par \u2018\u2019les clubs internationalistes\u2019\u2019 cr\u00e9\u00e9s par \u2018\u2019l\u2019Etat profond\u2019\u2019 am\u00e9ricain soucieux d\u2019imposer la pens\u00e9e unique mondialiste, d\u2019inventer des espaces pouvant permettre aux groupes transnationaux de communiquer en priv\u00e9 et \u00ab de prendre des d\u00e9cisions ad\u00e9quates pour manipuler les structures politiques classiques des deux c\u00f4t\u00e9s de l\u2019Atlantique. \u00bb[2]<\/p>\n<p>Un peu plus t\u00f4t, avant la cr\u00e9ation du Groupe de Bilderberg (en 1954), le financement du Plan Marshall, le CFR s\u2019\u00e9tait d\u00e9j\u00e0 engag\u00e9 \u00e0 \u00ab faire en sorte que dans les vingt ans \u00e0 venir, toutes institutions europ\u00e9ennes passent sous contr\u00f4le am\u00e9ricain. \u00bb Pour dire les choses autrement, la Belgique qui croit octroyer la souverainet\u00e9 nationale et internationale au Congo-Kinshasa est infiltr\u00e9e (et contr\u00f4l\u00e9e) par l\u2019Etat profond US ; certains de ses dirigeants participent de ce projet majeur des \u2018\u2019internationalistes US\u2019\u2019. Le Congo-Kinshasa est devenu formellement ind\u00e9pendant pendant que son ex-m\u00e9tropole \u00e9tait sous le contr\u00f4le am\u00e9ricain depuis la mise en place du Plan Marshall et de l\u2019id\u00e9e de la Communaut\u00e9 du charbon-acier[3]. Cette histoire ne nous est pas tr\u00e8s bien connue. Elle doit \u00eatre \u00e9crite et \u00e9tudi\u00e9e afin que les difficult\u00e9s li\u00e9es \u00e0 la prise d\u2019initiative historique congolaise par les Congolais(es) puissent \u00eatre bien comprises.<\/p>\n<p>Comme nous l\u2019avons d\u00e9j\u00e0 soulign\u00e9 dans la premi\u00e8re partie de cet article, le Congo-Kinshasa infiltr\u00e9 par la CIA est aussi sous les fourches caudines des \u2018\u2019tueurs \u00e0 gage \u00e9conomiques\u2019\u2019 servant les enjeux g\u00e9ostrat\u00e9giques et politiques US qu\u2019ont \u00e9t\u00e9 (et que sont encore) la Banque mondiale et le FMI. Ce n\u2019est pas tout.<\/p>\n<p>Quand \u2018\u2019les personnalit\u00e9s internationalistes\u2019\u2019 US estiment qu\u2019ils ont gagn\u00e9 la guerre froide et qu\u2019elles peuvent dor\u00e9navant produire \u2018\u2019les Etats rat\u00e9s\u2019\u2019, elles orchestrent les guerres de basse intensit\u00e9. Il est curieux de remarquer que l\u2019un des strat\u00e8ges de ces guerres, Zbigniew Brzezinski, est un homme de confiance de David Rockeffeler, chef du Groupe Bilderberg et de la Trilat\u00e9rale ! En effet, Brzezinski, est, \u00e9crit Michel Collon, \u2018\u2019l\u2019homme qui a toute la confiance de l\u2019empereur du p\u00e9trole David Rockeffeler, et qui inspire ses think tanks. L\u2019homme qui a financ\u00e9 Ben Laden Laden afin de pi\u00e9ger l\u2019Union sovi\u00e9tique dans une guerre de longue dur\u00e9e et bris\u00e9e son alliance avec le monde musulman. \u00bb[4]<\/p>\n<h3>La guerre de basse intensit\u00e9 en RDC et le nouvel ordre mondial<\/h3>\n<p>La guerre de basse intensit\u00e9 impos\u00e9e au Congo-Kinshasa apr\u00e8s la chute du mur de Berlin et la fin de l\u2019URSS s\u2019inscrit dans un projet vieux de plus de cinq d\u00e9cennies : imposer au monde un \u2018\u2019Nouvel ordre mondial\u2019\u2019 made in USA. Quelle est sa substance ? Il s\u2019agit, r\u00e9p\u00e9tons-le, de permettre aux entreprises multi et transnationales US (et alli\u00e9es) de contr\u00f4ler et de prendre possession des mati\u00e8res premi\u00e8res clefs (\u00e0 travers le monde), d\u2019orienter la pens\u00e9e et la recherche, de mettre fin au r\u00e8gne des Etats-nations en produisant des \u2018\u2019Etats rat\u00e9s\u2019\u2019 ouverts ou au march\u00e9 non-r\u00e9gul\u00e9 ou au \u2018\u2019chaos constructeur\u2019\u2019 du d\u00e9sordre \u2018\u2019ma\u00eetris\u00e9\u2019\u2019 par \u2018\u2019les clubs internationalistes\u2019\u2019.<\/p>\n<p>Mobutu fut l\u2019un des acteurs apparents de ce projet ; Kagame, Museveni, Mzee Kabila, Joseph Kabila et \u2018\u2019leurs clans\u2019\u2019 ont servi et servent encore ce projet. Plusieurs membres de la Nomenklatura pass\u00e9 dans \u2018\u2019l\u2019opposition politique\u2019\u2019 congolaise et coach\u00e9s par \u2018\u2019les suppl\u00e9tifs\u2019\u2019 des \u2018\u2019personnalit\u00e9s internationalistes\u2019\u2019 du CFR, de Bilderberg et de la Trilat\u00e9rale servent (consciemment ou inconsciemment) ce projet.<\/p>\n<p>Plusieurs membres de la Nomenklatura pass\u00e9 dans \u2018\u2019l\u2019opposition politique\u2019\u2019 congolaise et coach\u00e9s par \u2018\u2019les suppl\u00e9tifs\u2019\u2019 des \u2018\u2019personnalit\u00e9s internationalistes\u2019\u2019 du CFR, de Bilderberg et de la Trilat\u00e9rale servent (consciemment ou inconsciemment) ce projet.<\/p>\n<p>Quand nous apprenons l\u2019UE, signataire des accords de libre-\u00e9change avec les ACP[5], pr\u00eate \u00e0 signer \u2018\u2019le trait\u00e9 transatlantique\u2019\u2019, demande qu\u2019au Congo-Kinshasa, Joseph Kabila et l\u2019opposition dialoguent, nous ne comprenons pas tr\u00e8s bien ce qu\u2019elle veut dire. Chercherait-elle \u00e0 mettre sa responsabilit\u00e9 dans la crise de l\u00e9gitimit\u00e9 s\u00e9vissant au Congo-Kinshasa entre parenth\u00e8se ? Que fait-elle de sa participation aux crimes et \u00e0 la censure dans ce pays depuis (longtemps ?) les \u00e9lections de 2006[6] ?<\/p>\n<h3>La balle est dans le camp des patriotes congolais<\/h3>\n<p>Si le Congo-Kinshasa \u00e9tait un pays \u2018\u2019normal\u2019\u2019, il organiserait un dialogue entre les responsables des \u2018\u2019clubs internationalistes\u2019\u2019 occidentaux, leur \u2018\u2019Etat profond\u2019\u2019 et le peuple congolais. Il tournerait entre autres autour de cette question cruciale : \u00ab Comment, dans le respect de la souverainet\u00e9 politico-\u00e9conomique, spirituelle et culturelle du Congo-Kinshasa, les multi et les transnationales occidentales peuvent acheter ses mati\u00e8res premi\u00e8res ? \u00bb Or, le Congo-Kinshasa n\u2019est pas un pays normal. Il est un \u2018\u2019Etat rat\u00e9\u2019\u2019 sous occupations des proxies US et sous la tutelle de l\u2019ONU. Donc, ce \u2018\u2019v\u00e9ritable dialogue\u2019\u2019 est impossible. (Sous les cieux sud-am\u00e9ricains, plusieurs pays souverains ayant r\u00e9ussi leur int\u00e9gration politique, \u00e9conomique, culturelle et s\u00e9curitaire proc\u00e8dent de cette fa\u00e7on-l\u00e0.)<\/p>\n<p>Le jeu que jouent l\u2019UE et son surgeon am\u00e9ricain au Congo-Kinshasa n\u2019est pas de nature \u00e0 contribuer, sous peu, \u00e0 la stabilit\u00e9 et \u00e0 l\u2019unit\u00e9 de ce pays. Pour preuve, par le canal de l\u2019Etat profond US et avec l\u2019aide de l\u2019OTAN, ils attestent qu\u2019ils ne sont pas encore convertis \u00e0 l\u2019id\u00e9e du respect du droit international et de celui de l\u2019autod\u00e9termination des peuples vivant dans des pays disposant des mati\u00e8res premi\u00e8res clefs.<\/p>\n<p>Dans son dernier Defense Planning, l\u2019Etat profond US d\u00e9finit, pour les ann\u00e9es \u00e0 venir, son objectif majeur en ces termes : \u00ab Notre objectif majeur est d\u2019emp\u00eacher qu\u2019une quelconque puissance domine une r\u00e9gion dont les ressources seraient suffisantes \u00e0 engendrer une puissance mondiale. \u00bb[7] Tel est l\u2019enjeu des luttes et des guerres pr\u00e9sentes et \u00e0 venir dans un pays comme le Congo-Kinshasa et dans une Afrique vue comme simple r\u00e9servoir des mati\u00e8res premi\u00e8res par le 1% d\u2019oligarques d\u2019argent occidentaux.<\/p>\n<p>Comment, dans ce contexte, d\u00e9passer avec beaucoup d\u2019intelligence et de sagesse, au Congo-Kinshasa, le simple appel au d\u00e9part du \u2018\u2019ra\u00efs\u2019\u2019 pour construire, \u00e0 court, moyen et long terme, un projet de soci\u00e9t\u00e9 participatif \u00e0 m\u00eame de transformer nos masses populaires en masses critiques dispos\u00e9es \u00e0 d\u00e9fendre, au prix fort, la v\u00e9ritable ind\u00e9pendance et la souverainet\u00e9 r\u00e9elle de ce pays ? Comment d\u00e9faire le jeu des membres de la \u2018\u2019Nomenklatura\u2019\u2019 pass\u00e9s sous peu dans \u2018\u2019une opposition de pacotille\u2019\u2019 pour construire, dans la patience et sur le temps, un imaginaire alternatif capable de d\u00e9construire la pens\u00e9e h\u00e9g\u00e9monique dominante et les structures \u00e9conomiques qui la perp\u00e9tuent au profit d\u2019un contre-pouvoir congolais tourn\u00e9 vers la d\u00e9mocratie-palabrique-directe et promotrice d\u2019un Etat congolais plurinational et social ?<\/p>\n<p>Ces questions devraient \u00eatre port\u00e9es par les minorit\u00e9s organis\u00e9es et agissantes, soucieuses de l\u2019av\u00e8nement d\u2019un Congo-Kinshasa digne et prosp\u00e8re. Quand nous disions que Mobutu doit partir, nous ne semblions pas tr\u00e8s pr\u00e8s \u00e0 examiner en profondeur les moyens intellectuels, culturels, spirituels, \u00e9conomiques et sociaux dont nous disposions pour que son d\u00e9part rime avec un projet za\u00efro-congolais alternatif cons\u00e9quent. Allons-nous commettre la m\u00eame erreur en criant \u2018\u2019Kabila doit partir\u2019\u2019 ? La balle est dans le camp des patriotes congolais et des autres congophiles vivant \u00e0 travers le monde.<\/p>\n<p>&nbsp;<\/p>\n<p><em>Mbelu Babanya Kabudi<\/em><\/p>\n<p>&nbsp;<\/p>\n<hr align=\"left\" size=\"1\" width=\"33%\" \/>\n<div>\n<div><a title=\"\" name=\"148c654e95dd82d3__ftn1\"><\/a>[1] <span lang=\"FR-BE\">J. BRAIBANT, <i>Congo. L\u2019histoire d\u2019un g\u00e2chis et d\u2019un pari stupide<\/i>, Bruxelles, Jourdan, 2014, p. 225.<\/span><\/div>\n<\/div>\n<div>\n<div><a title=\"\" name=\"148c654e95dd82d3__ftn2\"><\/a>[2] P. et D. DE\u00a0 VILLEMAEREST, <i>Faits et chroniques interdits au public, Tome II<\/i>, Paris, Aquilion, 2004, p.14.<\/div>\n<\/div>\n<div>\n<div><a title=\"\" name=\"148c654e95dd82d3__ftn3\"><\/a>[3] Il serait int\u00e9ressant de lire ici le cinqui\u00e8me chapitre du livre d\u2019Annie Lacroix-Riz intitul\u00e9<i>Aux origines du carcan europ\u00e9en (1900-1960). La France sous influence allemande et am\u00e9ricaine<\/i>, Paris, Delga, 2014, p. 113-131.<\/div>\n<\/div>\n<div>\n<div><a title=\"\" name=\"148c654e95dd82d3__ftn4\"><\/a>[4] <span lang=\"FR-BE\">M. COLLON, <i>Les 7 p\u00e9ch\u00e9s d\u2019Hugo Chavez<\/i>, Bruxelles, Investig\u2019Action, 2009, p. 393.<\/span><\/div>\n<\/div>\n<div>\n<div><a title=\"\" name=\"148c654e95dd82d3__ftn5\"><\/a>[5] <a href=\"http:\/\/www.legrandsoir.info\/accord-de-libre-echange-de-l-ue-avec-l-afrique-et-les-etats-unis-qui-perd-qui-gagne.html\" target=\"_blank\" rel=\"noopener\">http:\/\/www.legrandsoir.info\/<wbr \/>accord-de-libre-echange-de-l-<wbr \/>ue-avec-l-afrique-et-les-<wbr \/>etats-unis-qui-perd-qui-gagne.<wbr \/>html<\/a><\/div>\n<\/div>\n<div>\n<div><a title=\"\" name=\"148c654e95dd82d3__ftn6\"><\/a>[6] Lire\u00a0 <span lang=\"FR-BE\">C. ONANA, <i>Europe, crimes et censure au Congo. Les documents qui accusent<\/i>, Paris, Duboiris, 2012.<\/span><\/div>\n<\/div>\n<div>\n<div><a title=\"\" name=\"148c654e95dd82d3__ftn7\"><\/a>[7] <a href=\"http:\/\/www.voltairenet.org\/article185197.html\" target=\"_blank\" rel=\"noopener\">http:\/\/www.voltairenet.org\/<wbr \/>article185197.html<\/a><\/div>\n<\/div>\n<p>&nbsp;<\/p>\n<p>&nbsp;\t\t<\/p>\n","protected":false},"excerpt":{"rendered":"<p>Par Jean-Pierre Mbelu En cherchant \u00e0 identifier les acteurs majeurs intervenant dans l\u2019histoire du Congo-Kinshasa et les structures \u00e9conomiques, culturelles et intellectuelles dont ils se sont servis et se servent encore, un fait saute aux yeux : leur capacit\u00e9 de cr\u00e9er des r\u00e9seaux et de travailler avec beaucoup de pers\u00e9v\u00e9rance sur le temps. Ils traitent [&hellip;]<\/p>\n","protected":false},"author":1,"featured_media":6951,"comment_status":"open","ping_status":"open","sticky":false,"template":"","format":"standard","meta":{"_acf_changed":false,"content-type":"","footnotes":""},"categories":[107,124],"tags":[],"class_list":["post-6949","post","type-post","status-publish","format-standard","has-post-thumbnail","hentry","category-analyses-commentaires","category-politique-societe"],"acf":[],"_links":{"self":[{"href":"https:\/\/congolobilelo.com\/IN\/wp-json\/wp\/v2\/posts\/6949","targetHints":{"allow":["GET"]}}],"collection":[{"href":"https:\/\/congolobilelo.com\/IN\/wp-json\/wp\/v2\/posts"}],"about":[{"href":"https:\/\/congolobilelo.com\/IN\/wp-json\/wp\/v2\/types\/post"}],"author":[{"embeddable":true,"href":"https:\/\/congolobilelo.com\/IN\/wp-json\/wp\/v2\/users\/1"}],"replies":[{"embeddable":true,"href":"https:\/\/congolobilelo.com\/IN\/wp-json\/wp\/v2\/comments?post=6949"}],"version-history":[{"count":0,"href":"https:\/\/congolobilelo.com\/IN\/wp-json\/wp\/v2\/posts\/6949\/revisions"}],"wp:featuredmedia":[{"embeddable":true,"href":"https:\/\/congolobilelo.com\/IN\/wp-json\/"}],"wp:attachment":[{"href":"https:\/\/congolobilelo.com\/IN\/wp-json\/wp\/v2\/media?parent=6949"}],"wp:term":[{"taxonomy":"category","embeddable":true,"href":"https:\/\/congolobilelo.com\/IN\/wp-json\/wp\/v2\/categories?post=6949"},{"taxonomy":"post_tag","embeddable":true,"href":"https:\/\/congolobilelo.com\/IN\/wp-json\/wp\/v2\/tags?post=6949"}],"curies":[{"name":"wp","href":"https:\/\/api.w.org\/{rel}","templated":true}]}}