{"id":6945,"date":"2014-09-30T11:55:46","date_gmt":"2014-09-30T11:55:46","guid":{"rendered":"http:\/\/www.ingeta.com\/?p=6945"},"modified":"2014-09-30T11:55:46","modified_gmt":"2014-09-30T11:55:46","slug":"pour-une-insurrection-des-consciences-congolaises","status":"publish","type":"post","link":"https:\/\/congolobilelo.com\/IN\/pour-une-insurrection-des-consciences-congolaises\/","title":{"rendered":"Pour une insurrection des consciences congolaises&#8230;"},"content":{"rendered":"<p>\t\t\t\tDans ce nouvel \u00e9pisode de Congologie, Kambale Musavuli revient sur le sens et les enjeux des \u00e9lections en RDC. Il souligne pourquoi il est important d\u2019\u00eatre pro-actif au lieu de se contenter d\u2019\u00eatre en r\u00e9action \u00e0, invite la jeunesse congolaise \u00e0 prendre l\u2019exemple du mouvement national congolais de Patrice Lumumba et encourage les congolais \u00e0 changer le syst\u00e8me politique congolais actuel \u00e0 partir de l\u2019information.<\/p>\n<p>L&#8217;id\u00e9e majeure est la suivante:<br \/>\n<strong>&#8220;Nous avons 11 provinces, prenons un jeune dans chaque province. Son travail sera de diffuser l\u2019information. IL y a eu un mariage, il en parle, il y a eu un deuil, il en parle. Il y a eu une information int\u00e9ressante dans le journal, il en parle. Comment il va diffuser ses informations ? Il va utiliser son t\u00e9l\u00e9phone portable. Il envoie des textos dans le r\u00e9seau qu\u2019il se sera constitu\u00e9. C\u2019est comme cela que nous allons connecter les congolais des diff\u00e9rentes villes et r\u00e9gions. C\u2019est comme cela que nous parviendrons \u00e0 l\u2019insurrection des consciences. Nous pouvons commencer cela aujourd\u2019hui de quartier en quartier, de ville en ville, etc.&#8221; <\/strong><\/p>\n<p><a href=\"http:\/\/youtu.be\/QLFSoUU13eg\"><img loading=\"lazy\" decoding=\"async\" class=\"alignnone size-full wp-image-6946\" src=\"http:\/\/www.ingeta.com\/wp-content\/uploads\/2014\/09\/SauverleCongo.jpg\" alt=\"SauverleCongo\" width=\"480\" height=\"360\" \/><\/a>\t\t<\/p>\n","protected":false},"excerpt":{"rendered":"<p>Dans ce nouvel \u00e9pisode de Congologie, Kambale Musavuli revient sur le sens et les enjeux des \u00e9lections en RDC. Il souligne pourquoi il est important d\u2019\u00eatre pro-actif au lieu de se contenter d\u2019\u00eatre en r\u00e9action \u00e0, invite la jeunesse congolaise \u00e0 prendre l\u2019exemple du mouvement national congolais de Patrice Lumumba et encourage les congolais \u00e0 [&hellip;]<\/p>\n","protected":false},"author":1,"featured_media":6946,"comment_status":"open","ping_status":"open","sticky":false,"template":"","format":"video","meta":{"_acf_changed":false,"content-type":"","footnotes":""},"categories":[148,124],"tags":[],"class_list":["post-6945","post","type-post","status-publish","format-video","has-post-thumbnail","hentry","category-documents-presse","category-politique-societe","post_format-post-format-video"],"acf":[],"_links":{"self":[{"href":"https:\/\/congolobilelo.com\/IN\/wp-json\/wp\/v2\/posts\/6945","targetHints":{"allow":["GET"]}}],"collection":[{"href":"https:\/\/congolobilelo.com\/IN\/wp-json\/wp\/v2\/posts"}],"about":[{"href":"https:\/\/congolobilelo.com\/IN\/wp-json\/wp\/v2\/types\/post"}],"author":[{"embeddable":true,"href":"https:\/\/congolobilelo.com\/IN\/wp-json\/wp\/v2\/users\/1"}],"replies":[{"embeddable":true,"href":"https:\/\/congolobilelo.com\/IN\/wp-json\/wp\/v2\/comments?post=6945"}],"version-history":[{"count":0,"href":"https:\/\/congolobilelo.com\/IN\/wp-json\/wp\/v2\/posts\/6945\/revisions"}],"wp:featuredmedia":[{"embeddable":true,"href":"https:\/\/congolobilelo.com\/IN\/wp-json\/"}],"wp:attachment":[{"href":"https:\/\/congolobilelo.com\/IN\/wp-json\/wp\/v2\/media?parent=6945"}],"wp:term":[{"taxonomy":"category","embeddable":true,"href":"https:\/\/congolobilelo.com\/IN\/wp-json\/wp\/v2\/categories?post=6945"},{"taxonomy":"post_tag","embeddable":true,"href":"https:\/\/congolobilelo.com\/IN\/wp-json\/wp\/v2\/tags?post=6945"}],"curies":[{"name":"wp","href":"https:\/\/api.w.org\/{rel}","templated":true}]}}