{"id":694,"date":"2011-12-28T16:20:14","date_gmt":"2011-12-28T16:20:14","guid":{"rendered":"http:\/\/ingeta.com\/?p=694"},"modified":"2011-12-28T16:20:14","modified_gmt":"2011-12-28T16:20:14","slug":"chronique-dune-ecole-au-katnga","status":"publish","type":"post","link":"https:\/\/congolobilelo.com\/IN\/chronique-dune-ecole-au-katnga\/","title":{"rendered":"Des \u00e9coles dans quel \u00e9tat ?"},"content":{"rendered":"<p>\t\t\t\tOn dit souvent qu&#8217;il n&#8217;y a pas de classe moyenne en RDC,\u00a0 c&#8217;est tout ou rien. Est-ce vrai ?<\/p>\n<p>En mati\u00e8re d&#8217;acces \u00e0 l&#8217;enseignement primaire cette traite r\u00e9ali\u00e9 est flagrante. Penons deux \u00e9tremes : L&#8217;\u00e9cole maternelle et primaire du chef de l&#8217;\u00e9tat et celle du congolais moyen. \u00c0 vous e juger !<\/p>\n<p>&nbsp;<\/p>\n<p><iframe loading=\"lazy\" title=\"Les \u00e9coles d\u00e9labr\u00e9es de Kinshasa\" frameborder=\"0\" width=\"1080\" height=\"810\" src=\"https:\/\/geo.dailymotion.com\/player.html?video=xbfur6&#038;\" allowfullscreen allow=\"autoplay; fullscreen; picture-in-picture; web-share\"><\/iframe><\/p>\n<p>Laurent D\u00e9sir\u00e9 Kabila Junior, qui va \u00e0 l&#8217;\u00e9cole pour la toute premi\u00e8re fois (L&#8217;\u00e9cole maternelle \u00ab Les Oisillons \u00bb)<\/p>\n<p><iframe loading=\"lazy\" title=\"Les premiers pas de Laurent Kabila junior \u00e0 l&#039;\u00e9cole\" width=\"1080\" height=\"608\" src=\"https:\/\/www.youtube.com\/embed\/QN4zIXFSP2k?feature=oembed\" frameborder=\"0\" allow=\"accelerometer; autoplay; clipboard-write; encrypted-media; gyroscope; picture-in-picture; web-share\" referrerpolicy=\"strict-origin-when-cross-origin\" allowfullscreen><\/iframe><\/p>\n<p>&nbsp;\t\t<\/p>\n","protected":false},"excerpt":{"rendered":"<p>On dit souvent qu&#8217;il n&#8217;y a pas de classe moyenne en RDC,\u00a0 c&#8217;est tout ou rien. Est-ce vrai ? En mati\u00e8re d&#8217;acces \u00e0 l&#8217;enseignement primaire cette traite r\u00e9ali\u00e9 est flagrante. Penons deux \u00e9tremes : L&#8217;\u00e9cole maternelle et primaire du chef de l&#8217;\u00e9tat et celle du congolais moyen. \u00c0 vous e juger ! &nbsp; Laurent D\u00e9sir\u00e9 [&hellip;]<\/p>\n","protected":false},"author":1,"featured_media":710,"comment_status":"open","ping_status":"open","sticky":false,"template":"","format":"standard","meta":{"_acf_changed":false,"content-type":"","footnotes":""},"categories":[151],"tags":[],"class_list":["post-694","post","type-post","status-publish","format-standard","has-post-thumbnail","hentry","category-education"],"acf":[],"_links":{"self":[{"href":"https:\/\/congolobilelo.com\/IN\/wp-json\/wp\/v2\/posts\/694","targetHints":{"allow":["GET"]}}],"collection":[{"href":"https:\/\/congolobilelo.com\/IN\/wp-json\/wp\/v2\/posts"}],"about":[{"href":"https:\/\/congolobilelo.com\/IN\/wp-json\/wp\/v2\/types\/post"}],"author":[{"embeddable":true,"href":"https:\/\/congolobilelo.com\/IN\/wp-json\/wp\/v2\/users\/1"}],"replies":[{"embeddable":true,"href":"https:\/\/congolobilelo.com\/IN\/wp-json\/wp\/v2\/comments?post=694"}],"version-history":[{"count":0,"href":"https:\/\/congolobilelo.com\/IN\/wp-json\/wp\/v2\/posts\/694\/revisions"}],"wp:featuredmedia":[{"embeddable":true,"href":"https:\/\/congolobilelo.com\/IN\/wp-json\/"}],"wp:attachment":[{"href":"https:\/\/congolobilelo.com\/IN\/wp-json\/wp\/v2\/media?parent=694"}],"wp:term":[{"taxonomy":"category","embeddable":true,"href":"https:\/\/congolobilelo.com\/IN\/wp-json\/wp\/v2\/categories?post=694"},{"taxonomy":"post_tag","embeddable":true,"href":"https:\/\/congolobilelo.com\/IN\/wp-json\/wp\/v2\/tags?post=694"}],"curies":[{"name":"wp","href":"https:\/\/api.w.org\/{rel}","templated":true}]}}