{"id":6935,"date":"2014-09-26T13:16:40","date_gmt":"2014-09-26T13:16:40","guid":{"rendered":"http:\/\/www.ingeta.com\/?p=6935"},"modified":"2014-09-26T13:16:40","modified_gmt":"2014-09-26T13:16:40","slug":"congo-in-harlem-6-du-16-au-26-octobre-2014-a-new-york","status":"publish","type":"post","link":"https:\/\/congolobilelo.com\/IN\/congo-in-harlem-6-du-16-au-26-octobre-2014-a-new-york\/","title":{"rendered":"Festival du film &#8211; Congo in Harlem #6: Du 16 au 26 octobre 2014 \u00e0 New-York"},"content":{"rendered":"<p>\t\t\t\t<strong>Communiqu\u00e9.<\/strong><\/p>\n<p>Comme chaque ann\u00e9e, cette sixi\u00e8me \u00e9dition du festival <a href=\"http:\/\/www.congoinharlem.org\/\">Congo In Harlem<\/a> \u00a0pr\u00e9voit de nombreuses activit\u00e9s, notamment la diffusion de certains films. Ainsi, une table ronde sp\u00e9ciale sur l&#8217;\u00e9tat actuel du journalisme en R\u00e9publique d\u00e9mocratique du Congo sera organis\u00e9e en collaboration \u00a0avec la Columbia University School of Journalism\u2019s Brown Institute for Media Innovation.<\/p>\n<p><a href=\"http:\/\/www.congoinharlem.org\/\"><img loading=\"lazy\" decoding=\"async\" class=\"alignleft size-medium wp-image-6936\" src=\"http:\/\/www.ingeta.com\/wp-content\/uploads\/2014\/09\/CIH2014-204x300.jpg\" alt=\"CIH2014\" width=\"204\" height=\"300\" \/><\/a>Parmi les films qui seront diffus\u00e9s figurent la fiction<span class=\"ecxyiv7286984916Apple-converted-space\">\u00a0<\/span><i>\u00ab\u00a0S\u0153ur Oyo\u00a0\u00bb<\/i><span class=\"ecxyiv7286984916Apple-converted-space\">\u00a0<\/span>de \u00a0Monique Mbeka Phoba, les documentaires<i>\u00ab\u00a0Examen d\u2019\u00c9tat\u00a0\u00bb<\/i><span class=\"ecxyiv7286984916Apple-converted-space\">\u00a0<\/span>de Dieudo Hamadi,<span class=\"ecxyiv7286984916Apple-converted-space\">\u00a0<\/span><i>\u00ab\u00a0Tatu\u00a0\u00bb<\/i><span class=\"ecxyiv7286984916Apple-converted-space\">\u00a0<\/span>du r\u00e9alisateur cubain Jorges Fuentes, sur \u00a0le s\u00e9jour de Che Guevara au Congo, et<span class=\"ecxyiv7286984916Apple-converted-space\">\u00a0<\/span><i>\u00ab\u00a0Virunga\u00a0\u00bb<\/i><span class=\"ecxyiv7286984916Apple-converted-space\">\u00a0<\/span>d\u2019Orlando von Einseidel. \u00c9galement au programme la projection d\u2019images d\u2019archives prises lors du c\u00e9l\u00e8bre combat Mohamed Ali- George Foreman tenu \u00e0 Kinshasa et dont on c\u00e9l\u00e8bre le quaranti\u00e8me anniversaire cette ann\u00e9e.<\/p>\n<p>Dans le cadre du projet<i>\u00ab\u00a0Afriq&#8217;Anim&#8217;Action\u00a0\u00bb<\/i>, huit courts m\u00e9trages d&#8217;animation seront \u00e9galement projet\u00e9s. Ces films ont \u00e9t\u00e9 r\u00e9alis\u00e9s par des \u00e9tudiants en cin\u00e9ma de la RD Congo, du Rwanda, du Burundi et du Congo-Brazzaville, sous la supervision du c\u00e9l\u00e8bre cin\u00e9aste congolais Jean Michel Kibushi. \u00a0Par ailleurs, des photos de la ville de Kinshasa, prises dans les ann\u00e9es 1950 et 1960 par le photographe Jean Depara, seront \u00e9galement pr\u00e9sent\u00e9es par la<span class=\"ecxyiv7286984916Apple-converted-space\">\u00a0<\/span><i>Pigozzi Contemporary African Art Collection.<\/i><\/p>\n<p><a href=\"http:\/\/www.congoinharlem.org\/\">Congo in Harlem<\/a> est une organisation volontaire sans but lucratif produite par Maysles Cinema, True-Walker Productions, et l\u2019association Friends of the Congo (Les Amis du Congo).<\/p>\n<p>Lanc\u00e9 en 2009,<span class=\"ecxyiv7286984916Apple-converted-space\">\u00a0<\/span><i>\u00ab\u00a0Congo in Harlem\u00a0\u00bb<\/i><span class=\"ecxyiv7286984916Apple-converted-space\">\u00a0<\/span>\u00a0est une s\u00e9rie annuelle de films et d&#8217;\u00e9v\u00e9nements consacr\u00e9s \u00e0 la RDC. La s\u00e9rie met en vedette un large \u00e9ventail de films de r\u00e9alisateurs congolais et internationaux. Elle met en lumi\u00e8re les enjeux importants auxquels la R\u00e9publique d\u00e9mocratique du Congo fait face aujourd&#8217;hui. La plupart des projections sont suivies par des s\u00e9ances de question-r\u00e9ponse avec les cin\u00e9astes, des tables rondes ou des spectacles musicaux.<span class=\"ecxyiv7286984916Apple-converted-space\">\u00a0<\/span><i>\u00ab\u00a0Congo in Harlem\u00a0\u00bb<\/i><span class=\"ecxyiv7286984916Apple-converted-space\">\u00a0<\/span>vise \u00e0 offrir au public \u00a0la possibilit\u00e9 de c\u00e9l\u00e9brer la culture congolaise, d\u2019en apprendre davantage sur les questions d&#8217;actualit\u00e9 li\u00e9es \u00e0 la RDC, de dialoguer\u00a0et de s&#8217;impliquer.<\/p>\n<p><strong>Plus d&#8217;informations:<\/strong><\/p>\n<p>Site web: <a href=\"http:\/\/www.congoinharlem.org\/\" target=\"_blank\" rel=\"noopener\">http:\/\/www.congoinharlem.org\/<\/a><br \/>\nPage Facebook: <a href=\"http:\/\/facebook.com\/congoinharlem\" target=\"_blank\" rel=\"noopener\">http:\/\/facebook.com\/congoinharlem<\/a><\/p>\n<p>&nbsp;<\/p>\n<p>&nbsp;\t\t<\/p>\n","protected":false},"excerpt":{"rendered":"<p>Communiqu\u00e9. Comme chaque ann\u00e9e, cette sixi\u00e8me \u00e9dition du festival Congo In Harlem \u00a0pr\u00e9voit de nombreuses activit\u00e9s, notamment la diffusion de certains films. Ainsi, une table ronde sp\u00e9ciale sur l&#8217;\u00e9tat actuel du journalisme en R\u00e9publique d\u00e9mocratique du Congo sera organis\u00e9e en collaboration \u00a0avec la Columbia University School of Journalism\u2019s Brown Institute for Media Innovation. Parmi les [&hellip;]<\/p>\n","protected":false},"author":1,"featured_media":6942,"comment_status":"open","ping_status":"open","sticky":false,"template":"","format":"standard","meta":{"_acf_changed":false,"content-type":"","footnotes":""},"categories":[146,119,127,165],"tags":[],"class_list":["post-6935","post","type-post","status-publish","format-standard","has-post-thumbnail","hentry","category-culture","category-medias","category-rencontresdebats","category-usa"],"acf":[],"_links":{"self":[{"href":"https:\/\/congolobilelo.com\/IN\/wp-json\/wp\/v2\/posts\/6935","targetHints":{"allow":["GET"]}}],"collection":[{"href":"https:\/\/congolobilelo.com\/IN\/wp-json\/wp\/v2\/posts"}],"about":[{"href":"https:\/\/congolobilelo.com\/IN\/wp-json\/wp\/v2\/types\/post"}],"author":[{"embeddable":true,"href":"https:\/\/congolobilelo.com\/IN\/wp-json\/wp\/v2\/users\/1"}],"replies":[{"embeddable":true,"href":"https:\/\/congolobilelo.com\/IN\/wp-json\/wp\/v2\/comments?post=6935"}],"version-history":[{"count":0,"href":"https:\/\/congolobilelo.com\/IN\/wp-json\/wp\/v2\/posts\/6935\/revisions"}],"wp:featuredmedia":[{"embeddable":true,"href":"https:\/\/congolobilelo.com\/IN\/wp-json\/"}],"wp:attachment":[{"href":"https:\/\/congolobilelo.com\/IN\/wp-json\/wp\/v2\/media?parent=6935"}],"wp:term":[{"taxonomy":"category","embeddable":true,"href":"https:\/\/congolobilelo.com\/IN\/wp-json\/wp\/v2\/categories?post=6935"},{"taxonomy":"post_tag","embeddable":true,"href":"https:\/\/congolobilelo.com\/IN\/wp-json\/wp\/v2\/tags?post=6935"}],"curies":[{"name":"wp","href":"https:\/\/api.w.org\/{rel}","templated":true}]}}