{"id":6921,"date":"2014-09-23T14:00:40","date_gmt":"2014-09-23T14:00:40","guid":{"rendered":"http:\/\/www.ingeta.com\/?p=6921"},"modified":"2014-09-23T14:00:40","modified_gmt":"2014-09-23T14:00:40","slug":"usa-les-multinationales-kagame-et-le-pillage-du-congo-quel-role-doit-jouer-la-diaspora-congolaise","status":"publish","type":"post","link":"https:\/\/congolobilelo.com\/IN\/usa-les-multinationales-kagame-et-le-pillage-du-congo-quel-role-doit-jouer-la-diaspora-congolaise\/","title":{"rendered":"USA, les multinationales, Kagam\u00e9 et le pillage du Congo: Quel r\u00f4le doit jouer la diaspora congolaise?"},"content":{"rendered":"<p>\t\t\t\tDans ce nouvel \u00e9pisode de Congologie, Kambale Musavuli revient sur le r\u00f4le des USA et de leurs multinationales dans le pillage et la d\u00e9stabilisation du Congo, rappelle pourquoi Kagam\u00e9 est le L\u00e9opold II des temps modernes et expose des id\u00e9es et strat\u00e9gies pour que les congolais de la diaspora s&#8217;organisent et s&#8217;impliquent l\u00e0 o\u00f9 ils vivent\u00a0dans l&#8217;activisme politique et citoyen en faveur du Congo.<\/p>\n<p>L&#8217;id\u00e9e est que les congolais, o\u00f9 qu&#8217;ils soient, doivent s&#8217;organiser pour faire pression sur les gouvernements et d\u00e9cideurs de leurs pays de r\u00e9sidence afin qu&#8217;\u00e0 leur tour, ils fassent pression \u00e0 Kinshasa pour d\u00e9verrouiller l&#8217;espace public et m\u00e9diatique et les libert\u00e9s fondamentales.<\/p>\n<p><a href=\"http:\/\/youtu.be\/1MIA5bXuCrk\"><img loading=\"lazy\" decoding=\"async\" class=\"alignnone wp-image-6922 size-full\" src=\"http:\/\/www.ingeta.com\/wp-content\/uploads\/2014\/09\/congologie.jpg\" alt=\"congologie\" width=\"480\" height=\"360\" \/><\/a>\t\t<\/p>\n","protected":false},"excerpt":{"rendered":"<p>Dans ce nouvel \u00e9pisode de Congologie, Kambale Musavuli revient sur le r\u00f4le des USA et de leurs multinationales dans le pillage et la d\u00e9stabilisation du Congo, rappelle pourquoi Kagam\u00e9 est le L\u00e9opold II des temps modernes et expose des id\u00e9es et strat\u00e9gies pour que les congolais de la diaspora s&#8217;organisent et s&#8217;impliquent l\u00e0 o\u00f9 ils [&hellip;]<\/p>\n","protected":false},"author":1,"featured_media":6922,"comment_status":"open","ping_status":"open","sticky":false,"template":"","format":"video","meta":{"_acf_changed":false,"content-type":"","footnotes":""},"categories":[148,120,124,133],"tags":[],"class_list":["post-6921","post","type-post","status-publish","format-video","has-post-thumbnail","hentry","category-documents-presse","category-mondialisation","category-politique-societe","category-videos","post_format-post-format-video"],"acf":[],"_links":{"self":[{"href":"https:\/\/congolobilelo.com\/IN\/wp-json\/wp\/v2\/posts\/6921","targetHints":{"allow":["GET"]}}],"collection":[{"href":"https:\/\/congolobilelo.com\/IN\/wp-json\/wp\/v2\/posts"}],"about":[{"href":"https:\/\/congolobilelo.com\/IN\/wp-json\/wp\/v2\/types\/post"}],"author":[{"embeddable":true,"href":"https:\/\/congolobilelo.com\/IN\/wp-json\/wp\/v2\/users\/1"}],"replies":[{"embeddable":true,"href":"https:\/\/congolobilelo.com\/IN\/wp-json\/wp\/v2\/comments?post=6921"}],"version-history":[{"count":0,"href":"https:\/\/congolobilelo.com\/IN\/wp-json\/wp\/v2\/posts\/6921\/revisions"}],"wp:featuredmedia":[{"embeddable":true,"href":"https:\/\/congolobilelo.com\/IN\/wp-json\/"}],"wp:attachment":[{"href":"https:\/\/congolobilelo.com\/IN\/wp-json\/wp\/v2\/media?parent=6921"}],"wp:term":[{"taxonomy":"category","embeddable":true,"href":"https:\/\/congolobilelo.com\/IN\/wp-json\/wp\/v2\/categories?post=6921"},{"taxonomy":"post_tag","embeddable":true,"href":"https:\/\/congolobilelo.com\/IN\/wp-json\/wp\/v2\/tags?post=6921"}],"curies":[{"name":"wp","href":"https:\/\/api.w.org\/{rel}","templated":true}]}}