{"id":6892,"date":"2014-09-14T13:28:28","date_gmt":"2014-09-14T13:28:28","guid":{"rendered":"http:\/\/www.ingeta.com\/?p=6892"},"modified":"2014-09-14T13:28:28","modified_gmt":"2014-09-14T13:28:28","slug":"les-pomba-et-les-kuluna-la-face-visible-dun-sous-systeme-violent","status":"publish","type":"post","link":"https:\/\/congolobilelo.com\/IN\/les-pomba-et-les-kuluna-la-face-visible-dun-sous-systeme-violent\/","title":{"rendered":"Les  \u2018\u2019pomba\u2019\u2019 et \u2018\u2019les kuluna\u2019\u2019 : la face visible d\u2019un sous-syst\u00e8me violent"},"content":{"rendered":"<p>\t\t\t\tPar Jean-Pierre Mbelu<\/p>\n<p><strong>Le ph\u00e9nom\u00e8ne &#8220;pomba-kuluna&#8221; devrait \u00eatre \u00e9tudi\u00e9 pour ce qu\u2019il est : un sous-produit de l\u2019appauvrissement spirituel et culturel des jeunes Congolais entretenu par \u2018\u2019les seigneurs de la guerre\u2019\u2019 de pr\u00e9dation et de basse intensit\u00e9 men\u00e9e contre le Congo-Kinshasa depuis les ann\u00e9es 1996. Les partisans d\u2019un contre-pouvoir l\u00e9gitime et efficace dans ce pays devraient \u00e9tudier ce ph\u00e9nom\u00e8ne en profondeur et initier de nouveaux lieux de th\u00e9rapie d\u00e9senvoutante.<\/strong><\/p>\n<p>Aux derni\u00e8res nouvelles, le Congo-Kinshasa compte 18.000.000 d\u2019analphab\u00e8tes. Plusieurs de ses filles et fils sont livr\u00e9s au banditisme. Quand ceux-ci sont encadr\u00e9s et\/ou \u2018\u2019institutionnalis\u00e9s\u2019\u2019 par \u2018\u2019les seigneurs de la guerre\u2019\u2019 g\u00e9rant les institutions formelles (vides de contenu) de l\u2019Etat manqu\u00e9 du pays, ils sont nomm\u00e9s \u2018\u2019pomba\u2019\u2019. Quand ils \u00e9chappent \u00e0 leur contr\u00f4le, ils sont tax\u00e9s de \u2018\u2019kuluna\u2019\u2019. Que le banditisme soit \u2018\u2019institutionnalis\u00e9[1]\u2019\u2019 ou pas, il r\u00e9v\u00e8le la nature d\u2019une gestion martiale d\u2019un pays pris en otage par un groupe de \u2018\u2019seigneurs de la guerre\u2019\u2019 travaillant en r\u00e9seau avec des \u2018\u2019proxies\u2019\u2019 rwandais et ougandais commis \u00e0 la sale besogne de l\u2019implosion et de la balkanisation du Congo-Kinshasa.<\/p>\n<p>Ces \u2018\u2019seigneurs de la guerre\u2019\u2019 font partie d\u2019un sous-syst\u00e8me violent ayant le capitalisme sauvage comme matrice organisationnelle. Ils organisent (ou poursuivent) \u2018\u2019la guerre de tous contre tous\u2019\u2019 en criminalisant tous les r\u00e9sistants \u00e0 ce sous-syst\u00e8me, en leur intentant des proc\u00e8s bidons ou en les accusant de \u2018\u2019racistes\u2019\u2019. Au fur et \u00e0 mesure que ce sous-syst\u00e8me accueille en son sein les militaires rwandais, burundais et ougandais en favorisant des accords secrets (de polichinelle) entre \u2018\u2019les proxies\u2019\u2019[2], il distribue aux m\u00e9dias qu\u2019il contr\u00f4le des \u00e9l\u00e9ments de langage leur permettant de faire peur aux Congolais(es) pouvant d\u00e9crier cette proc\u00e9dure en les taxant de x\u00e9nophobes et de racistes.<\/p>\n<p>Le sous-syst\u00e8me violent op\u00e9rant sur fond de l\u2019ensauvagement capitaliste ob\u00e9it au principe cher aux \u2018\u2019ma\u00eetres du monde et \u00e0 ceux qui leur ob\u00e9issent\u2019\u2019 : diviser pour r\u00e9gner. Il appauvrit mat\u00e9riellement, moralement, spirituellement et culturellement les jeunes analphab\u00e8tes (ou analphab\u00e9tis\u00e9s) qu\u2019il transforme en ses \u2018\u2019petits soldats\u2019\u2019 et qu\u2019il peut aussi massacrer pour donner l\u2019impression qu\u2019il veille \u00e0 la s\u00e9curit\u00e9 des masses congolaises qu\u2019il oppose \u00e0 ces \u2018\u2019pomba\u2019\u2019 et ces \u2018\u2019kuluna\u2019\u2019 comme l\u2019a illustr\u00e9 l\u2019affaire Mukungubila. Le pire de l&#8217;appauvrissement est ici spirituel et culturel. Ce sous-syst\u00e8me n\u00e9olib\u00e9ral mange les c\u0153urs et les esprits de nos jeunes en en faisant \u2018\u2019la chair \u00e0 canon\u2019\u2019 de \u2018\u2019la guerre de tous contre tous\u2019\u2019. Ses commanditaires, op\u00e9rant dans l\u2019ombre, savent, eux, que \u2018\u2019l\u2019outil le plus puissant que d\u00e9tienne l\u2019oppresseur est la pens\u00e9e de l\u2019opprim\u00e9\u2019\u2019. Ce sous-syst\u00e8me a corrompu moralement et \u00e9thiquement nos enfants en leur inculquant une culture de la violence, de la cupidit\u00e9 et de la haine. Il en a fait des larbins ; des admirateurs fous des pyromanes du Congo-Kinshasa.<br \/>\nH\u00e9las ! Toute m\u00e9daille a son revers ! Le mal et la violence peuvent avoir un effet de boomerang : ils peuvent se retourner contre ceux qui les imposent comme unique chemin de vie pour nos jeunes et pour le pays.<\/p>\n<p>Identifier ce sous-syst\u00e8me dans toutes ses composantes, ma\u00eetriser son mode op\u00e9ratoire et ses m\u00e9canismes d\u2019abrutissement et d\u2019avilissement de nos jeunes et de nos masses populaires, lutter contre sa politique du \u2018\u2019diviser pour r\u00e9gner\u2019\u2019 \u00e0 travers de grands mouvements populaires unifiants ayant comme matrice organisationnelle la souverainet\u00e9, la protections des terres congolaises, la coop\u00e9ration et la solidarit\u00e9 seraient des actions prioritaires que devraient mener des Congolais(es) cherchant \u00e0 cr\u00e9er un contrepouvoir l\u00e9gitime et efficace contre ce sous-syst\u00e8me de la mort.<\/p>\n<p>&nbsp;<\/p>\n<div><em><span lang=\"FR-BE\">Mbelu Babanya Kabudi<\/span><\/em><\/div>\n<div>\n<hr align=\"left\" size=\"1\" width=\"33%\" \/>\n<div>\n<div><a title=\"\" name=\"14873a68c43cd260__ftn1\"><\/a>[1] <a href=\"http:\/\/www.congoindependant.com\/article.php?articleid=9256\" target=\"_blank\" rel=\"noopener\">http:\/\/www.congoindependant.<wbr \/>com\/article.php?articleid=9256<\/a><\/div>\n<\/div>\n<div>\n<div><a title=\"\" name=\"14873a68c43cd260__ftn2\"><\/a>[2] <a href=\"http:\/\/ikazeiwacu.fr\/2014\/06\/17\/rwanda-rdc-le-contract-secret-entre-kagame-et-kabila-denvoyer-les-forces-speciales-rwandaises-a-kinshasa\/\" target=\"_blank\" rel=\"noopener\">http:\/\/ikazeiwacu.fr\/2014\/06\/<wbr \/>17\/rwanda-rdc-le-contract-<wbr \/>secret-entre-kagame-et-kabila-<wbr \/>denvoyer-les-forces-speciales-<wbr \/>rwandaises-a-kinshasa\/<\/a><\/div>\n<div><\/div>\n<div><\/div>\n<\/div>\n<\/div>\n","protected":false},"excerpt":{"rendered":"<p>Par Jean-Pierre Mbelu Le ph\u00e9nom\u00e8ne &#8220;pomba-kuluna&#8221; devrait \u00eatre \u00e9tudi\u00e9 pour ce qu\u2019il est : un sous-produit de l\u2019appauvrissement spirituel et culturel des jeunes Congolais entretenu par \u2018\u2019les seigneurs de la guerre\u2019\u2019 de pr\u00e9dation et de basse intensit\u00e9 men\u00e9e contre le Congo-Kinshasa depuis les ann\u00e9es 1996. Les partisans d\u2019un contre-pouvoir l\u00e9gitime et efficace dans ce pays [&hellip;]<\/p>\n","protected":false},"author":1,"featured_media":6893,"comment_status":"open","ping_status":"open","sticky":false,"template":"","format":"standard","meta":{"_acf_changed":false,"content-type":"","footnotes":""},"categories":[107,124],"tags":[],"class_list":["post-6892","post","type-post","status-publish","format-standard","has-post-thumbnail","hentry","category-analyses-commentaires","category-politique-societe"],"acf":[],"_links":{"self":[{"href":"https:\/\/congolobilelo.com\/IN\/wp-json\/wp\/v2\/posts\/6892","targetHints":{"allow":["GET"]}}],"collection":[{"href":"https:\/\/congolobilelo.com\/IN\/wp-json\/wp\/v2\/posts"}],"about":[{"href":"https:\/\/congolobilelo.com\/IN\/wp-json\/wp\/v2\/types\/post"}],"author":[{"embeddable":true,"href":"https:\/\/congolobilelo.com\/IN\/wp-json\/wp\/v2\/users\/1"}],"replies":[{"embeddable":true,"href":"https:\/\/congolobilelo.com\/IN\/wp-json\/wp\/v2\/comments?post=6892"}],"version-history":[{"count":0,"href":"https:\/\/congolobilelo.com\/IN\/wp-json\/wp\/v2\/posts\/6892\/revisions"}],"wp:featuredmedia":[{"embeddable":true,"href":"https:\/\/congolobilelo.com\/IN\/wp-json\/"}],"wp:attachment":[{"href":"https:\/\/congolobilelo.com\/IN\/wp-json\/wp\/v2\/media?parent=6892"}],"wp:term":[{"taxonomy":"category","embeddable":true,"href":"https:\/\/congolobilelo.com\/IN\/wp-json\/wp\/v2\/categories?post=6892"},{"taxonomy":"post_tag","embeddable":true,"href":"https:\/\/congolobilelo.com\/IN\/wp-json\/wp\/v2\/tags?post=6892"}],"curies":[{"name":"wp","href":"https:\/\/api.w.org\/{rel}","templated":true}]}}