{"id":6889,"date":"2014-09-06T06:57:34","date_gmt":"2014-09-06T06:57:34","guid":{"rendered":"http:\/\/www.ingeta.com\/?p=6889"},"modified":"2014-09-06T06:57:34","modified_gmt":"2014-09-06T06:57:34","slug":"conference-inter-kongolaise-de-boston-usa-du-12-au-14-septembre-2014","status":"publish","type":"post","link":"https:\/\/congolobilelo.com\/IN\/conference-inter-kongolaise-de-boston-usa-du-12-au-14-septembre-2014\/","title":{"rendered":"Conf\u00e9rence inter-Kongolaise de Boston, USA &#8211; Du 12 au 14 septembre 2014"},"content":{"rendered":"<p>\t\t\t\t<em><strong>Communiqu\u00e9.<\/strong><\/em> La conf\u00e9rence Inter-Kongolaise que la G\u00e9n\u00e9ration \u2018\u2019R\u2019\u2019 organise est une activit\u00e9 qui rentre dans le cadre de la tenue sa convention annuelle qui est notamment un \u00e9v\u00e8nement international consacre \u00e0 la r\u00e9flexion sur le changement en Afrique, particuli\u00e8rement en RD Congo \u00e0 travers des questions des valeurs, des mentalit\u00e9s et en bref de l\u2019\u00e9ducation. <\/p>\n<p>La conf\u00e9rence inter-Kongolaise \u2019 est une activit\u00e9 non-partisane et se veut un cadre de r\u00e9flexion et un instrument de pression que les activistes congolais peuvent utiliser pour contribuer au changement de la soci\u00e9t\u00e9 congolaise. Elle a donc pour but de donner de la voie \u00e0 tous ceux qui proposent et se battent pour le changement des mentalit\u00e9s politiques, \u00e9conomiques et sociales en Afrique (RD Congo) \u00e0 travers l\u2019\u00e9ducation. <\/p>\n<p>Les premiers acteurs dans cette conf\u00e9rence sont donc des congolais qui se battent pour une quelconque cause pour le changement de la nation congolaise en termes de d\u00e9mocratie, de justice sociale et de meilleures conditions de vie de la population en RD Congo. La conf\u00e9rence inter-Kongolaise de Boston n\u2019est pas un forum acad\u00e9mique sur la RD Congo, mais plut\u00f4t un espace de concertation des activistes sur les actions \u00e0 mener. Elle se veut \u00eatre \u00e0 la port\u00e9e intellectuelle de tous les congolais, universitaire et non-universitaire.<\/p>\n<p>Pour cette ann\u00e9e 2014, qui est l\u2019ann\u00e9e du lancement de ladite conf\u00e9rence, le th\u00e8me g\u00e9n\u00e9ral \u00e0 exploiter est une question que nous aimerions tous r\u00e9pondre : qui va changer la RD Congo ? Cette question va permettra aux participants \u00e0 la conf\u00e9rence de r\u00e9fl\u00e9chir ensemble sur les sources et les m\u00e9canismes possibles du changement que tous les congolais souhaitent voir dans leur soci\u00e9t\u00e9. <\/p>\n<p><strong>Dates:<\/strong><br \/>\nDu 12 septembre au 14 septembre 2014<\/p>\n<p><strong>Lieu:<\/strong><br \/>\nBunker Hill Community College, 250 Rutherford Ave, Charlestown, MA, USA<\/p>\n<p><strong>Plus d&#8217;information:<\/strong><br \/>\nhttps:\/\/www.facebook.com\/events\/951838938165048\/<br \/>\n<\/br><\/p>\n","protected":false},"excerpt":{"rendered":"<p>Communiqu\u00e9. La conf\u00e9rence Inter-Kongolaise que la G\u00e9n\u00e9ration \u2018\u2019R\u2019\u2019 organise est une activit\u00e9 qui rentre dans le cadre de la tenue sa convention annuelle qui est notamment un \u00e9v\u00e8nement international consacre \u00e0 la r\u00e9flexion sur le changement en Afrique, particuli\u00e8rement en RD Congo \u00e0 travers des questions des valeurs, des mentalit\u00e9s et en bref de l\u2019\u00e9ducation. [&hellip;]<\/p>\n","protected":false},"author":1,"featured_media":6890,"comment_status":"open","ping_status":"open","sticky":false,"template":"","format":"standard","meta":{"_acf_changed":false,"content-type":"","footnotes":""},"categories":[145,124,127],"tags":[],"class_list":["post-6889","post","type-post","status-publish","format-standard","has-post-thumbnail","hentry","category-conferences-salons","category-politique-societe","category-rencontresdebats"],"acf":[],"_links":{"self":[{"href":"https:\/\/congolobilelo.com\/IN\/wp-json\/wp\/v2\/posts\/6889","targetHints":{"allow":["GET"]}}],"collection":[{"href":"https:\/\/congolobilelo.com\/IN\/wp-json\/wp\/v2\/posts"}],"about":[{"href":"https:\/\/congolobilelo.com\/IN\/wp-json\/wp\/v2\/types\/post"}],"author":[{"embeddable":true,"href":"https:\/\/congolobilelo.com\/IN\/wp-json\/wp\/v2\/users\/1"}],"replies":[{"embeddable":true,"href":"https:\/\/congolobilelo.com\/IN\/wp-json\/wp\/v2\/comments?post=6889"}],"version-history":[{"count":0,"href":"https:\/\/congolobilelo.com\/IN\/wp-json\/wp\/v2\/posts\/6889\/revisions"}],"wp:featuredmedia":[{"embeddable":true,"href":"https:\/\/congolobilelo.com\/IN\/wp-json\/"}],"wp:attachment":[{"href":"https:\/\/congolobilelo.com\/IN\/wp-json\/wp\/v2\/media?parent=6889"}],"wp:term":[{"taxonomy":"category","embeddable":true,"href":"https:\/\/congolobilelo.com\/IN\/wp-json\/wp\/v2\/categories?post=6889"},{"taxonomy":"post_tag","embeddable":true,"href":"https:\/\/congolobilelo.com\/IN\/wp-json\/wp\/v2\/tags?post=6889"}],"curies":[{"name":"wp","href":"https:\/\/api.w.org\/{rel}","templated":true}]}}