{"id":6878,"date":"2014-09-07T18:29:53","date_gmt":"2014-09-07T18:29:53","guid":{"rendered":"http:\/\/www.ingeta.com\/?p=6878"},"modified":"2014-09-07T18:29:53","modified_gmt":"2014-09-07T18:29:53","slug":"soiree-debat-lest-du-congo-apres-le-m23-comment-reinstaurer-la-paix-a-bruxelles-le-4-octobre-2014","status":"publish","type":"post","link":"https:\/\/congolobilelo.com\/IN\/soiree-debat-lest-du-congo-apres-le-m23-comment-reinstaurer-la-paix-a-bruxelles-le-4-octobre-2014\/","title":{"rendered":"Soir\u00e9e-d\u00e9bat: L\u2019Est du Congo apr\u00e8s le M23 : comment r\u00e9instaurer la paix ? A Bruxelles, le 4 octobre 2014"},"content":{"rendered":"<p>\t\t\t\tDepuis 20 ans, la guerre et l\u2019ins\u00e9curit\u00e9 ravagent l\u2019Est de la R\u00e9publique D\u00e9mocratique du Congo. Des activistes congolais prennent des initiatives pour contribuer \u00e0 la paix.<\/p>\n<p>Quelle est la situation au Nord-Kivu apr\u00e8s la d\u00e9faite officielle du M23 ?<\/p>\n<p>Comment le Congo peut r\u00e9instaurer la paix \u00e0 l\u2019Est du pays?<\/p>\n<p>Quel r\u00f4le peuvent jouer les jeunes activistes au Congo et la diaspora congolaise ?<\/p>\n<h3>Campus Congo, en collaboration avec la Maison Flamande Africaine Kuumba, organise le samedi 4 octobre de 18h \u00e0 20h \u00e0 Kuumba (Rue de la paix 35, 1050 Bruxelles) une soir\u00e9e-d\u00e9bat avec Pascal Mugaruka et Jean-Jacques Wondo.<\/h3>\n<p>Pascal Mugaruka dirige depuis 2011 le mouvement des jeunes <a href=\"http:\/\/africareconciled.org\/\" target=\"_blank\" rel=\"noopener\">Africa Reconciled<\/a> \u00e0 Goma dans la province du Nord-Kivu. L\u2019organisation \u0153uvre pour la r\u00e9conciliation et l\u2019unit\u00e9 en Afrique et en particulier en RD Congo. Mugaruka s\u00e9journe en Belgique du 21 septembre au 6 octobre dans le cadre de la Semaine de la Paix.<\/p>\n<p>Jean-Jacques Wondo est analyste politique et expert militaire et dirige depuis 2013 le site web <a href=\"http:\/\/www.desc-wondo.org\" target=\"_blank\" rel=\"noopener\">www.desc-wondo.org<\/a>.<\/p>\n<p>Mod\u00e9rateur : Frederick Walumona\t\t<\/p>\n","protected":false},"excerpt":{"rendered":"<p>Depuis 20 ans, la guerre et l\u2019ins\u00e9curit\u00e9 ravagent l\u2019Est de la R\u00e9publique D\u00e9mocratique du Congo. Des activistes congolais prennent des initiatives pour contribuer \u00e0 la paix. Quelle est la situation au Nord-Kivu apr\u00e8s la d\u00e9faite officielle du M23 ? Comment le Congo peut r\u00e9instaurer la paix \u00e0 l\u2019Est du pays? Quel r\u00f4le peuvent jouer les [&hellip;]<\/p>\n","protected":false},"author":1,"featured_media":6879,"comment_status":"open","ping_status":"open","sticky":false,"template":"","format":"standard","meta":{"_acf_changed":false,"content-type":"","footnotes":""},"categories":[167,124,127],"tags":[],"class_list":["post-6878","post","type-post","status-publish","format-standard","has-post-thumbnail","hentry","category-belgique","category-politique-societe","category-rencontresdebats"],"acf":[],"_links":{"self":[{"href":"https:\/\/congolobilelo.com\/IN\/wp-json\/wp\/v2\/posts\/6878","targetHints":{"allow":["GET"]}}],"collection":[{"href":"https:\/\/congolobilelo.com\/IN\/wp-json\/wp\/v2\/posts"}],"about":[{"href":"https:\/\/congolobilelo.com\/IN\/wp-json\/wp\/v2\/types\/post"}],"author":[{"embeddable":true,"href":"https:\/\/congolobilelo.com\/IN\/wp-json\/wp\/v2\/users\/1"}],"replies":[{"embeddable":true,"href":"https:\/\/congolobilelo.com\/IN\/wp-json\/wp\/v2\/comments?post=6878"}],"version-history":[{"count":0,"href":"https:\/\/congolobilelo.com\/IN\/wp-json\/wp\/v2\/posts\/6878\/revisions"}],"wp:featuredmedia":[{"embeddable":true,"href":"https:\/\/congolobilelo.com\/IN\/wp-json\/"}],"wp:attachment":[{"href":"https:\/\/congolobilelo.com\/IN\/wp-json\/wp\/v2\/media?parent=6878"}],"wp:term":[{"taxonomy":"category","embeddable":true,"href":"https:\/\/congolobilelo.com\/IN\/wp-json\/wp\/v2\/categories?post=6878"},{"taxonomy":"post_tag","embeddable":true,"href":"https:\/\/congolobilelo.com\/IN\/wp-json\/wp\/v2\/tags?post=6878"}],"curies":[{"name":"wp","href":"https:\/\/api.w.org\/{rel}","templated":true}]}}