{"id":6875,"date":"2014-09-03T17:49:06","date_gmt":"2014-09-03T17:49:06","guid":{"rendered":"http:\/\/www.ingeta.com\/?p=6875"},"modified":"2014-09-03T17:49:06","modified_gmt":"2014-09-03T17:49:06","slug":"a-kingakati-la-mp-et-le-rais-font-de-la-politique-une-question-de-survie-suite-et-fin","status":"publish","type":"post","link":"https:\/\/congolobilelo.com\/IN\/a-kingakati-la-mp-et-le-rais-font-de-la-politique-une-question-de-survie-suite-et-fin\/","title":{"rendered":"A Kingakati, la MP et \u2018\u2019le ra\u00efs\u2019\u2019 font de la politique une question de survie (suite et fin)"},"content":{"rendered":"<p>\t\t\t\tPar Jean-Pierre Mbelu<\/p>\n<p><strong>Dans la premi\u00e8re partie de cet article, nous avons essay\u00e9 de d\u00e9gager, en partant des propos tenus \u00e0 Kingakati le 25 ao\u00fbt 2014 par certains membres de la MP et leur \u2018\u2019autorit\u00e9 morale\u2019\u2019, l\u2019approche politique de ce camp de la \u2018\u2019kabilie\u2019\u2019. Ces propos nous ont pouss\u00e9 \u00e0 revisiter un rapport de la FIDH r\u00e9dig\u00e9 en 2009[1]. Nous y revenons dans les lignes qui suivent pour mieux comprendre les racines historiques de ladite approche politique et la cause qu\u2019elle sert.<\/strong><\/p>\n<p>En 2009, une d\u00e9l\u00e9gation de la FIDH a men\u00e9 une mission au Congo-Kinshasa avec l\u2019aide des associations des droits de l\u2019homme op\u00e9rant au pays. Elle tenait \u00e0 examiner \u2018\u2019l\u2019action des autorit\u00e9s \u00e9lues de la RDC et de leurs agents\u2019\u2019. Elle a relev\u00e9 des constats aussi simples que ceux-ci : le nombre \u00e9lev\u00e9 de partis politiques congolais n\u2019est pas synonyme de pluralisme politique \u00e9tant donn\u00e9 le verrouillage de l\u2019espace public et les pires s\u00e9vices que peuvent subir les militants politiques s\u2019ils arrivent \u00e0 exprimer publiquement leur opinion sur la marche du pays ; \u00ab les membres de la soci\u00e9t\u00e9 civile sont syst\u00e9matiquement assimil\u00e9s \u00e0 des opposants d\u00e8s lors qu\u2019ils d\u00e9noncent les atteintes aux libert\u00e9s fondamentales et \u00e0 l\u2019Etat de droit commises par le pouvoir en place ou tout simplement, comme les journalistes, relaient ces informations \u00bb ; et \u00ab la liste des forces de s\u00e9curit\u00e9 proc\u00e9dant \u00e0 des arrestations, d\u00e9tentions et enqu\u00eates est en effet longue. Interviennent entre autres : la police nationale Congolaise et ses unit\u00e9s et services sp\u00e9ciaux tels que la Police d\u2019Intervention Rapide (PIR) et la Direction G\u00e9n\u00e9rale des Services Sp\u00e9ciaux de la Police, la Garde Pr\u00e9sidentielle, l\u2019Etat Major des Renseignements Militaires (d\u00e9nomm\u00e9 par tous les interlocuteurs par son ancien nom, D\u00e9tection militaire des activit\u00e9s anti-patrie, DEMIAP), et l\u2019Agence Nationale de Renseignements. Une situation qui, en fin de compte, ne rappelle que trop bien aux militants congolais des droits de l\u2019Homme, la situation qui pr\u00e9valait \u00e0 l\u2019\u00e9poque mobutiste. \u00bb<\/p>\n<p>Finalement, la mission de la FIDH est arriv\u00e9e \u00e0 la conclusion suivante : \u00ab La politique men\u00e9e par le pouvoir en place depuis quelques mois est en effet d\u00e9nu\u00e9e d\u2019ambigu\u00eft\u00e9. Il s\u2019agit \u2013 en violation de toutes les libert\u00e9s fondamentales garanties par la Constitution et les instruments internationaux ratifi\u00e9s par la RDC \u2013 de mettre au pas tous les contre-pouvoirs et plus g\u00e9n\u00e9ralement ceux qui osent encore d\u00e9noncer et\/ou s\u2019opposer aux d\u00e9rives du r\u00e9gime, qu\u2019ils soient parlementaires, magistrats, militants politiques, d\u00e9fenseurs des droits de l\u2019homme, journalistes, \u00e9tudiants ou simples citoyens. \u00bb Elle a remarqu\u00e9 que cette mise au pas de tous les contre-pouvoirs se faisait avec \u2018\u2019le soutien\u2019\u2019 de \u2018\u2019la communaut\u00e9 internationale\u2019\u2019 encline \u00e0 \u2018\u2019vanter la jeune et nouvelle d\u00e9mocratie congolaise\u2019\u2019.<\/p>\n<p>Ce rapport, malgr\u00e9 ses limites, aide \u00e0 comprendre que \u2018\u2019les nouveaux pr\u00e9dateurs\u2019\u2019, impliqu\u00e9s dans la guerre de basse intensit\u00e9 men\u00e9e contre le Congo-Kinshasa par les proxys ougandais et rwandais interpos\u00e9s, avec la complicit\u00e9 de plusieurs Congolais (dont quelques anciens dinosaures mobutistes), ne se sont pas convertis du tout en \u2018\u2019hommes politiques\u2019\u2019, encore moins en \u2018\u2019hommes d\u2019Etat\u2019\u2019. Ils sont rest\u00e9s, dans leur \u00e2me, \u2018\u2019des seigneurs de guerre\u2019\u2019 d\u00e9cid\u00e9s \u00e0 ne pas se conformer aux r\u00e8gles fondamentales pouvant \u00e9lever un pays, une nation. D\u2019o\u00f9 leur refus cat\u00e9gorique de tous les contre-pouvoirs. Sur ce point, \u2018\u2019le ra\u00efs\u2019\u2019 dit une contre-v\u00e9rit\u00e9 quand il veut faire croire aux membres de la MP pr\u00e9sents \u00e0 Kingakati qu\u2019il a cru na\u00efvement en l\u2019apport d\u00e9mocratique de l\u2019opposition. Non. Il n\u2019en a jamais voulu.<\/p>\n<p>Le rapport de la FIDH nous aide \u00e0 comprendre que la violation de la Constitution congolaise (de Li\u00e8ge) comme celle des instruments internationaux ratifi\u00e9s par le Congo-Kinshasa est une constante au Congo-Kinshasa.<\/p>\n<p>N\u00e9anmoins, ce rapport marque ses limites quand il ne r\u00e9ussit pas \u00e0 pointer du doigt le r\u00e9seau transnational de pr\u00e9dation incluant \u2018\u2019les nouveaux pr\u00e9dateurs\u2019\u2019, \u2018\u2019des vieux dinosaures mobutistes\u2019\u2019, leurs parrains occidentaux et les multinationales comme \u2018\u2019auteur mat\u00e9riel et intellectuel\u2019\u2019 de l\u2019approche martiale de la politique au Congo-Kinshasa. Tout ce beau monde constitue \u2018\u2019la Nomenklatura\u2019\u2019 d\u00e9cid\u00e9e \u00e0 promouvoir le statu quo au pays de Lumumba. Il s\u2019est fabriqu\u00e9 quelques \u00e9l\u00e9ments de langage pour pr\u00e9senter proprement ce pays (r\u00e9duit \u00e0 sa plus simple expression de \u2018\u2019r\u00e9servoir de mati\u00e8res premi\u00e8res\u2019\u2019 et de \u2018\u2019colonie occidentale\u2019\u2019) dans les m\u00e9dias dominants en vantant \u2018\u2019la jeune et nouvelle d\u00e9mocratie congolaise\u2019\u2019 issue des \u2018\u2019\u00e9lections au suffrage universel\u2019\u2019. Pouvait-il en \u00eatre autrement ? Difficile \u00e0 dire.<\/p>\n<p>Pourquoi ? Plusieurs \u00e9lites anglo-saxonnes menant la guerre de basse intensit\u00e9 contre le Congo-Kinshasa par proxys interpos\u00e9s ont entre autres pour objectif de cr\u00e9er des \u2018\u2019Etats manqu\u00e9s\u2019\u2019 ou simplement des \u2018\u2019Etats chaotiques\u2019\u2019 exploitables \u00e0 moindre frais. Rappelons que les \u2018\u2019Etats manqu\u00e9s\u2019\u2019 \u00ab ne peuvent pas ou ne veulent pas prot\u00e9ger leurs citoyens de la violence, voire de la mort. Ils ont tendance \u00e0 se croire au-dessus des lois nationales ou internationales, donc libres de se livrer \u00e0 des agressions et \u00e0 des m\u00e9faits. Et, quand ils ont les dehors d\u2019une d\u00e9mocratie, ils souffrent d\u2019un d\u00e9ficit d\u00e9mocratique qui prive leurs institutions formelles de contenu r\u00e9el. [2]\u00bb Dans ces \u2018\u2019Etats\u2019\u2019, l\u2019adversaire politique est vu comme un ennemi \u00e0 \u00e9liminer, \u00e0 abattre. Le Congo-Kinshasa en est l\u00e0.<\/p>\n<p>Et pour dire les choses simplement, l\u2019ouverture du Congo-Kinshasa au capitalisme sauvage devait co\u00efncider avec son ensauvagement. La communaut\u00e9 occidentale a, pour sauvegarder les int\u00e9r\u00eats de ses multinationales (dont l\u2019existence est incompatible avec la d\u00e9mocratie[3]) dans ce pays situ\u00e9 au c\u0153ur de l\u2019Afrique, particip\u00e9 aux crimes et \u00e0 la censure au pays de Lumumba[4] en reconnaissant Joseph Kabila comme Pr\u00e9sident \u00e9lu \u00e0 l\u2019issue des \u2018\u2019\u00e9lections pi\u00e8ge \u00e0 cons\u2019\u2019 de 2006 et en fermant les yeux sur \u2018\u2019les d\u00e9rives\u2019\u2019 de son r\u00e9gime d\u2019occupation. Quand \u2018\u2019le ra\u00efs\u2019\u2019 parle de la politique en terme de \u2018\u2019survie\u2019\u2019, il serait bon de prendre en compte et sa survie individuelle et celle de sa \u2018\u2019 Nomenklatura\u2019\u2019 pour laquelle il joue le r\u00f4le de \u2018\u2019Kapita m\u00e9daill\u00e9\u2019\u2019.<\/p>\n<p>Cette approche ensauvag\u00e9e de la politique ne serait pas sauve d\u2019un fond de m\u00e9pris et de racisme ; d\u2019un racisme exerc\u00e9 \u00e0 l\u2019endroit des \u2018\u2019noirs\u2019\u2019. Cette race que la traite n\u00e9gri\u00e8re et la colonisation n\u2019ont pas pu exterminer serait vou\u00e9e \u00e0 dispara\u00eetre de la face de la terre avec la complicit\u00e9 de plusieurs \u2018\u2019n\u00e8gres de service\u2019\u2019. Une lecture de Mufoncol Tshiyoyo sur cette question serait int\u00e9ressante[5]. Le dernier assassinat de Mike Brown aux Etats-Unis aurait plusieurs le\u00e7ons \u00e0 apprendre aux Congolais sur le sort r\u00e9serv\u00e9 \u00e0 leur race[6].<\/p>\n<p>Revenons au rapport de la FIDH et \u00e0 la rencontre de Kingakati. Ils nous apprennent que l\u2019une des questions essentielles du Congo-Kinshasa aujourd\u2019hui est celle de la mise sur pied d\u2019un v\u00e9ritable contre-pouvoir. Certains propos tenus \u00e0 Kingakati incitent \u00e0 croire que la force la plus redout\u00e9e par la \u2018\u2019kabilie\u2019\u2019 est le peuple congolais. Elle cherche \u00e0 le prendre \u00e0 son pi\u00e8ge en appr\u00eatant certains \u00e9l\u00e9ments de langage et certaines r\u00e9alisations \u00e0 impact visible. Or, dans son \u00e2me, la \u2018\u2019kabilie\u2019\u2019 prouve, par son approche guerri\u00e8re de la politique et son appartenance au r\u00e9seau transnational de pr\u00e9dation op\u00e9rant au Congo-Kinshasa, qu\u2019elle milite pour la disparition pure et simple de ce pays. Comment, d\u00e8s lors, travailler \u00e0 cr\u00e9er des contre-pouvoirs unifi\u00e9s, panafricains et transnationaux faisant des populations congolaises et africains les d\u00e9miurges de leur propre destin\u00e9e ? Quelles structures socio-\u00e9conomiques et s\u00e9curitaires faut-il cr\u00e9er avec ces populations congolaises, contre vents et mar\u00e9es, pour conjurer leur disparition de la face de la terre ? La balle est dans les camps des forces de changement capables de r\u00e9sister au d\u00e9bauchage de la \u2018\u2019kabilie\u2019\u2019 et de rompre les cha\u00eenes du statu quo cr\u00e9\u00e9es et entretenues par \u2018\u2019la Nomenklatura\u2019\u2019 ayant fait de la politique au Congo-Kinshasa une question biologique de survie et d\u2019instinct de conservation.<\/p>\n<p>&nbsp;<\/p>\n<p><em>Mbelu Babanya Kabudi<\/em><\/p>\n<hr style=\"color: #000000;\" align=\"left\" size=\"1\" width=\"33%\" \/>\n<div id=\"ecxftn1\" style=\"color: #000000;\">\n<div><a style=\"font-weight: inherit; color: #0068cf;\" title=\"\" target=\"_blank\" name=\"_ftn1\" rel=\"noopener\"><\/a><span><span><span>[1]<\/span><\/span><\/span>\u00a0<a style=\"font-weight: inherit; color: #0068cf;\" href=\"http:\/\/www.fidh.org\/IMG\/pdf\/RDC526fr2009.pdf\" target=\"_blank\" rel=\"noopener\"><span style=\"color: windowtext;\">http:\/\/www.fidh.org\/IMG\/pdf\/RDC526fr2009.pdf<\/span><\/a>\u00a0 Les citations qui suivent sont toutes tir\u00e9es de ce texte.<\/div>\n<\/div>\n<div id=\"ecxftn2\" style=\"color: #000000;\">\n<div><a style=\"font-weight: inherit; color: #0068cf;\" title=\"\" target=\"_blank\" name=\"_ftn2\" rel=\"noopener\"><\/a><span><span><span>[2]<\/span><\/span><\/span>\u00a0N. CHOMSKY,\u00a0<i style=\"font-style: italic;\">Les Etats manqu\u00e9s. Abus de puissance et d\u00e9ficit d\u00e9mocratique<\/i>, Paris, Fayard, 2006, p. 8.<\/div>\n<\/div>\n<div id=\"ecxftn3\" style=\"color: #000000;\">\n<div><a style=\"font-weight: inherit; color: #0068cf;\" title=\"\" target=\"_blank\" name=\"_ftn3\" rel=\"noopener\"><\/a><span><span><span>[3]<\/span><\/span><\/span>\u00a0<a style=\"font-weight: inherit; color: #0068cf;\" href=\"http:\/\/www.resistance-politique.fr\/article-multinationales-et-democratie-ne-font-pas-bon-menage-124460877.html\" target=\"_blank\" rel=\"noopener\"><span style=\"color: black;\">http:\/\/www.resistance-politique.fr\/article-multinationales-et-democratie-ne-font-pas-bon-menage-124460877.html<\/span><\/a><\/div>\n<\/div>\n<div id=\"ecxftn4\" style=\"color: #000000;\">\n<div><a style=\"font-weight: inherit; color: #0068cf;\" title=\"\" target=\"_blank\" name=\"_ftn4\" rel=\"noopener\"><\/a><span><span><span>[4]<\/span><\/span><\/span>\u00a0Lire C. ONANA,\u00a0<i style=\"font-style: italic;\">Europe, crimes et censure au Congo. Les documents qui accusent<\/i>, Paris, Duboiris, 2012.<\/div>\n<\/div>\n<div id=\"ecxftn5\" style=\"color: #000000;\">\n<div><a style=\"font-weight: inherit; color: #0068cf;\" title=\"\" target=\"_blank\" name=\"_ftn5\" rel=\"noopener\"><\/a><span><span><span>[5]<\/span><\/span><\/span>\u00a0<a style=\"font-weight: inherit; color: #0068cf;\" href=\"http:\/\/www.congoindependant.com\/article.php?articleid=9224\" target=\"_blank\" rel=\"noopener\"><span style=\"color: black;\">http:\/\/www.congoindependant.com\/article.php?articleid=9224<\/span><\/a><\/div>\n<\/div>\n<div id=\"ecxftn6\" style=\"color: #000000;\">\n<div><a style=\"font-weight: inherit; color: #0068cf;\" title=\"\" target=\"_blank\" name=\"_ftn6\" rel=\"noopener\"><\/a><span><span><span>[6]<\/span><\/span><\/span>\u00a0<a style=\"font-weight: inherit; color: #0068cf;\" href=\"http:\/\/www.legrandsoir.info\/les-lecons-a-tirer-des-evenements-de-ferguson-dans-le-missouri-black-agenda-report.html\" target=\"_blank\" rel=\"noopener\"><span style=\"color: black;\">http:\/\/www.legrandsoir.info\/les-lecons-a-tirer-des-evenements-de-ferguson-dans-le-missouri-black-agenda-report.html<\/span><\/a><\/div>\n<div><\/div>\n<div><\/div>\n<\/div>\n","protected":false},"excerpt":{"rendered":"<p>Par Jean-Pierre Mbelu Dans la premi\u00e8re partie de cet article, nous avons essay\u00e9 de d\u00e9gager, en partant des propos tenus \u00e0 Kingakati le 25 ao\u00fbt 2014 par certains membres de la MP et leur \u2018\u2019autorit\u00e9 morale\u2019\u2019, l\u2019approche politique de ce camp de la \u2018\u2019kabilie\u2019\u2019. Ces propos nous ont pouss\u00e9 \u00e0 revisiter un rapport de la [&hellip;]<\/p>\n","protected":false},"author":1,"featured_media":6876,"comment_status":"open","ping_status":"open","sticky":false,"template":"","format":"standard","meta":{"_acf_changed":false,"content-type":"","footnotes":""},"categories":[107,124],"tags":[],"class_list":["post-6875","post","type-post","status-publish","format-standard","has-post-thumbnail","hentry","category-analyses-commentaires","category-politique-societe"],"acf":[],"_links":{"self":[{"href":"https:\/\/congolobilelo.com\/IN\/wp-json\/wp\/v2\/posts\/6875","targetHints":{"allow":["GET"]}}],"collection":[{"href":"https:\/\/congolobilelo.com\/IN\/wp-json\/wp\/v2\/posts"}],"about":[{"href":"https:\/\/congolobilelo.com\/IN\/wp-json\/wp\/v2\/types\/post"}],"author":[{"embeddable":true,"href":"https:\/\/congolobilelo.com\/IN\/wp-json\/wp\/v2\/users\/1"}],"replies":[{"embeddable":true,"href":"https:\/\/congolobilelo.com\/IN\/wp-json\/wp\/v2\/comments?post=6875"}],"version-history":[{"count":0,"href":"https:\/\/congolobilelo.com\/IN\/wp-json\/wp\/v2\/posts\/6875\/revisions"}],"wp:featuredmedia":[{"embeddable":true,"href":"https:\/\/congolobilelo.com\/IN\/wp-json\/"}],"wp:attachment":[{"href":"https:\/\/congolobilelo.com\/IN\/wp-json\/wp\/v2\/media?parent=6875"}],"wp:term":[{"taxonomy":"category","embeddable":true,"href":"https:\/\/congolobilelo.com\/IN\/wp-json\/wp\/v2\/categories?post=6875"},{"taxonomy":"post_tag","embeddable":true,"href":"https:\/\/congolobilelo.com\/IN\/wp-json\/wp\/v2\/tags?post=6875"}],"curies":[{"name":"wp","href":"https:\/\/api.w.org\/{rel}","templated":true}]}}