{"id":6849,"date":"2014-08-27T13:08:06","date_gmt":"2014-08-27T13:08:06","guid":{"rendered":"http:\/\/www.ingeta.com\/?p=6849"},"modified":"2014-08-27T13:08:06","modified_gmt":"2014-08-27T13:08:06","slug":"la-france-darnaud-montebourg-au-secours-de-lafrique","status":"publish","type":"post","link":"https:\/\/congolobilelo.com\/IN\/la-france-darnaud-montebourg-au-secours-de-lafrique\/","title":{"rendered":"La France d&#8217;Arnaud Montebourg au secours de l&#8217;Afrique!"},"content":{"rendered":"<p>\t\t\t\tPar Jean-Pierre Mbelu<\/p>\n<p><strong>Les Africains victimes des programmes d\u2019ajustement structurels impos\u00e9s \u00e0 leurs pays par le FMI et la Banque mondiale avec la complicit\u00e9 de leurs gouvernants, esclaves volontaires du n\u00e9olib\u00e9ralisme, doivent avoir compris le sens de la col\u00e8re du (d\u00e9sormais ancien) Ministre fran\u00e7ais de l\u2019\u00e9conomie fustigeant les mesures d\u2019aust\u00e9rit\u00e9 impos\u00e9es \u00e0 son peuple. Cette col\u00e8re devrait donner \u00e0 penser. Car elle \u00e9claire, tant soit peu, la nature de relations existant entre le pays d\u2019Arnaud de Montebourg et les pays Africains b\u00e9n\u00e9ficiant de \u2018\u2019l\u2019aide\u2019\u2019 de la Banque mondiale et du FMI. Elle questionne la rh\u00e9torique fran\u00e7aise sur la mission du \u2018\u2019Pays des droits de l\u2019homme\u2019\u2019 en Afrique. ; celle d\u2019y apporter \u2018\u2019la d\u00e9mocratie\u2019\u2019, \u2018\u2019la libert\u00e9\u2019\u2019 et \u2018\u2019la bonne gouvernance\u2019\u2019.<\/strong><\/p>\n<p>Des compatriotes Africains habitant en France et ceux qui suivent les informations au quotidien doivent avoir suivi l\u2019interview donn\u00e9e ce lundi 25 ao\u00fbt 2014 par le Ministre de l\u2019\u00e9conomie. Au cours de cette interview, Arnaud Montebourg fustige entre autres les d\u00e9cisions \u00e9conomiques et budg\u00e9taires dict\u00e9es \u00e0 son pays par la tro\u00efka compos\u00e9e de la Commission europ\u00e9enne, la Banque centrale europ\u00e9enne et le FMI. Il s\u2019en est aussi pris \u00e0 l\u2019Allemagne et \u00e0 son influence dans l\u2019imposition de ces d\u00e9cisions[1]. Pour Arnaud Montebourg, les mesures d\u2019aust\u00e9rit\u00e9 impos\u00e9es \u00e0 son pays par la tro\u00efka sont \u2018\u2019suicidaires\u2019\u2019 et pour l\u2019\u00e9conomie et pour les populations fran\u00e7aises[2].<\/p>\n<p>Cette sortie m\u00e9diatique a entra\u00een\u00e9 la d\u00e9mission du gouvernement Valls le m\u00eame jour. Le Pr\u00e9sident fran\u00e7ais a reconduit son premier Ministre et lui a demand\u00e9 de constituer un autre gouvernement auquel Arnaud Montebourg ne participera pas.<br \/>\nEn quoi ce sujet franco-europ\u00e9en peut-il avoir de l\u2019int\u00e9r\u00eat pour nous Africains ayant subi le poids des programmes d\u2019ajustement structurel dict\u00e9s par \u2018\u2019les tueurs \u00e0 gage \u00e9conomique\u2019\u2019 que sont le FMI et les Banque mondiale avec le soutien (ou la participation) du club de Paris ?<\/p>\n<p>Cette probl\u00e9matique franco-europ\u00e9enne nous int\u00e9resse \u00e0 plusieurs titres. Elle nous permet de comprendre davantage que les pays occidentaux domin\u00e9s par \u2018\u2019le capitalisme sauvage\u2019\u2019 appliquent \u00e0 l\u2019Afrique des programmes \u00e9conomiques qu\u2019ils ne peuvent pas eux-m\u00eames supporter. Une lapalissade, dira-t-on ! Pas du tout. Leur cynisme \u00e9conomique les disqualifie comme donneurs de le\u00e7ons de \u2018\u2019bonne gouvernance \u00e9conomique\u2019\u2019, de d\u00e9mocratie et de libert\u00e9. Pour cause. En imposant les mesures d\u2019aust\u00e9rit\u00e9 \u00e0 l\u2019Espagne, \u00e0 la Gr\u00e8ce, au Portugal, \u00e0 l\u2019Irlande et \u00e0 la France, la tro\u00efka susmentionn\u00e9e et ses complices (de Pr\u00e9sidents, Ministres, D\u00e9put\u00e9s, etc.) violent impun\u00e9ment les droits d\u00e9mocratiques de leurs peuples. Dor\u00e9navant, \u00ab ce ne sont plus leurs parlements, ni leurs premiers ministres qui d\u00e9cident des mesures budg\u00e9taires \u00e0 prendre : ils sont soumis \u00e0 la volont\u00e9 des pays europ\u00e9ens les plus riches, et surtout du bon vouloir des banques ou des agences de notations. [3]\u00bb En d\u2019autres mots, ces parlements et leurs gouvernements sont dirig\u00e9s par le march\u00e9 n\u00e9olib\u00e9ral.<\/p>\n<p>Comment, dans ces conditions, des pr\u00e9sidents, des ministres et des d\u00e9put\u00e9s \u2018\u2019d\u00e9missionnaires\u2019\u2019 peuvent-ils croire un seul instant qu\u2019ils peuvent secourir, \u2018\u2019aider\u2019\u2019 l\u2019Afrique \u00e0 lutter pour un bonheur collectif partag\u00e9 parmi ses fils et filles ?<br \/>\nComment, au vu de tout ce cin\u00e9ma, travailler \u00e0 la renaissance d\u2019un imaginaire africain alternatif \u00e0 m\u00eame de ne plus croire en ces \u2018\u2019diseurs de bonne parole\u2019\u2019 de la d\u00e9mocratie et de la libert\u00e9 ? Comment travailler efficacement \u00e0 la \u2018\u2019d\u00e9soccidentoxication\u2019\u2019 dans un contexte o\u00f9 la politique devenue \u2018\u2019un m\u00e9tier\u2019\u2019 est en train de transformer les hommes et les femmes qui la font en \u2018\u2019produits de consommation\u2019\u2019 ? De toutes les fa\u00e7ons, cet Occident ne peut plus servir de r\u00e9f\u00e9rence en mati\u00e8re d\u2019alternance au pouvoir en Afrique. La gauche et la droite sont les deux faces du m\u00eame gouvernement n\u00e9olib\u00e9ral des peuples. L\u00e0 aussi, le renaissance d\u2019un imaginaire alternatif est n\u00e9cessaire.<\/p>\n<p>Il sera difficile d\u2019y arriver sans une \u00e9ducation civique et politique alternative ainsi qu\u2019un engagement citoyen faisant davantage appel \u00e0 la critique, \u00e0 l\u2019imagination, \u00e0 la cr\u00e9ativit\u00e9 et \u00e0 l\u2019inventivit\u00e9. Oui. Une \u00e9ducation citoyenne alternative est indispensable. Pourquoi ? Entre autres, parce que \u00ab le brio avec lequel les n\u00e9olib\u00e9raux s\u2019emparent du vocabulaire, dominent le discours et cachent les probl\u00e8mes, pour capturer les imaginaires et marquer les esprits, est l\u2019aboutissement d\u2019une strat\u00e9gie \u00e0 long terme (\u2026). [4]\u00bb Il faut, \u00e0 tout prix, sur le court, moyen et le long terme, substituer \u00e0 \u2018\u2019la narration de la globalisation capitaliste\u2019\u2019 \u2018\u2019une nouvelle narration du monde\u2019\u2019 promotrice de l\u2019universel pluriel. Cette autre narration du monde pourrait avoir des assises culturelles, spirituelles et mat\u00e9rielles ind\u00e9pendantes de \u2018\u2019tueurs \u00e0 gages \u00e9conomiques occidentaux\u2019\u2019. La Banque des Brics et celles des Etats latino-am\u00e9ricains semblent \u00eatre, \u00e0 ce propos, des exemples \u00e0 \u00e9tudier en profondeur. Il en va de m\u00eame de la matrice organisationnelle de la politique en Am\u00e9rique Latine. Petit \u00e0 petit, cette partie du Sud du monde est en train de rompre avec la conception darwiniste d\u2019une politique \u00e9conomique fond\u00e9e sur la comp\u00e9titivit\u00e9 et le concurrence pour la reb\u00e2tir sur la solidarit\u00e9, l\u2019\u00e9galit\u00e9 et la coop\u00e9ration.<\/p>\n<p>Sur cette question, des minorit\u00e9s luttantes en Occident ne baissent pas la garde. Elles ont compris que \u2018\u2019la d\u00e9mocratie du march\u00e9\u2019\u2019 conduit \u00e0 produire du \u2018\u2019fascisme\u2019\u2019 et des extr\u00e9mismes de tout bord. Il y en a parmi qui en appellent au travail en r\u00e9seau pour l\u2019av\u00e8nement de l\u2019altermodernit\u00e9 ou de la modernit\u00e9 de l\u2019altruisme[5]. D\u2019autres ont m\u00eame pris les armes pour d\u00e9fendre \u2018\u2019la vraie Europe\u2019\u2019 contre \u2018\u2019la Natoland\u2019\u2019 des marchands de Bruxelles[6].<\/p>\n<p>Donc, au Sud comme au Nord du monde, les choses bougent ; la d\u00e9globalisation est en marche. Un autre monde est en train de na\u00eetre. Il requiert des Africains une attention particuli\u00e8re afin qu\u2019ils apportent leur pierre \u00e0 son \u00e9dification multipolaire sans se laisser abuser par \u2018\u2019les marchands de Bruxelles\u2019\u2019 et faux rh\u00e9toriciens de \u2018\u2019la d\u00e9mocratie\u2019\u2019 et de \u2018\u2019la libert\u00e9\u2019\u2019 \u00e0 vendre au prix de la conversion permanente de l\u2019Afrique en un simple r\u00e9servoir de mati\u00e8res premi\u00e8res. Ces Africains ont le devoir de travailler \u00e0 l\u2019av\u00e8nement du panafricanisme des peuples pour r\u00e9sister aux assauts impuissantants du 1% d\u2019oligarques d\u2019argent occidentaux.<\/p>\n<p>&nbsp;<\/p>\n<p><em>Mbelu Babanya Kabudi<\/em><\/p>\n<div>\n<hr align=\"left\" size=\"1\" width=\"33%\" \/>\n<div>\n<div><a title=\"\" name=\"1481211e99921c1e__ftn1\"><\/a><span style=\"font-size: 10.0pt; font-family: 'Times New Roman';\">[1]<\/span> Le r\u00e9veil d\u2019Arnaud Montebourg semble \u00eatre tardif.\u00a0 L\u2019influence de l\u2019Allemagne en France date des ann\u00e9es\u00a0 1900. Il ne va pas loin dans l\u2019\u00e9tude de l\u2019histoire de son pays. Il peut lire A. LACROIX-RIZ, <i>Aux origines du carcan europ\u00e9en (1900-1960). La France sous influence allemande et am\u00e9ricaine<\/i>, Paris, Delga, 2014.<\/div>\n<\/div>\n<div>\n<div><a title=\"\" name=\"1481211e99921c1e__ftn2\"><\/a><span style=\"font-size: 10.0pt; font-family: 'Times New Roman';\">[2]<\/span>\u00a0 Ne fallait-il pas s\u2019attendre \u00e0 cette situation\u00a0? Alain Badiou l\u2019avait pr\u00e9vu en \u00e9crivant <i>Sarlozy\u00a0: pire que pr\u00e9vu. Les autres\u00a0:\u00a0 pr\u00e9voir le pire<\/i>, Paris, Lignes, 2012.<\/div>\n<\/div>\n<div>\n<div><a title=\"\" name=\"1481211e99921c1e__ftn3\"><\/a><span style=\"font-size: 10.0pt; font-family: 'Times New Roman';\">[3]<\/span> <span lang=\"FR-BE\">M. SEL, <i>Indign\u00e9s de cons. La crise expliqu\u00e9e aux cancres et aux \u00e9conomistes<\/i>, Paris, La\u00a0 Bo\u00eete de Pandore,\u00a0 2013, p. 178<\/span><\/div>\n<\/div>\n<div>\n<div><a title=\"\" name=\"1481211e99921c1e__ftn4\"><\/a><span style=\"font-size: 10.0pt; font-family: 'Times New Roman';\">[4]<\/span> <span lang=\"FR-BE\">\u00a0S. GEORGE, \u2018<i>\u2019Cette fois, en finir avec la d\u00e9mocratie.\u2019\u2019 Le rapport Lugano II<\/i>, Paris, Seuil, 2012, p. 135.<\/span><\/div>\n<\/div>\n<div>\n<div><a title=\"\" name=\"1481211e99921c1e__ftn5\"><\/a><span style=\"font-size: 10.0pt; font-family: 'Times New Roman';\">[5]<\/span> J. ATTALI, <i>Histoire de la modernit\u00e9. Comment l\u2019humanit\u00e9 pense son avenir<\/i>, Paris, Robert Laffont, 2013. Lire surtout le chapitre 8.<\/div>\n<\/div>\n<div>\n<div><a title=\"\" name=\"1481211e99921c1e__ftn6\"><\/a><span style=\"font-size: 10.0pt; font-family: 'Times New Roman';\">[6]<\/span> <a href=\"http:\/\/www.palestine-solidarite.org\/analyses.luc_michel.260814.htm\" target=\"_blank\" rel=\"noopener\"><span style=\"color: black;\">http:\/\/www.palestine-<wbr \/>solidarite.org\/analyses.luc_<wbr \/>michel.260814.htm<\/span><\/a><\/div>\n<\/div>\n<\/div>\n","protected":false},"excerpt":{"rendered":"<p>Par Jean-Pierre Mbelu Les Africains victimes des programmes d\u2019ajustement structurels impos\u00e9s \u00e0 leurs pays par le FMI et la Banque mondiale avec la complicit\u00e9 de leurs gouvernants, esclaves volontaires du n\u00e9olib\u00e9ralisme, doivent avoir compris le sens de la col\u00e8re du (d\u00e9sormais ancien) Ministre fran\u00e7ais de l\u2019\u00e9conomie fustigeant les mesures d\u2019aust\u00e9rit\u00e9 impos\u00e9es \u00e0 son peuple. Cette [&hellip;]<\/p>\n","protected":false},"author":1,"featured_media":6850,"comment_status":"open","ping_status":"open","sticky":false,"template":"","format":"standard","meta":{"_acf_changed":false,"content-type":"","footnotes":""},"categories":[107,124],"tags":[],"class_list":["post-6849","post","type-post","status-publish","format-standard","has-post-thumbnail","hentry","category-analyses-commentaires","category-politique-societe"],"acf":[],"_links":{"self":[{"href":"https:\/\/congolobilelo.com\/IN\/wp-json\/wp\/v2\/posts\/6849","targetHints":{"allow":["GET"]}}],"collection":[{"href":"https:\/\/congolobilelo.com\/IN\/wp-json\/wp\/v2\/posts"}],"about":[{"href":"https:\/\/congolobilelo.com\/IN\/wp-json\/wp\/v2\/types\/post"}],"author":[{"embeddable":true,"href":"https:\/\/congolobilelo.com\/IN\/wp-json\/wp\/v2\/users\/1"}],"replies":[{"embeddable":true,"href":"https:\/\/congolobilelo.com\/IN\/wp-json\/wp\/v2\/comments?post=6849"}],"version-history":[{"count":0,"href":"https:\/\/congolobilelo.com\/IN\/wp-json\/wp\/v2\/posts\/6849\/revisions"}],"wp:featuredmedia":[{"embeddable":true,"href":"https:\/\/congolobilelo.com\/IN\/wp-json\/"}],"wp:attachment":[{"href":"https:\/\/congolobilelo.com\/IN\/wp-json\/wp\/v2\/media?parent=6849"}],"wp:term":[{"taxonomy":"category","embeddable":true,"href":"https:\/\/congolobilelo.com\/IN\/wp-json\/wp\/v2\/categories?post=6849"},{"taxonomy":"post_tag","embeddable":true,"href":"https:\/\/congolobilelo.com\/IN\/wp-json\/wp\/v2\/tags?post=6849"}],"curies":[{"name":"wp","href":"https:\/\/api.w.org\/{rel}","templated":true}]}}