{"id":6841,"date":"2014-08-25T08:34:31","date_gmt":"2014-08-25T08:34:31","guid":{"rendered":"http:\/\/www.ingeta.com\/?p=6841"},"modified":"2014-08-25T08:34:31","modified_gmt":"2014-08-25T08:34:31","slug":"proces-chebeya-dakar-pourrait-devancer-kinshasa-ce-mardi-26-aout-2014","status":"publish","type":"post","link":"https:\/\/congolobilelo.com\/IN\/proces-chebeya-dakar-pourrait-devancer-kinshasa-ce-mardi-26-aout-2014\/","title":{"rendered":"Proc\u00e8s Chebeya : Dakar  pourrait devancer Kinshasa ce mardi 26 ao\u00fbt 2014"},"content":{"rendered":"<p>\t\t\t\tPar Jean-Pierre Mbelu<\/p>\n<p><strong>Pour avoir cru dans la lutte pour la dignit\u00e9 humaine et les libert\u00e9s fondamentales, nos compatriotes, Floribert Chebeya et  Fid\u00e8le Bazana ont pay\u00e9 de leur vie dans un pays qui, par \u2018\u2019inversion s\u00e9mantique\u2019\u2019, voudrait se faire passer pour \u2018\u2019une jeune d\u00e9mocratie\u2019\u2019. Il est bon de savoir que leurs compagnons de lutte leur sont rest\u00e9s solidaires ; contre vents et mar\u00e9es. Paul Nsapo Mukulu en est un. Leurs multiples sacrifices pourraient porter du fruit. Telle est notre esp\u00e9rance !<\/strong><\/p>\n<p>Des sources  s\u00fbres nous informent que Dakar pourrait devancer Kinshasa en proc\u00e9dant \u00e0 l\u2019ouverture du proc\u00e8s  sur le double assassinat de Floribert Chebeya et Fid\u00e8le Bazana ce mardi  26 ao\u00fbt 2014. Les organisations citoyennes congolaises, les veuves et les enfants de ces deux compatriotes seraient d\u00e9j\u00e0 en route  pour le pays de Macky Sall.<\/p>\n<p>A leurs yeux, la justice congolaise a perdu toute cr\u00e9dibilit\u00e9 dans la mesure o\u00f9 elle n\u2019a pas  pu mettre la main sur les auteurs mat\u00e9riels et intellectuels de ce double assassinat. Au contraire, elle a donn\u00e9 l\u2019impression de les  couvrir et de les prot\u00e9ger. Les tentatives d\u2019enl\u00e8vement de l\u2019\u00e9pouse de Paul Mwilambwe  par deux des auteurs pr\u00e9sum\u00e9s de cet assassinat semblent confirmer les appr\u00e9hensions des organisations citoyennes congolaises et des familles des compatriotes Chebeya et Bazana. <\/p>\n<p>Les enqu\u00eates  qu\u2019elles ont men\u00e9es et les preuves dont ils disposent pourraient contribuer \u00e0 l\u2019avancement de ce dossier et \u00e0 mettre en mal certaines \u2018\u2019autorit\u00e9s morales \u2018\u2019 du Congo-Kinshasa. Celles-ci se seraient tromp\u00e9es d\u2019\u00e9poque et de cible. Elles auraient sous-estim\u00e9  la capacit\u00e9 d\u2019action de certaines organisations citoyennes congolaises et l\u2019engagement des compatriotes op\u00e9rant en leur sein. C\u2019est ici l\u2019occasion de rendre hommage \u00e0 ces \u2018\u2019minorit\u00e9s organis\u00e9es\u2019\u2019 qui, malgr\u00e9 leurs limites, n\u2019ont m\u00e9nag\u00e9 aucun effort pour mettre les veuves et les enfants de nos deux compatriotes en lieux s\u00fbrs,  aider Paul Mwilambwe ainsi que son \u00e9pouse \u00e0 partir du Congo-Kinshasa et mobiliser certaines organisations internationales afin qu\u2019elles prennent en compte la cause de Chebeya et de Bazana. <\/p>\n<p>\u2018\u2019Ces minorit\u00e9s organis\u00e9es\u2019\u2019 ont, par  respect pour la dignit\u00e9 humaine et les libert\u00e9s fondamentales, transcender  les fronti\u00e8res des  tribus et ethnies congolaises ; elles ont cru en la fraternit\u00e9 nationale. Elles demeurent une r\u00e9f\u00e9rence dans la lutte pour le triomphe des valeurs de la dignit\u00e9 et de la libert\u00e9 des peuples. En leur sein, certains compatriotes ont failli, au nom de leur engagement, sacrifier certains membres de leurs familles vivants  au Congo-Kinshasa. Esp\u00e9rons qu\u2019ils pourront participer \u00e0 l\u2019ach\u00e8vement de ce proc\u00e8s dont ils n\u2019attendent plus rien de Kinshasa. <\/p>\n<p>Annie Chebeya avait jur\u00e9 qu\u2019elle allait  se battre jusqu\u2019\u00e0 la derni\u00e8re go\u00fbte de son sang pour que la v\u00e9rit\u00e9 sur la mort de son mari  \u00e9clate au grand jour et que les coupables r\u00e9pondent de leur forfait. Dieu merci ! Elle est encore debout et elle se bat !    <\/p>\n<p><em>Mbelu Babanya Kabudi<\/em><\/p>\n<p><\/br><\/p>\n","protected":false},"excerpt":{"rendered":"<p>Par Jean-Pierre Mbelu Pour avoir cru dans la lutte pour la dignit\u00e9 humaine et les libert\u00e9s fondamentales, nos compatriotes, Floribert Chebeya et Fid\u00e8le Bazana ont pay\u00e9 de leur vie dans un pays qui, par \u2018\u2019inversion s\u00e9mantique\u2019\u2019, voudrait se faire passer pour \u2018\u2019une jeune d\u00e9mocratie\u2019\u2019. Il est bon de savoir que leurs compagnons de lutte leur [&hellip;]<\/p>\n","protected":false},"author":1,"featured_media":6842,"comment_status":"open","ping_status":"open","sticky":false,"template":"","format":"standard","meta":{"_acf_changed":false,"content-type":"","footnotes":""},"categories":[122,124],"tags":[],"class_list":["post-6841","post","type-post","status-publish","format-standard","has-post-thumbnail","hentry","category-news-alertes","category-politique-societe"],"acf":[],"_links":{"self":[{"href":"https:\/\/congolobilelo.com\/IN\/wp-json\/wp\/v2\/posts\/6841","targetHints":{"allow":["GET"]}}],"collection":[{"href":"https:\/\/congolobilelo.com\/IN\/wp-json\/wp\/v2\/posts"}],"about":[{"href":"https:\/\/congolobilelo.com\/IN\/wp-json\/wp\/v2\/types\/post"}],"author":[{"embeddable":true,"href":"https:\/\/congolobilelo.com\/IN\/wp-json\/wp\/v2\/users\/1"}],"replies":[{"embeddable":true,"href":"https:\/\/congolobilelo.com\/IN\/wp-json\/wp\/v2\/comments?post=6841"}],"version-history":[{"count":0,"href":"https:\/\/congolobilelo.com\/IN\/wp-json\/wp\/v2\/posts\/6841\/revisions"}],"wp:featuredmedia":[{"embeddable":true,"href":"https:\/\/congolobilelo.com\/IN\/wp-json\/"}],"wp:attachment":[{"href":"https:\/\/congolobilelo.com\/IN\/wp-json\/wp\/v2\/media?parent=6841"}],"wp:term":[{"taxonomy":"category","embeddable":true,"href":"https:\/\/congolobilelo.com\/IN\/wp-json\/wp\/v2\/categories?post=6841"},{"taxonomy":"post_tag","embeddable":true,"href":"https:\/\/congolobilelo.com\/IN\/wp-json\/wp\/v2\/tags?post=6841"}],"curies":[{"name":"wp","href":"https:\/\/api.w.org\/{rel}","templated":true}]}}