{"id":6822,"date":"2014-08-07T08:53:39","date_gmt":"2014-08-07T08:53:39","guid":{"rendered":"http:\/\/www.ingeta.com\/?p=6822"},"modified":"2014-08-07T08:53:39","modified_gmt":"2014-08-07T08:53:39","slug":"ce-que-la-constitution-congolaise-pense-de-sa-revision","status":"publish","type":"post","link":"https:\/\/congolobilelo.com\/IN\/ce-que-la-constitution-congolaise-pense-de-sa-revision\/","title":{"rendered":"Ce que la Constitution congolaise pense de sa r\u00e9vision"},"content":{"rendered":"<p>\t\t\t\tPar <a href=\"http:\/\/www.rnw.nl\/afrique\/article\/ce-que-la-constitution-congolaise-pense-de-sa-r%C3%A9vision\">Chantal Faida Mulenga-byuma<\/a> <\/p>\n<p><strong>En R\u00e9publique d\u00e9mocratique du Congo (RDC), il ne se passe pas un jour sans qu\u2019on entende parler de r\u00e9vision constitutionnelle. Et dans toutes les couches de la soci\u00e9t\u00e9, des gens crient : &#8220;touche pas \u00e0 ma constitution&#8221;. Chantal Faida a interrog\u00e9 directement la concern\u00e9e.<\/strong><\/p>\n<p><strong>Chantal Faida : Constitution, pouvez-vous vous pr\u00e9senter \u00e0 nos lecteurs ?<\/strong><br \/>\n<em>Constitution :<\/em> Je suis une loi fondamentale qui r\u00e9git l\u2019ensemble des rapports entre gouvernants et gouvern\u00e9s au sein de l\u2019\u00c9tat. Je prot\u00e8ge les droits et libert\u00e9s des citoyens contre les abus de pouvoir de la part des titulaires des pouvoirs (article 11). Je suis n\u00e9e en Occident, mais \u00e9tant donn\u00e9 que les Congolais croient que seuls les autres sont meilleurs, on m\u2019a d\u00e9port\u00e9e en terre de Lumumba sans modifier grand-chose dans mon fond. Juste la forme a \u00e9t\u00e9 retouch\u00e9e. C\u2019est ainsi que gr\u00e2ce \u00e0 moi, vous \u00eates pass\u00e9s de la monarchie \u00e0 la d\u00e9mocratie sans aucune ma\u00eetrise de son essence. D\u00e9sormais, vous confondez souverainet\u00e9 et coop\u00e9ration, r\u00e9publique et royaume, citoyens et sujets, biens publics et biens priv\u00e9s, etc. Un \u00e9tonnant cocktail. Je stipule que tout pouvoir \u00e9mane du peuple, auquel appartient la souverainet\u00e9 nationale (article 5). J\u2019ai envie de dire, au regard de tout ce qui se passe dans votre pays, que je ne suis pas dans ma peau.<\/p>\n<p><strong>Si vous n\u2019\u00eates pas dans votre peau chez nous, quel est votre fondement ? Pensez-vous vraiment que nous ayons besoin de vous ? Tout ce qui nous tient \u00e0 c\u0153ur, c\u2019est notre qui\u00e9tude&#8230;<\/strong><br \/>\nSans vous couper la parole, je vous signale que vos propos argumentent plausiblement ce que je suis ailleurs qu\u2019en RDC. Je suis le symbole du maintien de l\u2019\u00e9quilibre social, le berceau des valeurs nationales et le guide des actions gouvernementales pour le bien-\u00eatre de tous, sans distinction d\u2019\u00e2ge, de tribu, de sexe, d\u2019appartenance politique ou de religion (article 14). Je suis incontournable pour la stabilit\u00e9 de votre pays. Je vous rappelle que mon objectif premier dans votre pays qui a v\u00e9cu deux d\u00e9cennies de crises de l\u00e9gitimit\u00e9 chroniques, \u00e9tait la mise en place d\u2019un nouvel ordre politique par l\u2019organisation d\u2019\u00e9lections libres, pluralistes, d\u00e9mocratiques, transparentes et cr\u00e9dibles par le peuple, pour le peuple et avec le peuple, et ce, via la loi r\u00e9f\u00e9rendaire de 2005.<\/p>\n<p><strong>C\u2019est tr\u00e8s impressionnant cette mati\u00e8re que vous renfermez. Mais il semble que le r\u00e9gime en place a l\u2019intention de changer votre teint. Du clair au sombre. Qu\u2019en dites-vous ?<\/strong><br \/>\nNon seulement je suis contre, mais je d\u00e9nonce la violation dont je suis victime depuis pr\u00e8s de 13 ans en RDC. En vue de la consolidation de l\u2019unit\u00e9 nationale d\u2019une part, et d\u2019autre part dans le but de cr\u00e9er des centres d\u2019impulsion et de d\u00e9veloppement \u00e0 la base, une partie de mon corps dit clairement que l\u2019\u00c9tat congolais sera structur\u00e9 en 25 nouvelles provinces dot\u00e9es d\u2019une personnalit\u00e9 juridique et exer\u00e7ant des comp\u00e9tences de proximit\u00e9 (article 2). En sus de ces comp\u00e9tences, les provinces en exercent d\u2019autres concurremment avec le pouvoir central et se partagent les recettes nationales avec ce dernier respectivement \u00e0 raison de 40 et de 60 % (expos\u00e9 des motifs). Mais de tout ceci, rien n\u2019est mis en \u0153uvre. Qu\u2019on me coupe la main si je mens.<\/p>\n<p><strong>Tr\u00e8s ambitieux comme programme, n\u2019est-ce pas l\u00e0 un leitmotiv qui sous-tend le r\u00e9gime \u00e0 faire quelques retouches \u00e0 certaines parties de votre corps pour le bien \u00eatre de la population ? Voyez la mis\u00e8re indicible, l\u2019ins\u00e9curit\u00e9, les crimes abjects, la d\u00e9perdition scolaire&#8230; Bref, les moyens manquent \u00e0 la R\u00e9publique pour la mat\u00e9rialisation de tous vos desseins.<\/strong><br \/>\nLa richesse premi\u00e8re de toute nation, c\u2019est sa population. Vouloir c\u2019est pouvoir. L\u2019exercice des libert\u00e9s (article 23, 33, 24, 25, 26). Avec tant de ressources dont regorge votre sol (article 9), il est inadmissible de vivre tout ce que vous vivez. Juste un peu de tact de la part de vos d\u00e9cideurs et du courage de la part des chefs du peuple, et c\u2019est parti. Je ne veux pas qu\u2019on modifie mon teint clair. Surtout quand on exhibe l\u2019int\u00e9r\u00eat priv\u00e9 et personnel au d\u00e9triment de l\u2019int\u00e9r\u00eat g\u00e9n\u00e9ral.<br \/>\nPour un fonctionnement harmonieux des institutions de l\u2019\u00c9tat, l\u2019on doit : \u00e9viter les conflits ; instaurer un \u00c9tat de droit ; contrer toute tentative de d\u00e9rive dictatoriale ; garantir la bonne gouvernance ; lutter contre l\u2019impunit\u00e9 ; assurer l\u2019alternance d\u00e9mocratique (article 220). C\u2019est pourquoi, non seulement le mandat du pr\u00e9sident de la R\u00e9publique n\u2019est renouvelable qu\u2019une seule fois, mais aussi, il exerce ses pr\u00e9rogatives de garant de la Constitution, de l\u2019ind\u00e9pendance nationale, de l\u2019int\u00e9grit\u00e9 territoriale, de la souverainet\u00e9 nationale, du respect des accords et trait\u00e9s internationaux ainsi que celles de r\u00e9gulateur et d\u2019arbitre du fonctionnement normal des institutions de la R\u00e9publique avec l\u2019implication du gouvernement sous le contr\u00f4le du Parlement (expos\u00e9 des motifs).<\/p>\n<p><strong>Face \u00e0 toutes ces tares que vous d\u00e9criez si clairement, quelle proposition faites-vous pour que cessent ces violations et que soit restaur\u00e9e \u00e0 jamais votre dignit\u00e9 pour le bonheur de tous ?<\/strong><br \/>\nUn engagement, une implication et une mobilisation de toute la population pour faire \u00e9chec \u00e0 toute tentative de ma modification. Prenez votre destin en main. Le bonheur d\u2019un peuple ne se marchande pas entre politiques mais il se construit avec le concours de toutes les forces vives. J\u2019en ai marre d\u2019\u00eatre op\u00e9r\u00e9e pour des pathologies mont\u00e9es de toute pi\u00e8ce. Ces r\u00e9visions intempestives et abrutissantes me font r\u00e2ler. Si vous n\u2019y prenez pas garde, la RDC va sombrer dans une situation plus catastrophique encore que celle d\u2019aujourd\u2019hui. Il n y a pas honte d\u2019avoir peur. Vous pouvez vaincre vos peurs et en faire vos forces.<\/p>\n<p>&#8212;&#8212;&#8212;&#8212;&#8211;<br \/>\n<em>Chantal Faida Mulenga-byuma habite \u00e0 Goma, dans la province du Nord-Kivu, en RDC. Vous pouvez aussi la suivre sur <a href=\"https:\/\/twitter.com\/ChantalFaida\">Twitter (@ChantalFaida)<\/a> et la lire sur <a href=\"http:\/\/chantalfaida.blogspot.nl\/\">son blog<\/a>.<\/em><br \/>\n<\/br><br \/>\n<\/br>\t\t<\/p>\n","protected":false},"excerpt":{"rendered":"<p>Par Chantal Faida Mulenga-byuma En R\u00e9publique d\u00e9mocratique du Congo (RDC), il ne se passe pas un jour sans qu\u2019on entende parler de r\u00e9vision constitutionnelle. Et dans toutes les couches de la soci\u00e9t\u00e9, des gens crient : &#8220;touche pas \u00e0 ma constitution&#8221;. Chantal Faida a interrog\u00e9 directement la concern\u00e9e. Chantal Faida : Constitution, pouvez-vous vous pr\u00e9senter [&hellip;]<\/p>\n","protected":false},"author":1,"featured_media":6823,"comment_status":"open","ping_status":"open","sticky":false,"template":"","format":"standard","meta":{"_acf_changed":false,"content-type":"","footnotes":""},"categories":[107,124],"tags":[],"class_list":["post-6822","post","type-post","status-publish","format-standard","has-post-thumbnail","hentry","category-analyses-commentaires","category-politique-societe"],"acf":[],"_links":{"self":[{"href":"https:\/\/congolobilelo.com\/IN\/wp-json\/wp\/v2\/posts\/6822","targetHints":{"allow":["GET"]}}],"collection":[{"href":"https:\/\/congolobilelo.com\/IN\/wp-json\/wp\/v2\/posts"}],"about":[{"href":"https:\/\/congolobilelo.com\/IN\/wp-json\/wp\/v2\/types\/post"}],"author":[{"embeddable":true,"href":"https:\/\/congolobilelo.com\/IN\/wp-json\/wp\/v2\/users\/1"}],"replies":[{"embeddable":true,"href":"https:\/\/congolobilelo.com\/IN\/wp-json\/wp\/v2\/comments?post=6822"}],"version-history":[{"count":0,"href":"https:\/\/congolobilelo.com\/IN\/wp-json\/wp\/v2\/posts\/6822\/revisions"}],"wp:featuredmedia":[{"embeddable":true,"href":"https:\/\/congolobilelo.com\/IN\/wp-json\/"}],"wp:attachment":[{"href":"https:\/\/congolobilelo.com\/IN\/wp-json\/wp\/v2\/media?parent=6822"}],"wp:term":[{"taxonomy":"category","embeddable":true,"href":"https:\/\/congolobilelo.com\/IN\/wp-json\/wp\/v2\/categories?post=6822"},{"taxonomy":"post_tag","embeddable":true,"href":"https:\/\/congolobilelo.com\/IN\/wp-json\/wp\/v2\/tags?post=6822"}],"curies":[{"name":"wp","href":"https:\/\/api.w.org\/{rel}","templated":true}]}}