{"id":6809,"date":"2014-07-29T20:31:52","date_gmt":"2014-07-29T20:31:52","guid":{"rendered":"http:\/\/www.ingeta.com\/?p=6809"},"modified":"2014-07-29T20:31:52","modified_gmt":"2014-07-29T20:31:52","slug":"rdc-repenser-a-la-date-du-02-aout-1998-pour-eviter-lamnesie","status":"publish","type":"post","link":"https:\/\/congolobilelo.com\/IN\/rdc-repenser-a-la-date-du-02-aout-1998-pour-eviter-lamnesie\/","title":{"rendered":"RDC: Repenser (\u00e0) la date du  2 ao\u00fbt 1998 pour \u00e9viter l\u2019amn\u00e9sie !"},"content":{"rendered":"<p>\t\t\t\tPar Jean-Pierre Mbelu<\/p>\n<p><strong>Il y a, dans la relecture de l\u2019histoire du Congo, une co\u00efncidence des dates, des mois et des identit\u00e9s des acteurs majeurs (depuis quelques d\u00e9cennies) qui devrait donner \u00e0 penser. Elle trahirait une certaine conduite d\u2019une \u2018\u2019politique profonde\u2019\u2019 \u00e0 questionner r\u00e9guli\u00e8rement pour une orientation en conscience du \u2018\u2019vivre-bien congolais\u2019\u2019. A l\u2019approche de la date du 02 ao\u00fbt rappelant le d\u00e9but de \u2018\u2019la premi\u00e8re guerre mondiale africaine\u2019\u2019 (Susan Rice), il serait int\u00e9ressant de reconsid\u00e9rer la direction que la RDC a prise depuis ce jour-l\u00e0 jusqu\u2019\u00e0 la veille de la rencontre USA-AFRIQUE ; et les possibilit\u00e9s qu\u2019elle peut encore exploiter pour devenir un pays r\u00e9ellement ind\u00e9pendant, souverain et protecteur de ses terres.<\/strong><\/p>\n<p>Au cours de la premi\u00e8re semaine du mois d\u2019ao\u00fbt, il se pourrait que \u2018\u2019le ra\u00efs\u2019\u2019 r\u00e9ponde \u00e0 l\u2019invitation de Barack Obama au sommet USA-AFRIQUE. Le choix de la date de ce sommet intrigue un peu ! Au cours du premier semestre de 1998, Laurent-D\u00e9sir\u00e9 Kabila rompt son alliances avec les arm\u00e9es ougando-rwandaises. Il leur demande de rentrer dans leurs pays respectifs. Le 02 ao\u00fbt 1998, le Rwanda, par l\u2019entremise d\u2019une milice gagn\u00e9e \u00e0 sa cause, le RCD, attaque la RDC au grand m\u00e9pris de la l\u00e9galit\u00e9 internationale. La communaut\u00e9 occidentale fait comme si de rien n\u2019\u00e9tait. Les USA, eux, ne rompent pas la coop\u00e9ration militaire avec l\u2019axe ougando-rwandais.<\/p>\n<p>Pour preuve, ils viendront au secours de l\u2019arm\u00e9e ougando-rwandaise encercl\u00e9e par l\u2019arm\u00e9e angolaise au Bas-Congo en l\u2019exfiltrant. Le RCD poursuivra cette guerre avec le soutien de l\u2019Ouganda et du Rwanda dans une RDC d\u00e9sormais soutenue par l\u2019Angola, le Zimbabwe, la Namibie, etc. Ces deux camps se neutraliseront jusqu\u2019au moment o\u00f9 la communaut\u00e9 occidentale compos\u00e9e de la tro\u00efka (USA, France et Belgique) s\u2019alliera avec la Zambie, l\u2019Afrique du Sud et bien d\u2019autres pays non-impliqu\u00e9s dans cette \u2018\u2019premi\u00e8re guerre mondiale africaine\u2019\u2019 pour que les accords de Lusaka soient conclus en juillet 1999 et que la Monuc soit mise sur pied pour veiller \u00e0 leur mise en \u0153uvre.<\/p>\n<h3>Le 2 ao\u00fbt 1998 et la tactique du &#8220;Talk and Fight&#8221;<\/h3>\n<p>Il est important de bien relire cet \u00e9pisode. La rupture d\u2019alliance entre Laurent-D\u00e9sir\u00e9 Kabila et l\u2019arm\u00e9e ougando-rwandaise entra\u00een\u00e9e et soutenue par les Forces Sp\u00e9ciales am\u00e9ricaines[1] a conduit \u00e0 la naissance du RCD pour neutraliser la r\u00e9sistance africaine cr\u00e9\u00e9e autour de Mzee, d\u00e9peupler et occuper les terres congolaises.<\/p>\n<p>L\u2019accord de Lusaka fut une diversion participant de la tactique du \u2018\u2019talk and fight\u2019\u2019. Il est concoct\u00e9 par un homme de l\u2019ombre de l\u2019administration Clinton, Howard Holpe[2]. Sa signature a cr\u00e9\u00e9 une tr\u00eave. Elle n\u2019a cependant pas emp\u00each\u00e9 que Laurent-D\u00e9sir\u00e9 Kabila soit assassin\u00e9 le 17 janvier 2001.<\/p>\n<p>Insistons. N\u2019e\u00fbt \u00e9t\u00e9 cette tr\u00eave, les arm\u00e9es africaines venues au secours de la RDC auraient an\u00e9anti la milice ougando-rwandaise du RCD avec ses soutiens. Les commanditaires de cette guerre de pr\u00e9dation et de basse intensit\u00e9 auraient mordu la poussi\u00e8re ou se seraient manifest\u00e9s au grand jour. Pour \u00e9viter cela, ils ont fait intervenir l\u2019ONU. Un remake ! Les relecteurs conscients de l\u2019histoire collective du Congo peuvent se souvenir que l\u2019ONU a (d\u00e9j\u00e0) trahi Lumumba apr\u00e8s les s\u00e9cessions du Katanga et du Kasa\u00ef quelques jours seulement apr\u00e8s la proclamation officielle de l\u2019ind\u00e9pendance formelle du Congo. Croyant \u00e0 l\u2019impartialit\u00e9 de cette institution \u2018\u2019internationale\u2019\u2019, Lumumba l\u2019a invit\u00e9e \u00e0 mettre fin \u00e0 cette double s\u00e9cession avant de s\u2019entendre dire qu\u2019il s\u2019agissait l\u00e0 d\u2019une question interne dans laquelle elle ne pouvait s\u2019ing\u00e9rer. \u00ab Le partisan farouche de l\u2019action pacifique qu\u2019il \u00e9tait appelle maintenant \u00e0 une contre-offensive militaire. En quarante-huit heures, la s\u00e9cession du Kasa\u00ef est vaincue et les troupes fid\u00e8les \u00e0 Lumumba entrent au Katanga. \u00bb[3]<\/p>\n<p>L\u2019ONU a pu, \u00e0 ce moment l\u00e0, d\u00e9cr\u00e9ter militairement le cessez-le-feu. Elle a fait ce que la r\u00e9solution du Conseil de s\u00e9curit\u00e9 du 09 ao\u00fbt 1960 lui interdisait : intervenir dans un conflit int\u00e9rieur. \u00ab En d\u2019autres termes : les Nations unies ne participent pas au r\u00e9tablissement du gouvernement l\u00e9gitime de Lumumba mais prot\u00e8gent militairement les s\u00e9cessionnistes katangais \u00bb[4] avant que le sort du Premier ministre Congolais soit finalement scell\u00e9 \u00e0 partir de Washington. Le chef de la CIA au pays de l\u2019Oncle Sam, Allen Dulles, passera ce message au responsable de sa station \u00e0 L\u00e9opoldville, Larry Devlin : \u00ab Nous avons d\u00e9cid\u00e9 que son \u00e9loignement est notre objectif le plus important et que, dans les circonstances actuelles, il m\u00e9rite grande priorit\u00e9 dans notre action secr\u00e8te. \u00bb[5] La suite est connue. Lumumba est assassin\u00e9 et cet assassinat va profiter \u00e0 ses commanditaires et \u00e0 leurs \u2018\u2019n\u00e9griers\u2019\u2019 avec l\u2019aval de l\u2019ONU.<\/p>\n<h3>La co\u00efncidence des dates et la &#8220;politique profonde&#8221;<\/h3>\n<p>En 2001, l\u2019ONU est au Congo comme en 1961. Lumumba est assassin\u00e9 le 17 janvier 1961. Laurent-D\u00e9sir\u00e9 Kabila l\u2019est le 16 janvier 2001. Quarante ans, jour apr\u00e8s jour ! A qui a profit\u00e9 ce crime ? A ses commanditaires et \u00e0 leurs \u2018\u2019n\u00e9griers des temps modernes\u2019\u2019. La co\u00efncidence des dates et l\u2019identit\u00e9 des acteurs majeurs devraient \u00eatre des signes r\u00e9v\u00e9lateurs d\u2019une m\u00eame \u2018\u2019politique profonde\u2019\u2019 et ambitieuse men\u00e9e depuis plus de quatre d\u00e9cennies !<\/p>\n<p>Avec l\u2019arriv\u00e9e de l\u2019AFDL sur le sol congolais et apr\u00e8s la cr\u00e9ation de la milice ougando-rwandaise RCD, le ph\u00e9nom\u00e8ne d\u2019infiltration et d\u2019affaiblissement des institutions congolaises s\u2019est poursuivi ainsi que la mise sous tutelle de la RDC par la communaut\u00e9 occidentale. Les autres milices de diff\u00e9rentes branches du RCD, du MLC, du CNDP ou du M23 ont continu\u00e9 la m\u00eame \u0153uvre sous la supervision des m\u00eames acteurs majeurs, avec la complicit\u00e9 des \u00e9lites congolaises compradores. Il y a l\u00e0 un ph\u00e9nom\u00e8ne r\u00e9current : la cogestion des institutions congolaises par les agents de l\u2019ombre \u00e9trangers et les acteurs apparents congolais ou voulant se faire passer comme tels sous la barbe de l\u2019ONU. Les diff\u00e9rents accords sign\u00e9s apr\u00e8s celui de Lusaka favorise cet \u00e9tat des choses : la d\u00e9liquescence de l\u2019Etat congolais favorable au \u2018\u2019chaos constructeur\u2019\u2019.<\/p>\n<p>C\u2019est-\u00e0-dire \u00e0 la balkanisation et \u00e0 l\u2019implosion du Congo pour la cr\u00e9ation de petits Etats faibles, corv\u00e9ables \u00e0 et opposables \u00e0 souhait pour le triomphe de la politique du \u2018\u2019diviser pour r\u00e9gner\u2019\u2019, ennemie des institutions fortes et servante du march\u00e9 n\u00e9olib\u00e9ral. La l\u00e9gitimit\u00e9 et l\u2019efficacit\u00e9 de ces institutions, en effet, en prennent le coup. Comment faire pour exfiltrer ces agents de l\u2019ombre \u00e9trangers, neutraliser \u2018\u2019leurs n\u00e8gres de service\u2019\u2019 et refonder l\u2019Etat congolais sur des bases \u00e9thiques s\u00fbres et saines dans un pays domin\u00e9 par des acteurs majeurs transform\u00e9s en \u2018\u2019chasseurs de mati\u00e8res premi\u00e8res\u2019\u2019 et ne jurant que par un Congo et\/ou une Afrique transform\u00e9(e) en simples r\u00e9servoirs de ressources strat\u00e9giques, ob\u00e9issant \u00e0 la seule logique du march\u00e9 non-r\u00e9gul\u00e9 ? Cette question se complique davantage quand, certains agents de l\u2019ombre \u00e9trangers s\u2019identifient religieusement \u00e0 la descendance juive de Salomon, h\u00e9riti\u00e8re des mines d\u2019or se situant \u00e0 l\u2019Est du scandale g\u00e9ologique du c\u0153ur de l\u2019Afrique et tient \u00e0 tout prix \u00e0 la balkanisation et \u00e0 l\u2019implosion du Congo. ?<\/p>\n<p>Pour eux, la conviction (ou l\u2019id\u00e9ologie) religieuse (fabriqu\u00e9e de toute pi\u00e8ce) l\u2019emporte sur les aspirations des Congolais(es) appelant de tous leurs v\u0153ux l\u2019av\u00e8nement d\u2019un Etat social et de droit, port\u00e9 par un leadership visionnaire et des mouvements et des partis de masse unifiants.<\/p>\n<h3>La RD Congo et ses 9 voisins<\/h3>\n<p>La naissance ou la renaissance d\u2019une autre \u2018\u2019race de Congolais (es)\u2019\u2019 d\u00e9barrass\u00e9e de toute haine de soi, fi\u00e8re d\u2019\u00eatre elle-m\u00eame, porteuse de valeurs humanistes et progressistes nous semble indispensable au travail d\u2019exfiltration (ou de reconversion?) des agents de l\u2019ombre, \u00e0 la neutralisation des \u2018\u2019n\u00e8gres de service\u2019\u2019 et \u00e0 l\u2019animation des institutions et des structures n\u00e9cessaires \u00e0 l\u2019av\u00e8nement d\u2019un Congo (lais) libre et prosp\u00e8re. D\u2019o\u00f9 l\u2019importance de la re-visitation des lieux de la structuration de la personnalit\u00e9 congolaise que sont la famille, l\u2019\u00e9cole, l\u2019\u00e9glise et l\u2019universit\u00e9, de les questionner sur la qualit\u00e9 de l\u2019homme et de la femme qu\u2019ils ont produit jusqu\u2019\u00e0 ce jour et au besoin les booster pour qu\u2019ils fassent mieux.<\/p>\n<p>Bref, l\u2019interaction entre acteurs congolais progressistes et humanistes et des structures et des institutions respectueuses du droit, de la justice de la libert\u00e9 et de la dignit\u00e9 humaine est, \u00e0 nos yeux, l\u2019une des clefs n\u00e9cessaire \u00e0 l\u2019\u00e9mancipation politique de notre pays et \u00e0 la fin du cauchemar qu\u2019il conna\u00eet depuis plusieurs d\u00e9cennies. Les minorit\u00e9s organis\u00e9es et agissantes y travaillent d\u00e9j\u00e0. Les fruits de l\u2019ind\u00e9pendance \u00e9conomico-politique, de la souverainet\u00e9 et de la protection (ou du protectionnisme) des terres ancestrales mettent du temps \u00e0 m\u00fbrir.<\/p>\n<p>Il ne sert presque pas \u00e0 grand-chose de rappeler que certains compatriotes pensent que les choses iraient un peu plus vite s\u2019il y a avait un coup d\u2019Etat perp\u00e9tr\u00e9 par des patriotes r\u00e9sistants ; d\u2019autres restent attach\u00e9s \u00e0 la proc\u00e9dure \u2018\u2019d\u00e9mocratique\u2019\u2019 d\u2019\u00e9lections au suffrage universel ; d\u2019autres encore ne jurent que par le soul\u00e8vement des masses populaires, devenues d\u00e9miurges d\u2019elles-m\u00eames, pour renverser les rapports de force, etc.<\/p>\n<p>Cela \u00e9tant, la question du respect du droit international demeure. Comment proc\u00e9der pour que l\u2019ONU soit un peu plus respectueuse du droit \u00e0 l\u2019autod\u00e9termination de tous ses membres et \u00e9vite son instrumentalisation par la communaut\u00e9 occidentale et leurs alli\u00e9s ? Le renforcement de l\u2019axe Brics-Am\u00e9rique latine-Afrique pourrait-il \u00eatre un d\u00e9but de solution pour une Afrique d\u00e9connect\u00e9e du Nord comme le conseille Fran\u00e7ois Houtart[6] ?<\/p>\n<p>Telles sont des questions qui m\u00e9ritent un certain approfondissement au sein des partis et mouvements unifiants congolais et africains. Le Congo a neuf voisins. Il lui sera difficile de se tirer d\u2019affaires seul sans une s\u00e9rieuse int\u00e9gration politique, \u00e9conomique, culturelle et s\u00e9curitaire avec ses voisins ; sans une certaine diversification des partenaires strat\u00e9giques. Certains pays latinos, l\u2019Iran, la Syrie, l\u2019Angola, la Guin\u00e9e Equatoriale, l\u2019Alg\u00e9rie, etc. semble avoir compris cela.<\/p>\n<p>&nbsp;<\/p>\n<p><em>Mbelu Babanya Kabudi<\/em><\/p>\n<hr style=\"color: #000000;\" align=\"left\" size=\"1\" width=\"33%\" \/>\n<div style=\"color: #000000;\">\n<div><a style=\"color: #222222;\" title=\"\" name=\"147831ecf71fded2__ftn1\"><\/a>[1]\u00a0<span lang=\"FR-BE\">Lire M.-F. CROS et F. MISSER,\u00a0<i>G\u00e9opolitique du Congo (RDC<\/i>), Bruxelles, Complexe,\u00a0 2006, p.112.<\/span><\/div>\n<div><span lang=\"FR-BE\">\u00a0<\/span><\/div>\n<\/div>\n<div style=\"color: #000000;\">\n<div><a style=\"color: #222222;\" title=\"\" name=\"147831ecf71fded2__ftn2\"><\/a>[2]\u00a0<span lang=\"FR-BE\">Lire\u00a0 P. PEAN,\u00a0<i>Carnages. Les guerres secr\u00e8tes des grandes puissances en Afrique<\/i>, Paris, Paris, Fayard, 2010, p. 399.<\/span><\/div>\n<\/div>\n<div style=\"color: #000000;\">\n<div><a style=\"color: #222222;\" title=\"\" name=\"147831ecf71fded2__ftn3\"><\/a>[3]\u00a0<span lang=\"FR-BE\">S. BOUAMAMA,\u00a0<i>Figures de la r\u00e9volution africaine. De Kenyatta \u00e0 Sanka<\/i>ra, Paris, La D\u00e9couverte, 2014, p. 178.<\/span><\/div>\n<div><span lang=\"FR-BE\">\u00a0<\/span><\/div>\n<\/div>\n<div style=\"color: #000000;\">\n<div><a style=\"color: #222222;\" title=\"\" name=\"147831ecf71fded2__ftn4\"><\/a>[4]\u00a0<i><span lang=\"FR-BE\">Ibidem<\/span><\/i><span lang=\"FR-BE\">.<\/span><\/div>\n<\/div>\n<div style=\"color: #000000;\">\n<div><a style=\"color: #222222;\" title=\"\" name=\"147831ecf71fded2__ftn5\"><\/a>[5]\u00a0<i><span lang=\"FR-BE\">Ibidem<\/span><\/i><span lang=\"FR-BE\">, p. 179.<\/span><\/div>\n<\/div>\n<div style=\"color: #000000;\">\n<div><a style=\"color: #222222;\" title=\"\" name=\"147831ecf71fded2__ftn6\"><\/a>[6]\u00a0<a style=\"color: #1155cc;\" href=\"http:\/\/www.legrandsoir.info\/cooperation-sud-sud-pour-un-nouveau-modele-de-developpement.html\" target=\"_blank\" rel=\"noopener\"><span style=\"color: black;\">http:\/\/www.legrandsoir.info\/<wbr \/>cooperation-sud-sud-pour-un-<wbr \/>nouveau-modele-de-<wbr \/>developpement.html<\/span><\/a><\/div>\n<\/div>\n","protected":false},"excerpt":{"rendered":"<p>Par Jean-Pierre Mbelu Il y a, dans la relecture de l\u2019histoire du Congo, une co\u00efncidence des dates, des mois et des identit\u00e9s des acteurs majeurs (depuis quelques d\u00e9cennies) qui devrait donner \u00e0 penser. Elle trahirait une certaine conduite d\u2019une \u2018\u2019politique profonde\u2019\u2019 \u00e0 questionner r\u00e9guli\u00e8rement pour une orientation en conscience du \u2018\u2019vivre-bien congolais\u2019\u2019. A l\u2019approche de [&hellip;]<\/p>\n","protected":false},"author":1,"featured_media":6810,"comment_status":"open","ping_status":"open","sticky":false,"template":"","format":"standard","meta":{"_acf_changed":false,"content-type":"","footnotes":""},"categories":[107,124],"tags":[],"class_list":["post-6809","post","type-post","status-publish","format-standard","has-post-thumbnail","hentry","category-analyses-commentaires","category-politique-societe"],"acf":[],"_links":{"self":[{"href":"https:\/\/congolobilelo.com\/IN\/wp-json\/wp\/v2\/posts\/6809","targetHints":{"allow":["GET"]}}],"collection":[{"href":"https:\/\/congolobilelo.com\/IN\/wp-json\/wp\/v2\/posts"}],"about":[{"href":"https:\/\/congolobilelo.com\/IN\/wp-json\/wp\/v2\/types\/post"}],"author":[{"embeddable":true,"href":"https:\/\/congolobilelo.com\/IN\/wp-json\/wp\/v2\/users\/1"}],"replies":[{"embeddable":true,"href":"https:\/\/congolobilelo.com\/IN\/wp-json\/wp\/v2\/comments?post=6809"}],"version-history":[{"count":0,"href":"https:\/\/congolobilelo.com\/IN\/wp-json\/wp\/v2\/posts\/6809\/revisions"}],"wp:featuredmedia":[{"embeddable":true,"href":"https:\/\/congolobilelo.com\/IN\/wp-json\/"}],"wp:attachment":[{"href":"https:\/\/congolobilelo.com\/IN\/wp-json\/wp\/v2\/media?parent=6809"}],"wp:term":[{"taxonomy":"category","embeddable":true,"href":"https:\/\/congolobilelo.com\/IN\/wp-json\/wp\/v2\/categories?post=6809"},{"taxonomy":"post_tag","embeddable":true,"href":"https:\/\/congolobilelo.com\/IN\/wp-json\/wp\/v2\/tags?post=6809"}],"curies":[{"name":"wp","href":"https:\/\/api.w.org\/{rel}","templated":true}]}}