{"id":6805,"date":"2014-07-28T08:33:42","date_gmt":"2014-07-28T08:33:42","guid":{"rendered":"http:\/\/www.ingeta.com\/?p=6805"},"modified":"2014-07-28T08:33:42","modified_gmt":"2014-07-28T08:33:42","slug":"rd-congo-lattaque-nebuleuse-du-camp-tshatshi-du-mardi-22-juillet-2014","status":"publish","type":"post","link":"https:\/\/congolobilelo.com\/IN\/rd-congo-lattaque-nebuleuse-du-camp-tshatshi-du-mardi-22-juillet-2014\/","title":{"rendered":"RD Congo: L\u2019attaque n\u00e9buleuse du camp Tshatshi du mardi 22 juillet 2014"},"content":{"rendered":"<p>\t\t\t\tPar <a href=\"http:\/\/desc-wondo.org\/special-hebdo-attaque-22-juillet-commentee-par-desc-semaine-du-21au-25-juillet\/\">DESC-Wondo<\/a><\/p>\n<p><strong>C\u2019est vers 14 heures locales que DESC, une des premi\u00e8res sources \u00e0 diffuser l\u2019information sur l\u2019attaque du 22 juillet, a \u00e9t\u00e9 inform\u00e9e par deux sources militaires des coups de feu entendus \u00e0 Kinshasa. C\u2019est alors que entre r\u00e9colte des informations, analyses et recoupements, r\u00e9ponse aux multiples appels t\u00e9l\u00e9phoniques, m\u00eame de certaines personnalit\u00e9s congolaises, terr\u00e9es dans leurs r\u00e9sidences que DESC s\u2019est mise tout de m\u00eame \u00e0 donner les premi\u00e8res informations sur cette attaque qui a mis Kinshasa en \u00e9bullition durant quelques heures et a fait le buzz de l\u2019information comme une tra\u00een\u00e9e de poudre que DESC a compris qu\u2019il fallait publier un flash pour donner les premi\u00e8res informations brutes pendant que la communication gouvernementale kafka\u00efenne apportait plus de doutes que de s\u00e9r\u00e9nit\u00e9 aupr\u00e8s des populations de la RDC et d\u2019autres publics inquiets de se passait dans la capitale congolaise.<\/strong><\/p>\n<p>&nbsp;<\/p>\n<p style=\"color: #666666;\"><span style=\"font-weight: inherit; font-style: inherit; color: #000000;\">Ainsi, sous le titre :\u00a0<a href=\"http:\/\/desc-wondo.org\/flash-des-coups-de-feu-entendus-a-kinshasa\/\"><em style=\"font-weight: inherit; font-style: italic;\"><strong style=\"font-weight: bold; font-style: inherit;\">Flash : Kinshasa sous les bruits des armes<\/strong><\/em>\u00a0?<\/a>, on pouvait y lire :<\/span><\/p>\n<p style=\"color: #666666;\"><span style=\"font-weight: inherit; font-style: inherit; color: #000000;\">\u00ab\u00a0<strong style=\"font-weight: bold; font-style: inherit;\">DESC vient d\u2019\u00eatre inform\u00e9e d\u2019intenses tirs \u00e0 l\u2019arme de guerre qui d\u00e9tonnent depuis ce mardi 22 juillet \u00e0 partir de 13 heures au niveau du Camp Tshatshi, lieu de casernement de la garde r\u00e9publicaine (GR), charg\u00e9e de la protection pr\u00e9sidentielle. L\u2019information reste confuse et assez fragmentaire quant aux mobiles r\u00e9els de ces tirs.<\/strong>\u00bb (\u2026) \u00ab Une source ind\u00e9pendante beaucoup plus cr\u00e9dible parle d\u2019\u00a0\u00bbu<em style=\"font-weight: inherit; font-style: italic;\"><strong style=\"font-weight: bold; font-style: inherit;\">n commando non autrement identifi\u00e9 qui a attaqu\u00e9 \u2018la poudri\u00e8re\u2019 (armurerie) du r\u00e9giment blind\u00e9 de la GR. Ce commando est muni des armes blanches et des armes \u00e0 feu \u00bb.\u00a0<\/strong><\/em><strong style=\"font-weight: bold; font-style: inherit;\">Jusqu\u2019\u00e0 15h45 (heure de Kinshasa), la situation ne semble pas totalement ma\u00eetris\u00e9e<\/strong>\u00a0selon certaines sources GR qui d\u00e9fendent le camp Tshatshi. Les services de renseignement de la GR s\u2019\u00e9tonnent et se posent la question : comment ce commando ait pu atteindre ce lieu strat\u00e9gique (armurerie) o\u00f9 sont stock\u00e9s les munitions et les explosifs de la GR? \u00bb<\/span><\/p>\n<p style=\"color: #666666;\"><span style=\"font-weight: inherit; font-style: inherit; color: #000000;\">\u00ab DESC a par ailleurs essay\u00e9 de contacter plusieurs autres sources de l\u2019Etat-major g\u00e9n\u00e9ral, du minist\u00e8re de la D\u00e9fense, de la pr\u00e9sidence de la R\u00e9publique, de la GR et d\u2019autres services sp\u00e9cialis\u00e9s, sans succ\u00e8s car c\u2019est le silence radio. \u00bb<\/span><\/p>\n<p style=\"color: #666666;\"><span style=\"font-weight: inherit; font-style: inherit; color: #000000;\">\u00ab Aux derni\u00e8res informations, on signalerait des coups de feu au niveau de l\u2019a\u00e9roport international de Ndjili. Mais en r\u00e9alit\u00e9 ce serait la panique occasionn\u00e9e par le mouvement des chars de la GR qui ont quitt\u00e9 Kibomango, du c\u00f4t\u00e9 l\u2019a\u00e9roport pour faire mouvement en direction du centre-ville pour appuyer leurs coll\u00e8gues du Camp Tshatshi en tirant en l\u2019air afin d\u2019intimider et de dissuader la population. \u00bb<\/span><\/p>\n<p style=\"color: #666666;\"><span style=\"font-weight: inherit; font-style: inherit; color: #000000;\">C\u2019est ainsi qu\u2019\u00e0 la suite du flash info de DESC, plusieurs m\u00e9dias nationaux et internationaux lui emboit\u00e8rent le pas, chacune allant avec ses propres suppositions et imaginations, en diffusant parfois tout et n\u2019importe quoi, sans analyse technique pr\u00e9alable, juste pour occuper et saturer l\u2019espace m\u00e9diatique.<\/span><\/p>\n<p style=\"color: #666666;\"><span style=\"font-weight: inherit; font-style: inherit; color: #000000;\">Cependant, l\u2019on peut d\u00e9j\u00e0 constater que, contrairement \u00e0 l\u2019information livr\u00e9e par le ministre des M\u00e9dias, le porte-parole du Gouvernement et de Kabila, Lambert Mende, parlant d\u2019une attaque qui a dur\u00e9 15 minutes et que tout \u00e9tait rentr\u00e9 dans l\u2019ordre vers 14h30 locales, DESC dans son\u00a0<\/span><span style=\"font-weight: inherit; font-style: inherit; color: #000000;\">flash-info avait bien indiqu\u00e9 que : \u00ab Jusqu\u2019\u00e0 15h45 (heure de Kinshasa), la situation ne semble pas totalement ma\u00eetris\u00e9e selon certaines sources GR qui d\u00e9fendent le camp Tshatshi \u00bb. D\u2019autant que pendant que nous parlions avec notre interlocuteur qui se trouvait au niveau d camp Tshatshi, il parlait d\u2019une situation non encore totalement sous contr\u00f4le et on pouvait entendre en arri\u00e8re fond des bruits de tir en armes automatiques.<\/span><\/p>\n<p style=\"color: #666666;\"><span style=\"font-weight: inherit; font-style: inherit; color: #000000;\">Bof,\u00a0<strong style=\"font-weight: bold; font-style: inherit;\">la d\u00e9sinformation fait \u00e9galement partie de la politique de communication gouvernementale pour semer la confusion et maintenir l\u2019opinion dans l\u2019ignorance<\/strong>. Et c\u2019est cette confusion qui fait que malgr\u00e9 plusieurs informations, parfois contradictoires les unes des autres et empreintes d\u2019illogismes, l\u2019on constate que toute l\u2019effervescence qui a marqu\u00e9 la fin l\u2019apr\u00e8s-midi et la fin de journ\u00e9e du mardi 22 juillet 2014 s\u2019est subitement \u00e9vanouie. La vie continue comme si de rien n\u2019\u00e9tait et que 48 heures auparavant la vie des habitants d\u2019une capitale de 10 millions d\u2019habitants \u00e9tait mise en danger. Signe \u00e9vident que cette ultime sc\u00e8ne d\u2019attaque finira dans l\u2019oubli comme ses pr\u00e9c\u00e9dentes, sans que les congolais et l\u2019opinion ne sachent vraiment ce qui s\u2019estr\u00e9ellement\u00a0 pass\u00e9. Autre signe interpellant, que ce soit l\u2019attaque du 30 d\u00e9cembre 2013 et celle du 22 juillet 2014,\u00a0<span style=\"font-weight: inherit; font-style: inherit; color: #000080;\"><strong style=\"font-weight: bold; font-style: inherit;\">le point de convergence est qu\u2019elles se sont d\u00e9roul\u00e9es pendant la p\u00e9riode des vacances parlementaires.<\/strong><\/span>\u00a0C\u2019est comme si que les choses \u00e9taient planifi\u00e9es pour \u00e9viter l\u2019interpellation du pouvoir par l\u2019opposition parlementaire. Une opposition qui n\u2019y a vu que de la fum\u00e9e sans feu et a privil\u00e9gi\u00e9 la piste de coup mont\u00e9 par le r\u00e9gime.<\/span><\/p>\n<p style=\"color: #666666;\"><span style=\"font-weight: inherit; font-style: inherit; color: #000000;\">Ici aussi, il y a fort \u00e0 parier qu\u2019aucune enqu\u00eate s\u00e9rieuse, cr\u00e9dible et ind\u00e9pendante ne sera diligent\u00e9e pour \u00e9clairer l\u2019opinion nationale sur les causes, les mobiles, les auteurs de cette attaque. Nous nous posons par cons\u00e9quent la question, \u00e0 quand la prochaine attaque similaire en armes blanches contre la Garde r\u00e9publicaine (GR) ? Laquelle GR doit absolument se donner des raisons ou des alibis pour justifier des exercices de man\u0153uvre, grandeur nature, du m\u00eame type que les attaques du 30 d\u00e9cembre 2013 et du 22 juillet dernier en vue de se pr\u00e9parer \u00e0 2016 o\u00f9 tout porte \u00e0 croire que le R\u00e9gime Kabila, qui se pr\u00e9pare vraisemblablement, sur base d\u2019un faisceau d\u2019informations parvenus \u00e0 DESC, \u00e0 un coup de force constitutionnel, aura la population et d\u2019autres groupes arm\u00e9s \u00e0 dos. D\u2019o\u00f9 notre question au g\u00e9n\u00e9ral\u00a0<strong style=\"font-weight: bold; font-style: inherit;\">Dieudonn\u00e9 Banze<\/strong>, le commandant Mulubakat de la GR, s\u2019il est tr\u00e8s satisfait de la r\u00e9action de ses hommes lors de ce qui semble \u00eatre un exercice de man\u0153uvre visant \u00e0 tester l\u2019efficacit\u00e9 de son unit\u00e9.<\/span><\/p>\n<p style=\"color: #666666;\"><span style=\"font-weight: inherit; font-style: inherit; color: #000000;\"><span style=\"font-weight: inherit; font-style: inherit; color: #000080;\"><strong style=\"font-weight: bold; font-style: inherit;\">Plus loufoque encore, la MONUSCO, sans attendre les conclusions de l\u2019enqu\u00eate et de savoir si on avait r\u00e9ellement fait face \u00e0 une vraie attaque ou une simulation du pouvoir, s\u2019est empress\u00e9e de f\u00e9liciter la r\u00e9action des FARDC !!!!!!!<\/strong><\/span>\u00a0Alors que la GR, la seule unit\u00e9 intervenante, \u00e9chappe au contr\u00f4le effectif du chef d\u2019\u00e9tat-major g\u00e9n\u00e9ral des FARDC et \u00e9volue, en tant que garde pr\u00e9torienne, comme une arm\u00e9e parall\u00e8le et distincte des FARDC. Nous en voulons pour preuve, le traitement in\u00e9quitable de traitement entre la GR et le reste de \u2018arm\u00e9e clochardis\u00e9e relay\u00e9 par DESC dans notre derni\u00e8re publication ?<\/span><\/p>\n<p style=\"color: #666666;\"><span style=\"font-weight: inherit; font-style: inherit; color: #000000;\"><span style=\"font-weight: inherit; font-style: inherit; color: #000080;\"><strong style=\"font-weight: bold; font-style: inherit;\">DESC n\u2019arrive pas \u00e0 comprendre cet empressement de la MONUSCO \u00e0 saluer l\u2019efficacit\u00e9 d\u2019une arm\u00e9e<\/strong>\u00a0<\/span>qui d\u00e9clare avoir \u00e9t\u00e9 mise au parfum de cette attaque, avoir arr\u00eat\u00e9 la veille les m\u00eames \u00e9l\u00e9ments qui sont tout de m\u00eame pass\u00e9 \u00e0 l\u2019acte et ont \u00e9t\u00e9 violemment abattus le 22 juillet, munis de simples armes blanches, sans pr\u00e9venir l\u2019attaque et paralyser l\u2019activit\u00e9 \u00e9conomique de la capitale et y semer une panique g\u00e9n\u00e9ralis\u00e9e. Une attaque qui, plus est, s\u2019est visiblement op\u00e9r\u00e9e au m\u00e9pris du principe de proportionnalit\u00e9 et des r\u00e8gles juridiques du droit humanitaire dans les conflits arl\u00e9e (jus in bello). Plus \u00e9tonnant encore, la MONUSCO, qui accompagne la r\u00e9forme des services de s\u00e9curit\u00e9 en RDC, n\u2019a pas pris la peine d\u2019interpeller le pouvoir de Kinshasa ni lui faire la pression pour que la lumi\u00e8re soit faite sur cette action qui pourrait encore recommencer \u00e0 tout moment tant les services de renseignement et les autorit\u00e9s congolaises investies des missions r\u00e9galiennes de la s\u00e9curit\u00e9 nationale, font preuve de laxisme, de manque d\u2019anticipation en se refusant de tirer des le\u00e7ons des attaques pass\u00e9es. Tout va tr\u00e8s bien en RDC ! Mais qui a bu boira !<\/span><\/p>\n<h3 style=\"color: #494949 !important;\"><span style=\"color: #000000;\"><strong style=\"font-weight: bold; font-style: inherit;\"><span style=\"font-weight: inherit; font-style: inherit;\">La presse, confuse et d\u00e9sabus\u00e9e, tergiverse et attend d\u2019\u00eatre \u00e9clair\u00e9e<\/span><\/strong><\/span><\/h3>\n<p style=\"color: #666666;\"><span style=\"font-weight: inherit; font-style: inherit; color: #000000;\">Fort de la qualit\u00e9 des informations fournies par DESC dans ses publications et analyes ( notamment\u00a0<strong style=\"font-weight: bold; font-style: inherit;\"><a style=\"font-weight: inherit; font-style: inherit; color: #22c40b;\" href=\"http:\/\/desc-wondo.org\/attaque-du-camp-tshatshi-bluff-ou-coup-de-colere-analyse-desc\/\">http:\/\/desc-wondo.org\/attaque-du-camp-tshatshi-bluff-ou-coup-de-colere-analyse-desc\/<\/a><\/strong>) et de notre passage \u00e0 la\u00a0<strong style=\"font-weight: bold; font-style: inherit;\">Radio Okapi<\/strong>\u00a0(<strong style=\"font-weight: bold; font-style: inherit;\"><a style=\"font-weight: inherit; font-style: inherit; color: #22c40b;\" href=\"http:\/\/radiookapi.net\/emissions-2\/dialogue-entre-congolais\/2014\/07\/23\/ce-soir-retour-au-calme-kinshasa-apres-des-tirs-mardi-au-camp-militaire-tshatshi\/\">http:\/\/radiookapi.net\/emissions-2\/dialogue-entre-congolais\/2014\/07\/23\/ce-soir-retour-au-calme-kinshasa-apres-des-tirs-mardi-au-camp-militaire-tshatshi\/<\/a><\/strong>), nous avons sciemment opt\u00e9 de ne plus reprendre les informations publi\u00e9es le jour de l\u2019attaque par d\u2019autres m\u00e9dias, qui n\u2019ont pas pu apporter plus d\u2019\u00e9l\u00e9ments pertinents que ceux de DESC. Par cons\u00e9quent,\u00a0<strong style=\"font-weight: bold; font-style: inherit;\">nous reprenons ci-dessous un condens\u00e9 s\u00e9lectionn\u00e9 des publications de quelques m\u00e9dias ayant trait\u00e9 de la suite de ces attaques<\/strong>.<\/span><\/p>\n<p style=\"color: #666666;\"><span style=\"font-weight: inherit; font-style: inherit; color: #000000;\">Selon le porte-parole du gouvernement Lambert Mende, des expuls\u00e9s de Brazzaville ont \u00e9t\u00e9 identifi\u00e9s parmi les assaillants. C\u2019est ce que rapportent plusieurs journaux, notamment\u00a0<strong style=\"font-weight: bold; font-style: inherit;\">L\u2019Avenir<\/strong>, qui indique que \u00ab l\u2019attaque contre le camp Tshatshi a fait 8 morts dont sept assaillants et un militaire congolais, \u00bb selon toujours Lambert Mende.<\/span><\/p>\n<p style=\"color: #666666;\"><span style=\"font-weight: inherit; font-style: inherit; color: #000000;\">De son c\u00f4t\u00e9,\u00a0<strong style=\"font-weight: bold; font-style: inherit;\">Le Palmar\u00e8s<\/strong>\u00a0croit savoir qu\u2019il s\u2019est agi d\u2019une \u00ab attaque suicide \u00bb organis\u00e9e par trente \u00e9l\u00e9ments de l\u2019ex-Division Sp\u00e9ciale Pr\u00e9sidentielle (DSP), c\u2019est-\u00e0-dire \u00ab des anciens \u00e9l\u00e9ments de la garde pr\u00e9sidentielle sous Mobutu. \u00bb D\u00e9j\u00e0, indique\u00a0<strong style=\"font-weight: bold; font-style: inherit;\">Le Palmar\u00e8s<\/strong>, \u00ab les services de s\u00e9curit\u00e9 sont entr\u00e9s en alerte en vue de d\u00e9busquer tous ceux qui, dans le jargon du m\u00e9tier, sont consid\u00e9r\u00e9s comme des complices passifs \u00bb de la \u00ab conspiration \u00bb de mardi.<\/span><\/p>\n<p style=\"color: #666666;\"><span style=\"font-weight: inherit; font-style: inherit; color: #000000;\">Pour sa part,\u00a0<strong style=\"font-weight: bold; font-style: inherit;\">L\u2019Observateur<\/strong>\u00a0rappelle que \u00abbien des voix, notamment la presse, avaient d\u00e9j\u00e0 tir\u00e9 la sonnette d\u2019alarme sur le danger d\u2019infiltration que courait le pays avec les nombreux expuls\u00e9s du Congo-Brazzaville qui entraient en territoire congolais en grand nombre et par de nombreuses voies. \u00bb Toutefois, indique le m\u00eame journal, Lambert Mende dit attendre les conclusions de l\u2019enqu\u00eate en cours, pour d\u00e9terminer la vraie identit\u00e9 et les motivations des assaillants.<\/span><\/p>\n<p style=\"color: #666666;\"><span style=\"font-weight: inherit; font-style: inherit; color: #000000;\"><strong style=\"font-weight: bold; font-style: inherit;\">La Temp\u00eate des Tropiques<\/strong>\u00a0note que, trois jours apr\u00e8s cet incident,<strong style=\"font-weight: bold; font-style: inherit;\">\u00a0il y a encore un \u00ab<em style=\"font-weight: inherit; font-style: italic;\">\u00a0myst\u00e8re autour de l\u2019attaque du camp Tshatshi<\/em>. \u00bb On n\u2019en sait pas davantage, en d\u00e9pit de l\u2019intervention du Porte-parole du Gouvernement, Lambert Mende<\/strong>, dans une interview accord\u00e9e jeudi 24 juillet \u00e0 Radio Okapi. De m\u00eame,\u00a0<strong style=\"font-weight: bold; font-style: inherit;\">Le Palmar\u00e8s<\/strong>\u00a0constate que \u00ab<em style=\"font-weight: inherit; font-style: italic;\"><strong style=\"font-weight: bold; font-style: inherit;\">quarante-huit heures apr\u00e8s l\u2019attaque d\u2019un camp militaire de Kinshasa d\u00e9j\u00e0 pris d\u2019assaut fin d\u00e9cembre, la question du mobile de cette action et de l\u2019identit\u00e9 de ses auteurs reste sans r\u00e9ponse<\/strong><\/em>. \u00bb<\/span><\/p>\n<p style=\"color: #666666;\"><span style=\"font-weight: inherit; font-style: inherit; color: #000000;\">Aussi, rapporte<strong style=\"font-weight: bold; font-style: inherit;\">\u00a0Le Palmar\u00e8s<\/strong>, \u00ab selon un haut responsable des services de s\u00e9curit\u00e9, les forces de l\u2019ordre ont interpell\u00e9 environ 80 personnes arriv\u00e9es \u00e0 Kinshasa dans le flot des plus 130.000 ressortissants de la RDC expuls\u00e9s ou partis dans l\u2019urgence du Congo voisin depuis le d\u00e9but du mois d\u2019avril. \u00bb D\u00e9j\u00e0, \u00ab la Majorit\u00e9 Pr\u00e9sidentielle pointe du doigt l\u2019Opposition \u00bb \u00e9crit\u00a0<strong style=\"font-weight: bold; font-style: inherit;\">L\u2019Avenir<\/strong>, sur le m\u00eame sujet. Le journal le tient de la d\u00e9claration politique rendue publique hier par la Majorit\u00e9 Pr\u00e9sidentielle (MP).\u00a0<strong style=\"font-weight: bold; font-style: inherit;\">L\u2019Avenir<\/strong>\u00a0rel\u00e8ve que la Majorit\u00e9 Pr\u00e9sidentielle (MP) met en garde l\u2019Opposition dont, selon cette m\u00eame plateforme, certains membres \u00ab ont nourri les insurg\u00e9s des ambitions d\u00e9mesur\u00e9es, pour r\u00e9aliser leur objectif. \u00bb<\/span><\/p>\n<p style=\"color: #666666;\"><span style=\"font-weight: inherit; font-style: inherit; color: #000000;\"><strong style=\"font-weight: bold; font-style: inherit;\">La Temp\u00eate des Tropiques<\/strong>\u00a0indique, par ailleurs, qu\u2019\u00abil est ardemment souhait\u00e9 que les conclusions soient vite port\u00e9es \u00e0 la connaissance de l\u2019opinion nationale de mani\u00e8re \u00e0 \u00e9vacuer le scepticisme qu\u2019elle affiche sur base d\u2019autres dossiers similaires entour\u00e9s jusqu\u2019\u00e0 ce jour d\u2019un \u00e9pais myst\u00e8re. \u00bb<\/span><\/p>\n<h3 style=\"color: #494949 !important;\"><span style=\"color: #000000;\"><strong style=\"font-weight: bold; font-style: inherit;\"><span style=\"font-weight: inherit; font-style: inherit;\">Qu\u2019en pense l\u2019opinion publique fatigu\u00e9e?<\/span><\/strong><\/span><\/h3>\n<p style=\"color: #666666;\"><span style=\"font-weight: inherit; font-style: inherit; color: #000000;\">Ce qui s\u2019est pass\u00e9 mardi 23 juillet 2014 de 14 \u00e0 16h \u00e0 Kinshasa au camp Tshatshi pousse plusieurs observateurs \u00e0 se poser des questions sur l\u2019efficacit\u00e9 des services de renseignements et de s\u00e9curit\u00e9 congolais.\u00a0<\/span><span style=\"font-weight: inherit; font-style: inherit; color: #000000;\">Selon le porte- parole du gouvernement Lambert Mende et le gouverneur de la ville Andr\u00e9 Kimbuta il s\u2019est agi d\u2019un groupe d\u2019intrus qui aurait voulu faire une irruption dans l\u2019enceinte du camp Tshatshi. Ils \u00e9taient arm\u00e9s des machettes et des quelques pistolets mais ont \u00e9t\u00e9 neutralis\u00e9s par les FARDC. Ils ont naturellement \u00e9t\u00e9 stopp\u00e9s parce que c\u2019est un site strat\u00e9gique, c\u2019est le si\u00e8ge du minist\u00e8re de la D\u00e9fense avant d\u2019ajouter que leurs identit\u00e9s, leur mode op\u00e9ratoire et leurs motivations seront connus d\u00e8s les conclusions des investigations en cours.<\/span><\/p>\n<p style=\"color: #666666;\"><span style=\"font-weight: inherit; font-style: inherit; color: #000000;\">Mais\u00a0<strong style=\"font-weight: bold; font-style: inherit;\">pour la plupart des congolais ce type de scenario commence vraiment \u00e0 bien faire.\u00a0<\/strong>C\u2019est toujours ou bien l\u2019Est du pays ou le Katanga ou surtout Kinshasa commentent plusieurs personnes ayant contact\u00e9 DESC, certains se sont livr\u00e9es \u00e0 se poser une s\u00e9rie de questions qui n\u2019auront sans doute jamais de r\u00e9ponses appropri\u00e9es dans une d\u00e9mocratie o\u00f9 le parlement se r\u00e9duit \u00e0 une caisse de r\u00e9sonance du pouvoir :\u00a0<em style=\"font-weight: inherit; font-style: italic;\">Qui sont ces gens ? Que veulent-ils ? Qu\u2019est ce qui explique ces incidents \u00e0 r\u00e9p\u00e9tition ? Pourquoi toujours de gens en petit nombre, faiblement arm\u00e9s ou pas du tout ? Pourquoi souvent le camp Tshatshi ? Mais aussi Kinshasa ? Y a-t-il des complicit\u00e9s ? Et enfin pourquoi des nombreuses enqu\u00eates concernant ces incidents n\u2019aboutissent jamais et ne sont publi\u00e9es?<\/em><\/span><\/p>\n<h3 style=\"color: #494949 !important;\"><span style=\"font-weight: inherit; font-style: inherit; color: #000000;\"><strong style=\"font-weight: bold; font-style: inherit;\">Outre ces questionnements, on a \u00e9galement recueilli les r\u00e9actions suivantes :<\/strong><\/span><\/h3>\n<p style=\"color: #666666;\"><em style=\"font-weight: inherit; font-style: italic;\"><span style=\"font-weight: inherit; font-style: inherit; color: #000000;\">Cette attaque prouve \u00e0 suffisance que l\u2019arm\u00e9e qui a d\u00e9fil\u00e9 le 30 juin \u00e0 Kinshasa n\u2019est toujours pas appuy\u00e9e par \u2018un service de renseignement efficace vu le manque de volont\u00e9 politique et la la n\u00e9gligence du gouvernement de ce secteur qui, pourtant devrait l\u2019avertir au pr\u00e9alable de cette attaque.<\/span><\/em><\/p>\n<p style=\"color: #666666;\"><span style=\"font-weight: inherit; font-style: inherit; color: #000000;\"><em style=\"font-weight: inherit; font-style: italic;\"><strong style=\"font-weight: bold; font-style: inherit;\">A quoi servent la D\u00e9miap et l\u2019Agence National de Renseignement (ANR)?<\/strong>\u00a0Il est temps de moderniser, de professionnaliser, d\u2019op\u00e9rer un recrutement et une formation de qualit\u00e9 pour les rendre plus efficaces.<\/em><\/span><\/p>\n<p style=\"color: #666666;\"><span style=\"font-weight: inherit; font-style: inherit; color: #000000;\"><em style=\"font-weight: inherit; font-style: italic;\">La RDC est une r\u00e9publique banani\u00e8re, et Kinshasa sa capitale est une ville fant\u00f4me sous l\u2019autorit\u00e9 d\u2019un pouvoir d\u2019occupation qui n\u2019est l\u00e0 que pour faire r\u00e9gner la terreur. ANR est un service qui ne travaille pas pour l\u2019int\u00e9r\u00eat de la Nation mais, au service de Joseph Kabila. C<strong style=\"font-weight: bold; font-style: inherit;\">omment les assaillants qui veulent d\u00e9stabiliser le r\u00e9gime affaibli de Kabila n\u2019ont toujours eu comme cibles que les camps militaires et comme armes que des machettes?<\/strong>\u00a0Dans tous les coups mont\u00e9s par le pouvoir de Kabila pour montrer \u00e0 la face du monde qu\u2019il ma\u00eetrise la situation, les assaillants ont toujours utilis\u00e9 les machettes et attaqu\u00e9 des camps militaires. Kabila n\u2019habite pas au camp Tshatshi, s\u2019il s\u2019agissait d\u2019une attaque destin\u00e9e \u00e0 d\u00e9stabiliser le pouvoir vomi par le peuple congolais, les assaillants allaient utiliser des armes appropri\u00e9s pour \u00e9tablir le rapport de force avec la garde r\u00e9publicaine et, attaquer Kingakati ou le palais de la nation. Cette histoire d\u2019attaque du camp Tshatshi n\u2019est qu\u2019un montage orchestr\u00e9 par le pouvoir \u00e0 perte de vitesse pour faire peur aux Congolais\u2026<\/em><\/span><\/p>\n<p style=\"color: #666666;\"><span style=\"font-weight: inherit; font-style: inherit; color: #000000;\"><em style=\"font-weight: inherit; font-style: italic;\">Quels sont les causes et les objectifs de cette attaque du camp selon le ministre? Pourquoi ces assaillants ont-ils fait cela? Pourquoi n\u2019ont-ils pas \u00e9t\u00e9 neutralis\u00e9s vivants car au vu des images publi\u00e9es sur internet, on voit qu\u2019ils n\u2019avaient pas d\u2019armes \u00e0 feu.\u00a0<strong style=\"font-weight: bold; font-style: inherit;\">Kabila et Mende ne trouvent-ils pas une autre blague pour\u00a0<span style=\"font-weight: inherit; font-style: inherit; color: #000080;\">distraire<\/span>\u00a0les congolais? Un petit groupe d\u2019individus munis de tshingomas (armes blanches) peut-il s\u2019amuser \u00e0 attaquer un site hautement s\u00e9curis\u00e9 o\u00f9 est caserne l\u2019unit\u00e9 d\u2019\u00e9lite qui prot\u00e8ge le chef de l\u2019Etat ?<\/strong>\u00a0Un peu de respect pour le peuple congolais qui en a marre et ne m\u00e9rite pas \u00e7a. Certes les congolais sont friands du\u2019 th\u00e9\u00e2tre de chez nous\u2019 et sketches\u201d mais pas celui de la mise en sc\u00e8ne r\u00e9pugnante r\u00e9alis\u00e9e par des amateurs qui auraient pu \u00e0 la place\u00a0<strong style=\"font-weight: bold; font-style: inherit;\">s\u2019inspirer de Fiston Sa\u00ef-Sa\u00ef, De Londres, Bodo, Tito, Esobe, Mama Kalunga,<\/strong>\u00a0etc. Des com\u00e9diens qui sont plus professionnels que la bande \u00e0 Mende en la mati\u00e8re.<\/em><\/span><\/p>\n<p style=\"color: #666666;\"><span style=\"font-weight: inherit; font-style: inherit; color: #000000;\"><em style=\"font-weight: inherit; font-style: italic;\">La majorit\u00e9 pr\u00e9sidentielle doit cesser de nous\u00a0<span style=\"font-weight: inherit; font-style: inherit; color: #000080;\"><strong style=\"font-weight: bold; font-style: inherit;\">distraire<\/strong><\/span>. Pourquoi en moins d\u2019un an les assaillants peuvent tenter de prendre la ville de Kinshasa avec la m\u00eame m\u00e9thode ? Que font les services de renseignement ? Kinshasa finit par \u00eatre le ventre mou et le maillon faible de la RDC, malgr\u00e9 son importance strat\u00e9gique.<\/em><\/span><\/p>\n<p style=\"color: #666666;\"><span style=\"font-weight: inherit; font-style: inherit; color: #000000;\"><em style=\"font-weight: inherit; font-style: italic;\">Tr\u00eave de\u00a0<span style=\"font-weight: inherit; font-style: inherit; color: #000080;\"><strong style=\"font-weight: bold; font-style: inherit;\">distraction<\/strong><\/span>, nous sommes fatigu\u00e9s de ces types de scenario pu\u00e9riles. S\u2019il s\u2019est agit r\u00e9ellement d\u2019une v\u00e9ritable attaque arm\u00e9e planifi\u00e9e comme le fait croire Mr. Mende, avant de mener pareille action; les assaillants devaient r\u00e9fl\u00e9chir plus d\u2019une fois en tirant les le\u00e7ons de l\u2019attaque du 30 d\u00e9cembre dernier et non s\u2019illustrer munis de quelques pistolets et armes. Ce n\u2019est pas du bon sens et Mende finit par nous agacer.<\/em><\/span><\/p>\n<p style=\"color: #666666;\"><span style=\"font-weight: inherit; font-style: inherit; color: #000000;\"><em style=\"font-weight: inherit; font-style: italic;\">Si la capitale n\u2019est pas s\u00e9curis\u00e9e, le reste du territoire national ressemblera \u00e0 un petit enfer. C\u2019est vraiment humiliant de la part du gouvernement, nous exigeons plus de lumi\u00e8re de sa part.<\/em><\/span><\/p>\n<p style=\"color: #666666;\"><span style=\"font-weight: inherit; font-style: inherit; color: #000000;\"><em style=\"font-weight: inherit; font-style: italic;\">Cette affaire est un montage aux empreintes du pouvoir pour distraire l\u2019opinion. D\u00e9j\u00e0 le 30 decembre 2013, Kabila se sentant en difficult\u00e9 pour mettre en place le gouvernement de coh\u00e9sion nationale, il va faire le\u00a0<strong style=\"font-weight: bold; font-style: inherit;\">mont<\/strong>age de cette affaire honteuse au sujet de\u00a0<strong style=\"font-weight: bold; font-style: inherit;\">Mukungubila<\/strong>\u00a0et apr\u00e8s c\u2019est silence radio et pourtant on raconte\u00a0<\/em><\/span><span style=\"font-weight: inherit; font-style: inherit; color: #000000;\"><em style=\"font-weight: inherit; font-style: italic;\">qu\u2019il y avait mort d\u2019homme. Le parlement n\u2019a m\u00eame pas voulu en parler. En mars 2013, les Bakata-Katanga ont d\u00e9fie les forces de l\u2019ordre jusqu\u2019au centre ville o\u00f9 ils venaient de faire flotter leur drapeau. Jusque l\u00e0 c\u2019est silence radio.\u00a0<strong style=\"font-weight: bold; font-style: inherit;\">Qui est tireur de ficelles? C\u2019est Kabila et son gouvernement<\/strong>, car dans tous ces dossiers, aucune autorit\u00e9 civile ou militaire en charge de la s\u00e9curit\u00e9 n\u2019a \u00e9t\u00e9 interpel\u00e9e ni index\u00e9e pour manquement. Quel est cet homme ou cette femme ( \u00e0 moins d\u2019\u00eatre un ou une malade mentale) qui s\u2019aventurerait \u00e0 s\u2019en prendre au camp Tshatshi de la garde r\u00e9publicaine avec des machettes ?\u00a0<strong style=\"font-weight: bold; font-style: inherit;\">De qui se moque-t-on?<\/strong>\u00a0E<\/em><\/span><span style=\"font-weight: inherit; font-style: inherit; color: #000000;\"><em style=\"font-weight: inherit; font-style: italic;\">st-ce pour rester au pouvoir au-d\u00e9l\u00e0 de 2016 que<strong style=\"font-weight: bold; font-style: inherit;\">\u00a0Kabila est entrain de cr\u00e9er toutes ces histoires farfelues et rocambolesques?<\/strong><\/em><\/span><\/p>\n<p style=\"color: #666666;\"><span style=\"font-weight: inherit; font-style: inherit; color: #000000;\"><em style=\"font-weight: inherit; font-style: italic;\">Les assaillants qui ont tent\u00e9 de p\u00e9n\u00e9trer dans le camp Tsahtshi ne sont pas des bandits\u00a0 d\u00e9sorganis\u00e9s m\u00eame si le porte-parole du gouvernement semblait les<\/em><\/span><br \/>\n<span style=\"font-weight: inherit; font-style: inherit; color: #000000;\"><em style=\"font-weight: inherit; font-style: italic;\">sous-estimer. Ces gens l\u00e0 savent tr\u00e8s bien les tenants et les aboutissants de leurs op\u00e9rations. L\u2019avenir nous en dira plus.<\/em><\/span><\/p>\n<p style=\"color: #666666;\"><span style=\"font-weight: inherit; font-style: inherit; color: #000000;\"><em style=\"font-weight: inherit; font-style: italic;\"><strong style=\"font-weight: bold; font-style: inherit;\">Cette attaque n\u2019est qu\u2019une machination politicienne mont\u00e9e de toutes pi\u00e8ces<\/strong>\u00a0par ceux l\u00e0 m\u00eame qui se sont pr\u00e9sent\u00e9 en sapeurs pompiers afin de traduire en actes le message envoy\u00e9 par le gouvernement lors de l\u2019anniversaire de l\u2019ind\u00e9pendance o\u00f9 il a fait la d\u00e9monstration de force des FARDC pour intimider tous ceux qui tenteront de soulever leur t\u00eate pour protester contre n\u2019importe quelle action politique en pr\u00e9paration.<\/em><\/span><\/p>\n<p><\/br><br \/>\n<em>DESC-WONDO<\/em><br \/>\nD\u00e9fense &amp; S\u00e9curit\u00e9 du Congo<br \/>\n<a href=\"http:\/\/www.desc-wondo.org\">http:\/\/www.desc-wondo.org<\/a>\t\t<\/p>\n","protected":false},"excerpt":{"rendered":"<p>Par DESC-Wondo C\u2019est vers 14 heures locales que DESC, une des premi\u00e8res sources \u00e0 diffuser l\u2019information sur l\u2019attaque du 22 juillet, a \u00e9t\u00e9 inform\u00e9e par deux sources militaires des coups de feu entendus \u00e0 Kinshasa. C\u2019est alors que entre r\u00e9colte des informations, analyses et recoupements, r\u00e9ponse aux multiples appels t\u00e9l\u00e9phoniques, m\u00eame de certaines personnalit\u00e9s congolaises, [&hellip;]<\/p>\n","protected":false},"author":1,"featured_media":6806,"comment_status":"open","ping_status":"open","sticky":false,"template":"","format":"standard","meta":{"_acf_changed":false,"content-type":"","footnotes":""},"categories":[107,124],"tags":[],"class_list":["post-6805","post","type-post","status-publish","format-standard","has-post-thumbnail","hentry","category-analyses-commentaires","category-politique-societe"],"acf":[],"_links":{"self":[{"href":"https:\/\/congolobilelo.com\/IN\/wp-json\/wp\/v2\/posts\/6805","targetHints":{"allow":["GET"]}}],"collection":[{"href":"https:\/\/congolobilelo.com\/IN\/wp-json\/wp\/v2\/posts"}],"about":[{"href":"https:\/\/congolobilelo.com\/IN\/wp-json\/wp\/v2\/types\/post"}],"author":[{"embeddable":true,"href":"https:\/\/congolobilelo.com\/IN\/wp-json\/wp\/v2\/users\/1"}],"replies":[{"embeddable":true,"href":"https:\/\/congolobilelo.com\/IN\/wp-json\/wp\/v2\/comments?post=6805"}],"version-history":[{"count":0,"href":"https:\/\/congolobilelo.com\/IN\/wp-json\/wp\/v2\/posts\/6805\/revisions"}],"wp:featuredmedia":[{"embeddable":true,"href":"https:\/\/congolobilelo.com\/IN\/wp-json\/"}],"wp:attachment":[{"href":"https:\/\/congolobilelo.com\/IN\/wp-json\/wp\/v2\/media?parent=6805"}],"wp:term":[{"taxonomy":"category","embeddable":true,"href":"https:\/\/congolobilelo.com\/IN\/wp-json\/wp\/v2\/categories?post=6805"},{"taxonomy":"post_tag","embeddable":true,"href":"https:\/\/congolobilelo.com\/IN\/wp-json\/wp\/v2\/tags?post=6805"}],"curies":[{"name":"wp","href":"https:\/\/api.w.org\/{rel}","templated":true}]}}