{"id":6795,"date":"2014-07-27T07:20:51","date_gmt":"2014-07-27T07:20:51","guid":{"rendered":"http:\/\/www.ingeta.com\/?p=6795"},"modified":"2014-07-27T07:20:51","modified_gmt":"2014-07-27T07:20:51","slug":"rd-congo-la-question-prof-andre-mbata-et-ce-quelle-revele","status":"publish","type":"post","link":"https:\/\/congolobilelo.com\/IN\/rd-congo-la-question-prof-andre-mbata-et-ce-quelle-revele\/","title":{"rendered":"RD Congo: \u2018\u2019La question Prof. Andr\u00e9 Mbata\u2019\u2019  et ce qu\u2019elle r\u00e9v\u00e8le"},"content":{"rendered":"<p>\t\t\t\tPar Jean-Pierre Mbelu<\/p>\n<p><strong>Le d\u00e9bat d\u2019id\u00e9es peine \u00e0 trouver de la place dans l\u2019espace public congolais. Ne pas \u00eatre thurif\u00e9raire de \u2018\u2019la kabilie\u2019\u2019 peut y co\u00fbter tr\u00e8s cher. Floribert Chabeya a pay\u00e9 de sa vie pour avoir cru qu\u2019on ne lutte pas en se cachant. Andr\u00e9 Mbata Mangu est d\u00e9sormais assis sur des charbons ardents pour avoir soutenu qu\u2019il y a une vie apr\u00e8s la pr\u00e9sidence \u00e0 une p\u00e9riode o\u00f9 certains d\u2019entre nous disent au \u2018\u2019Ra\u00efs\u2019\u2019 : \u00ab Joseph Kabila, totondi yo nainu te ! \u00bb.<\/strong><\/p>\n<p>Ceux et celles d\u2019entre nous qui suivent l\u2019actualit\u00e9 congolaise au quotidien savent qu\u2019un professeur d\u2019universit\u00e9 ayant prouv\u00e9 par ses \u00e9crits que Joseph Kabila peut avoir une autre vie apr\u00e8s \u2018\u2019la pr\u00e9sidence de la R\u00e9publique\u2019\u2019 sans que le Congo connaisse \u2018\u2019l\u2019inanition\u2019\u2019 vit d\u00e9sormais avec une \u00e9p\u00e9e de Damocl\u00e8s sur sa t\u00eate. Le Professeur Andr\u00e9 Mbata \u2013c\u2019est de lui qu\u2019il s\u2019agit- l\u2019un des rares Congolais \u00e0 avoir cr\u00e9\u00e9 le d\u00e9bat sur la r\u00e9vision constitutionnelle avant les interventions de \u2018\u2019la communaut\u00e9 occidentale\u2019\u2019 est aujourd\u2019hui assis sur les charbons ardents dans son propre pays ; un pays o\u00f9 il est au service de la jeunesse, espoir de demain. Faisons quelques constats. Il n\u2019est pas le premier intellectuel \u00e0 subir ce sort sous \u2018\u2019la kabilie\u2019\u2019. Plusieurs journalistes et activistes des droits de l\u2019homme l\u2019ont subi avant lui. Certains ont pay\u00e9 de leur vie leur audace de d\u00e9fendre leurs id\u00e9es. Ceux-ci comme lui sont victimes d\u2019un espace public verrouill\u00e9, confisqu\u00e9 par les thurif\u00e9raires de la pens\u00e9e unique, celle qui estime que la mise sous tutelle du Congo par la force brute doit se perp\u00e9tuer.<\/p>\n<p>La question \u2018\u2019Andr\u00e9 Mbata\u2019\u2019 r\u00e9v\u00e8le que la pens\u00e9e plurielle, \u2018\u2019le conflit ma\u00eetris\u00e9\u2019\u2019 est rejet\u00e9 par \u2018\u2019les nouveaux pr\u00e9dateurs\u2019\u2019 tout comme le v\u00e9ritable pluralisme politique. Elle r\u00e9v\u00e8le aussi comment le d\u00e9bat d\u2019id\u00e9es fait peur. Si, comme en t\u00e9moigne Amba Wetshi[1], les \u00e9tudiants huaient \u2018\u2019le chef d\u2019Etat \u2018\u2019 congolais chaque fois qu\u2019un r\u00e9troprojecteur faisait d\u00e9fil\u00e9 son image au cours de l\u2019expos\u00e9 du livre de Mbata, ce qu\u2019il y a l\u00e0 un signe qui ne ment pas : \u00ab Les nouveaux pr\u00e9dateurs nous dominent plus par l\u2019ignorance que par la force. \u00bb Un Congo ouvert au v\u00e9ritable d\u00e9bat politique et id\u00e9ologique, avec dix de ses fils et filles de la trempe de Mbata diss\u00e9min\u00e9s \u00e0 ses quatre coins, se d\u00e9barrasserait de \u2018\u2019la kabilie\u2019\u2019 sans coup f\u00e9rir.<br \/>\nEn d\u2019autres mots, le Congo a encore besoin de cr\u00e9ation des espaces de libert\u00e9 ; surtout d\u2019une libert\u00e9 d\u2019expression assum\u00e9e en conscience par ses fils et filles du genre Mbata. De toutes les fa\u00e7ons, ces espaces de libert\u00e9s ne s\u2019offrent pas sur un plateau dor\u00e9 ; ils s\u2019arrachent \u00e0 force d\u2019activisme politique et citoyen.<\/p>\n<p>\u2018\u2019La question Andr\u00e9 Mbata\u2019\u2019 devrait pousser plusieurs d\u2019entre nous \u00e0 s\u2019interroger sur ce qu\u2019ils gobent comme information venant du pays au travers des m\u00e9dias officiels. Quelle serait leur cr\u00e9dibilit\u00e9 ? Pouvaient-ils para\u00eetre au quotidien s\u2019ils abordaient certaines questions \u2018\u2019franchement\u2019\u2019 comme Mbata ? \u2018\u2019La question Mbata\u2019\u2019 interpelle la qualit\u00e9 des messages culturels livr\u00e9s \u00e0 notre peuple au quotidien. Sont-ils de nature \u00e0 l\u2019aider \u00e0 se prendre en charge ? Nous ne le pensons pas.<\/p>\n<p>\u2018\u2019La question Andr\u00e9 Mbata\u2019\u2019 interpelle notre \u00e9motion et notre indignation. Souvent, leurs effets sont limit\u00e9s dans le court terme. Armand Tungulu, Bapuwa Muamba, Floribert Chebeya, Fid\u00e8le Bazana, plusieurs compatriotes de l\u2019Equateur, etc. ont \u00e9t\u00e9 assassin\u00e9s et ont suscit\u00e9 notre \u00e9motion et notre indignation. Qu\u2019avons-nous fait pour qu\u2019il n\u2019en ait pas d\u2019autres ? Certains d\u2019entre nous ont travaill\u00e9 pour que les \u00e9pouses de Bazana et Chebeya sortent du pays. Ils ont livr\u00e9 Paul Mwilambwe, l\u2019un des t\u00e9moins dans l\u2019assassinat de Chebeya et Bazana, \u00e0 la justice s\u00e9n\u00e9galaise. Puissent-ils \u00eatre remerci\u00e9s de tout c\u0153ur ! Saurons-nous suivre leur exemple pour qu\u2019Andr\u00e9 Mbata ne soit pas livr\u00e9 \u00e0 la vindicte de \u2018\u2019la kabilie\u2019\u2019 ? Celle-ci tue de sang froid. Rappelons-nous, en dehors de nos compatriotes susmentionn\u00e9s, ceux qui ont \u00e9t\u00e9 tu\u00e9s \u00e0 balles r\u00e9elles le 26 d\u00e9cembre 2011 et le 30 d\u00e9cembre 2013. Les images de ces derniers peuvent encore \u00eatre visualis\u00e9es sur le site de Congoone.<\/p>\n<p>Il y a l\u00e0 un d\u00e9fi qui nous est lanc\u00e9 en tant que communaut\u00e9 congolaise pour que nous puissions veiller et tout faire afin que \u2018\u2019l\u2019un des meilleurs d\u2019entre nous\u2019\u2019 ne soit pas tu\u00e9s par \u2018\u2019les nouveaux pr\u00e9dateurs\u2019\u2019 ou leurs thurif\u00e9raires. Andr\u00e9 Mbata nous repr\u00e9sente dignement comme Professeur au Congo, en Afrique du Sud et \u00e0 Paris. Tobelela !!!<br \/>\n<em>Mbelu Babanya Kabudi<\/em><\/p>\n<hr style=\"color: #000000;\" align=\"left\" size=\"1\" width=\"33%\" \/>\n<div style=\"color: #000000;\">\n<div><a style=\"color: #222222;\" title=\"\" name=\"1477311e6f363108__ftn1\"><\/a>[1]\u00a0<a style=\"color: #1155cc;\" href=\"http:\/\/www.congoindependant.com\/article.php?articleid=9123\" target=\"_blank\" rel=\"noopener\"><span style=\"color: black;\">http:\/\/www.congoindependant.<wbr \/>com\/article.php?articleid=9123<\/span><\/a><\/div>\n<div><\/div>\n<div><\/div>\n<\/div>\n","protected":false},"excerpt":{"rendered":"<p>Par Jean-Pierre Mbelu Le d\u00e9bat d\u2019id\u00e9es peine \u00e0 trouver de la place dans l\u2019espace public congolais. Ne pas \u00eatre thurif\u00e9raire de \u2018\u2019la kabilie\u2019\u2019 peut y co\u00fbter tr\u00e8s cher. Floribert Chabeya a pay\u00e9 de sa vie pour avoir cru qu\u2019on ne lutte pas en se cachant. Andr\u00e9 Mbata Mangu est d\u00e9sormais assis sur des charbons ardents [&hellip;]<\/p>\n","protected":false},"author":1,"featured_media":6796,"comment_status":"open","ping_status":"open","sticky":false,"template":"","format":"standard","meta":{"_acf_changed":false,"content-type":"","footnotes":""},"categories":[122,124],"tags":[],"class_list":["post-6795","post","type-post","status-publish","format-standard","has-post-thumbnail","hentry","category-news-alertes","category-politique-societe"],"acf":[],"_links":{"self":[{"href":"https:\/\/congolobilelo.com\/IN\/wp-json\/wp\/v2\/posts\/6795","targetHints":{"allow":["GET"]}}],"collection":[{"href":"https:\/\/congolobilelo.com\/IN\/wp-json\/wp\/v2\/posts"}],"about":[{"href":"https:\/\/congolobilelo.com\/IN\/wp-json\/wp\/v2\/types\/post"}],"author":[{"embeddable":true,"href":"https:\/\/congolobilelo.com\/IN\/wp-json\/wp\/v2\/users\/1"}],"replies":[{"embeddable":true,"href":"https:\/\/congolobilelo.com\/IN\/wp-json\/wp\/v2\/comments?post=6795"}],"version-history":[{"count":0,"href":"https:\/\/congolobilelo.com\/IN\/wp-json\/wp\/v2\/posts\/6795\/revisions"}],"wp:featuredmedia":[{"embeddable":true,"href":"https:\/\/congolobilelo.com\/IN\/wp-json\/"}],"wp:attachment":[{"href":"https:\/\/congolobilelo.com\/IN\/wp-json\/wp\/v2\/media?parent=6795"}],"wp:term":[{"taxonomy":"category","embeddable":true,"href":"https:\/\/congolobilelo.com\/IN\/wp-json\/wp\/v2\/categories?post=6795"},{"taxonomy":"post_tag","embeddable":true,"href":"https:\/\/congolobilelo.com\/IN\/wp-json\/wp\/v2\/tags?post=6795"}],"curies":[{"name":"wp","href":"https:\/\/api.w.org\/{rel}","templated":true}]}}