{"id":6784,"date":"2014-07-23T18:23:36","date_gmt":"2014-07-23T18:23:36","guid":{"rendered":"http:\/\/www.ingeta.com\/?p=6784"},"modified":"2014-07-23T18:23:36","modified_gmt":"2014-07-23T18:23:36","slug":"conserver-le-pouvoir-par-les-urnes-comme-en-2006-et-en-2011-une-propagande-pour-les-amnesiques-faite-par-minaku","status":"publish","type":"post","link":"https:\/\/congolobilelo.com\/IN\/conserver-le-pouvoir-par-les-urnes-comme-en-2006-et-en-2011-une-propagande-pour-les-amnesiques-faite-par-minaku\/","title":{"rendered":"&#8220;Conserver le pouvoir par les urnes comme en 2006 et en 2011&#8221;. Une propagande pour les amn\u00e9siques faite par Minaku"},"content":{"rendered":"<p>\t\t\t\tPar Jean-Pierre Mbelu<\/p>\n<p><strong>Depuis l\u2019assassinat de Lumumba, il n\u2019y a pas eu de pouvoir v\u00e9ritablement gagn\u00e9 et conserv\u00e9 par les urnes en RDC. Non. Il n\u2019y a pas de pouvoir gagn\u00e9 et conserv\u00e9 par les urnes dans un pays colonis\u00e9 et sous occupation. Les propos de Minaku rel\u00e8vent d\u2019une propagande destin\u00e9e aux plus amn\u00e9siques d\u2019entre nous. Il y a une grande diff\u00e9rence entre &#8220;avoir un gouvernement&#8221; et &#8220;avoir le pouvoir&#8221;.<\/strong><\/p>\n<p>Les derni\u00e8res d\u00e9clarations d\u2019Aubin Minaku sont \u00e0 la fois claires et interpellantes. Elles pr\u00e9tendent que depuis 2006, la MP (Majorit\u00e9 Pr\u00e9sidentielle) a le pouvoir en RDC. Et que ce pouvoir, elle l\u2019a eu par les urnes. Analysons. \u2018\u2019Avoir un gouvernement\u2019\u2019 et \u2018\u2019avoir le pouvoir\u2019\u2019, c\u2019est diff\u00e9rent. Fran\u00e7ois Mitterrand l\u2019a fait savoir \u00e0 sa femme Danielle Mitterrand au mois de Mai 1981. Ce Pr\u00e9sident Fran\u00e7ais (\u00e9lu au suffrage universel) a confi\u00e9 \u00e0 sa femme que le pouvoir appartenait aux IFI, \u2018\u2019bras \u00e9conomico-financiers\u2019\u2019 du n\u00e9olib\u00e9ralisme. Et Danielle Mitterrand apprit de son \u00e9poux \u00ab que d\u2019\u00eatre le gouvernement, \u00eatre le pr\u00e9sident, ne sert pas \u00e0 grand-chose dans ces soci\u00e9t\u00e9s sujettes, soumises au capitalisme. [1]\u00bb Pendant quatorze ans, cette dame avoue avoir fait l\u2019exp\u00e9rience de la domination du n\u00e9olib\u00e9ralisme par ses \u2018\u2019fond\u00e9s de pouvoir\u2019\u2019 interpos\u00e9s en France.<\/p>\n<p>La RDC, une colonie pro-occidentale, financ\u00e9e par la Banque mondiale et le FMI ne fait pas exception \u00e0 cette r\u00e8gle. Elle a mis en pratique \u00e9conomiquement, depuis \u2018\u2019la guerre de l\u2019AFDL\u2019\u2019, l\u2019Initiative des Pays Pauvres Tr\u00e8s Endett\u00e9s, une version revue et non-corrig\u00e9e des programmes d\u2019ajustement structurels, promotrice de l\u2019aust\u00e9rit\u00e9 impos\u00e9e aux peuples congolais et hostile \u00e0 leurs droits sociaux, \u00e9conomiques et culturels. N\u2019eussent \u00e9t\u00e9 leur ouverture au n\u00e9olib\u00e9ralisme et sa renonciation au d\u00e9veloppement autocentr\u00e9, \u2018\u2019plusieurs nouveaux pr\u00e9dateurs\u2019\u2019 faisant office \u2018\u2019 de petites mains des fond\u00e9s de pouvoir\u2019\u2019 du capitalisme du d\u00e9sastre ne seraient pas \u2018\u2019aux affaires\u2019\u2019 jusqu\u2019\u00e0 ce jour. Ils ne sont donc pas l\u00e0 pour avoir eu le pouvoir par les urnes en 2006 et en 2011. Non.<\/p>\n<p>Sur ce point, Colette Braeckman nous aide \u00e0 rompre avec une certaine amn\u00e9sie collective quand elle traite du \u2018\u2019moteur de la guerre\u2019\u2019 de pr\u00e9dation et de basse intensit\u00e9 \u00e0 laquelle l\u2019AFDL a particip\u00e9 et qui a \u2018\u2019mang\u00e9\u2019\u2019 Laurent-D\u00e9sir\u00e9 Kabila. Faisant allusion \u00e0 la disgr\u00e2ce dont Mzee a \u00e9t\u00e9 victime, elle note ceci : \u00ab S\u2019il \u00e9tait \u00e0 ce point urgent de d\u00e9tr\u00f4ner Kabila, dictateur certes, mais gu\u00e8re plus que d\u2019autres (Museveni et Kagame), n\u2019est-ce pas parce qu\u2019il avait eu l\u2019audace de pr\u00e9tendre d\u00e9connecter le Congo des circuits dominants qui m\u00e8nent le Sud vers le Nord ? Parce qu\u2019il avait tent\u00e9 d\u2019aller \u00e0 contre-courant ? Ne serait-ce pas parce que d\u2019autres pays d\u2019Afrique, suivant l\u2019exemple du Congo, auraient pu \u00eatre tent\u00e9s de r\u00e9duire leur d\u00e9pendance par rapport au reste du monde ? [2]\u00bb Elle ajoute : \u00ab Rappelons que les projets fond\u00e9s sur l\u2019id\u00e9e de \u2018\u2019renaissance africaine\u2019\u2019 ont pour ambition de mieux int\u00e9grer le continent aux circuits \u00e9conomiques mondiaux, et le Congo est un maillon essentiel \u00e0 la r\u00e9ussite de cette ambition. Dans cette perspective, il appara\u00eet que l\u2019objectif \u00e0 long terme de la guerre men\u00e9e au Congo fut de remettre le pays sur cette trajectoire-l\u00e0, de mieux l\u2019int\u00e9grer \u00e0 l\u2019\u00e9conomie mondialis\u00e9e.[3] \u00bb C\u2019est-\u00e0-dire au \u2018\u2019capitalisme du d\u00e9sastre\u2019\u2019 ; en utilisant la violence orchestr\u00e9e par les chiens de garde de l\u2019\u00e9lite dominante anglo-saxonne.<\/p>\n<p>Forts de cet objectif \u00e0 long terme, \u2018\u2019les fond\u00e9s de pouvoir\u2019\u2019 du n\u00e9olib\u00e9ralisme ont financ\u00e9 la mascarade \u00e9lectorale de 2006. Plusieurs d\u2019entre eux n\u2019ont pas eu froid aux yeux pour clamer sur les toits que ces \u00e9lections \u00e9taient celles de \u2018\u2019la communaut\u00e9 occidentale\u2019\u2019. Celle-ci a d\u00fb composer avec le r\u00e9gime r\u00e9pressif de Kinshasa pour cr\u00e9er son \u2018\u2019roi\u2019\u2019, Joseph Kabila, pr\u00e9sent\u00e9 comme \u2018\u2019l\u2019espoir du Congo\u2019\u2019 \u00e0 travers certaines t\u00e9l\u00e9visions du monde. Un rapport de la FIDH de 2009 intitul\u00e9 \u2018\u2019La R\u00e9publique D\u00e9mocratique du Congo. La d\u00e9rive autoritaire du r\u00e9gime\u2019\u2019 et auquel plusieurs activistes de droits de l\u2019homme congolais ont pris part t\u00e9moigne de cette r\u00e9pression. Et un livre, suffisamment bien document\u00e9 sur cette mascarade \u00e9lectorale de 2006, a apport\u00e9, \u00e0 la documentation des patriotes congolais, des preuves de l\u2019implication de l\u2019Europe (de l\u2019Occdent) dans les crimes et la censure impos\u00e9s \u00e0 la RDC au nom de \u2018\u2019la d\u00e9mocratie et de la libert\u00e9\u2019\u2019[4]. Pouvait-il en \u00eatre autrement dans une colonie pro-occidentale ? Pas du tout. Les derniers documents d\u00e9classifi\u00e9s US[5] nous ont aid\u00e9 \u00e0 comprendre la prise en otage de cet espace de l\u2019Afrique centrale par \u2018\u2019l\u2019empire global\u2019\u2019 bien avant les ann\u00e9es 1960 et la question de la crise de l\u00e9gitimit\u00e9 et de souverainet\u00e9 qu\u2019elle pose.<\/p>\n<p>Aussi, les \u00e9lections bidons de 2011 n\u2019ont-elles \u00e9t\u00e9 que la poursuite du processus vici\u00e9 et vicieux de 2006. Un bel article \u00e9crit l\u00e0-dessus est plus qu\u2019\u00e9loquent. Dans cet article, intitul\u00e9 \u2018\u2019Il est minuit moins une \u00e0 Kinshasa\u2019\u2019 \u00e9crit le 07 d\u00e9cembre 2011, Arnault Zajtman[6] montre comment l\u2019intervention de la communaut\u00e9 occidentale dans le processus \u00e9lectoral congolais a replong\u00e9 le pays dans une crise semblable \u00e0 celle ayant suivi l\u2019assassinat de Lumumba.<\/p>\n<p>Quand, apr\u00e8s tout le faux d\u00e9bat suscit\u00e9 par \u2018\u2019la r\u00e9vision constitutionnelle\u2019\u2019, Minaku, fort de sa tourn\u00e9e dans certains pays occidentaux, soutient qu\u2019ils vont conserver le pouvoir comme ils l\u2019ont fait par les urnes en 2006 et en 2011, il ment. Ces mascarades \u00e9lectorales, pi\u00e8ges \u00e0 con, ont \u00e9t\u00e9 gagn\u00e9es en marge des urnes. Pour preuve, un petit t\u00e9moignage. Nous nous souvenons de cet acteur politique occidental nous ayant confi\u00e9 bien avant les \u00e9lections de 2006 : \u00ab Pour nous, c\u2019est Kabila ou Ruberwa ou rien. \u00bb Et \u00e0 la question de savoir s\u2019il ne se moquait pas notre peuple en faisant ce choix au pr\u00e9alable, il avait r\u00e9pondu : \u00ab Votre peuple, c\u2019est quoi. \u00bb<\/p>\n<p>Un parcours de l\u2019interview qu\u2019Aubin Minaku a donn\u00e9 derni\u00e8rement \u00e0 Colette Braeckman[7] va \u00e0 peu pr\u00e8s dans le m\u00eame sens : le m\u00e9pris des cris des populations viol\u00e9es, tortur\u00e9es, meurtries, clochardis\u00e9es (par les nouveaux pr\u00e9dateurs et les vieux dinosaures) et pouvant bient\u00f4t \u00eatre appel\u00e9es \u00e0 se prononcer sur une constitution qu\u2019il n\u2019a presque pas lue dans leur immense majorit\u00e9 ; l\u2019analphab\u00e9tisme aidant ! Aubin Minaku, recourant \u00e0 la fausse approche du Congo comme \u2018\u2019pays post-conflit\u2019\u2019 sugg\u00e8re que si \u2018\u2019son autorit\u00e9 morale\u2019\u2019 n\u2019est plus aux affaires, le pays va conna\u00eetre \u2018\u2019l\u2019inanition\u2019\u2019. Pourtant, ce n\u2019est pas elle qui est \u2018\u2019la v\u00e9ritable reine du Congo\u2019\u2019 ; elle n\u2019est qu\u2019une marionnette.<\/p>\n<p>Il y a dans les propos de Minaku une grave falsification de l\u2019histoire r\u00e9elle du pays, une propagande de mauvais go\u00fbt faite pour son chef de \u2018\u2019ra\u00efs\u2019\u2019 et une approche mensong\u00e8re des \u00e9lections bidons de 2006 et de 2011.<\/p>\n<p>Que faut-il faire ? Nous sommes avertis que le processus de 2006 \u00e0 2011 pourra \u00eatre reconduit avec son lot de violence, de corruption, de fraudes et autres tricheries avec le soutien de certains \u2018\u2019parrains ext\u00e9rieurs\u2019\u2019. Conna\u00eetre et ma\u00eetriser l\u2019histoire de ce processus pourrait nous \u00e9viter l\u2019amn\u00e9sie et la reproduction des erreurs du pass\u00e9. En discuter et en tirer des le\u00e7ons dans des fronts de r\u00e9sistance et mouvements unifiants pour des actions fond\u00e9es sur une autre lecture de l\u2019histoire collective, sur de bonnes informations, sur des faits cach\u00e9s sous les apparences d\u2019un pouvoir os assum\u00e9 par des \u2018\u2019n\u00e9griers des temps modernes\u2019\u2019 en RDC. Minaku nous a avertis\u2026Oyo azali na matoyi\u2026Ayoka. Ce ne sont que de petites propositions discutables&#8230;<br \/>\n<\/br><br \/>\n<em>Mbelu Babanya Kabudi<\/em><\/p>\n<hr style=\"color: #000000;\" align=\"left\" size=\"1\" width=\"33%\" \/>\n<div style=\"color: #000000;\">\n<div><a style=\"color: #222222;\" title=\"\" name=\"147631d5c1a93154__ftn1\"><\/a>[1]\u00a0H. CALVO OSPINA, Danielle Mitterrand\u00a0: \u2018\u2019La\u00a0 d\u00e9mocratie n\u2019existe ni aux USA, ni en France. Extrait d\u2019un entretien avec Danielle Mitterrand, Pr\u00e9sidente de \u2018\u2019France Libert\u00e9s\u2019\u2019, dans\u00a0<b>Le Grand Soir<\/b>, 22 novembre 2011.<\/div>\n<\/div>\n<div style=\"color: #000000;\">\n<div><a style=\"color: #222222;\" title=\"\" name=\"147631d5c1a93154__ftn2\"><\/a>[2]\u00a0C. BRAECKMAN,\u00a0<i>Les nouveaux pr\u00e9dateurs. Politiques des puissances en Afrique centrale<\/i>, Paris, Fayard, 2003, p. 187.<\/div>\n<\/div>\n<div style=\"color: #000000;\">\n<div><a style=\"color: #222222;\" title=\"\" name=\"147631d5c1a93154__ftn3\"><\/a>[3]\u00a0<i>Ibidem<\/i>.<\/div>\n<\/div>\n<div style=\"color: #000000;\">\n<div><a style=\"color: #222222;\" title=\"\" name=\"147631d5c1a93154__ftn4\"><\/a>[4]\u00a0Lire\u00a0<span lang=\"FR-BE\">C. ONANA,\u00a0<i>Europe, crimes et censure au Congo. Les documents qui accusent<\/i>, Paris, Duboiris, 2012.<\/span><\/div>\n<\/div>\n<div style=\"color: #000000;\">\n<div><a style=\"color: #222222;\" title=\"\" name=\"147631d5c1a93154__ftn5\"><\/a>[5]\u00a0<a style=\"color: #1155cc;\" href=\"http:\/\/www.congoindependant.com\/article.php?articleid=9106\" target=\"_blank\" rel=\"noopener\"><span style=\"color: windowtext;\">http:\/\/www.congoindependant.<wbr \/>com\/article.php?articleid=9106<\/span><\/a><\/div>\n<\/div>\n<div style=\"color: #000000;\">\n<div><a style=\"color: #222222;\" title=\"\" name=\"147631d5c1a93154__ftn6\"><\/a>[6]<a style=\"color: #1155cc;\" href=\"http:\/\/www.lalibre.be\/debats\/opinions\/il-est-moins-une-a-kinshasa-51b8e0b5e4b0de6db9c48067\" target=\"_blank\" rel=\"noopener\"><span style=\"color: windowtext;\">http:\/\/www.lalibre.be\/<wbr \/>debats\/opinions\/il-est-moins-<wbr \/>une-a-kinshasa-<wbr \/>51b8e0b5e4b0de6db9c48067<\/span><\/a><\/div>\n<\/div>\n<div style=\"color: #000000;\">\n<div><a style=\"color: #222222;\" title=\"\" name=\"147631d5c1a93154__ftn7\"><\/a>[7]\u00a0<a style=\"color: #1155cc;\" href=\"http:\/\/blog.lesoir.be\/colette-braeckman\/2014\/07\/21\/aubin-minaku-eviter-les-passions-post-electorales\/\" target=\"_blank\" rel=\"noopener\"><span style=\"color: windowtext;\">http:\/\/blog.lesoir.be\/colette-<wbr \/>braeckman\/2014\/07\/21\/aubin-<wbr \/>minaku-eviter-les-passions-<wbr \/>post-electorales<\/span>\/<\/a><\/div>\n<\/div>\n","protected":false},"excerpt":{"rendered":"<p>Par Jean-Pierre Mbelu Depuis l\u2019assassinat de Lumumba, il n\u2019y a pas eu de pouvoir v\u00e9ritablement gagn\u00e9 et conserv\u00e9 par les urnes en RDC. Non. Il n\u2019y a pas de pouvoir gagn\u00e9 et conserv\u00e9 par les urnes dans un pays colonis\u00e9 et sous occupation. Les propos de Minaku rel\u00e8vent d\u2019une propagande destin\u00e9e aux plus amn\u00e9siques d\u2019entre [&hellip;]<\/p>\n","protected":false},"author":1,"featured_media":6785,"comment_status":"open","ping_status":"open","sticky":false,"template":"","format":"standard","meta":{"_acf_changed":false,"content-type":"","footnotes":""},"categories":[122,124],"tags":[],"class_list":["post-6784","post","type-post","status-publish","format-standard","has-post-thumbnail","hentry","category-news-alertes","category-politique-societe"],"acf":[],"_links":{"self":[{"href":"https:\/\/congolobilelo.com\/IN\/wp-json\/wp\/v2\/posts\/6784","targetHints":{"allow":["GET"]}}],"collection":[{"href":"https:\/\/congolobilelo.com\/IN\/wp-json\/wp\/v2\/posts"}],"about":[{"href":"https:\/\/congolobilelo.com\/IN\/wp-json\/wp\/v2\/types\/post"}],"author":[{"embeddable":true,"href":"https:\/\/congolobilelo.com\/IN\/wp-json\/wp\/v2\/users\/1"}],"replies":[{"embeddable":true,"href":"https:\/\/congolobilelo.com\/IN\/wp-json\/wp\/v2\/comments?post=6784"}],"version-history":[{"count":0,"href":"https:\/\/congolobilelo.com\/IN\/wp-json\/wp\/v2\/posts\/6784\/revisions"}],"wp:featuredmedia":[{"embeddable":true,"href":"https:\/\/congolobilelo.com\/IN\/wp-json\/"}],"wp:attachment":[{"href":"https:\/\/congolobilelo.com\/IN\/wp-json\/wp\/v2\/media?parent=6784"}],"wp:term":[{"taxonomy":"category","embeddable":true,"href":"https:\/\/congolobilelo.com\/IN\/wp-json\/wp\/v2\/categories?post=6784"},{"taxonomy":"post_tag","embeddable":true,"href":"https:\/\/congolobilelo.com\/IN\/wp-json\/wp\/v2\/tags?post=6784"}],"curies":[{"name":"wp","href":"https:\/\/api.w.org\/{rel}","templated":true}]}}