{"id":6779,"date":"2014-07-22T12:46:24","date_gmt":"2014-07-22T12:46:24","guid":{"rendered":"http:\/\/www.ingeta.com\/?p=6779"},"modified":"2014-07-22T12:46:24","modified_gmt":"2014-07-22T12:46:24","slug":"une-question-essentielle-quel-est-le-congo-que-nous-voulons-ensemble-pour-demain","status":"publish","type":"post","link":"https:\/\/congolobilelo.com\/IN\/une-question-essentielle-quel-est-le-congo-que-nous-voulons-ensemble-pour-demain\/","title":{"rendered":"Une question essentielle : Quel est le Congo que nous voulons ensemble pour demain ?"},"content":{"rendered":"<p>\t\t\t\tL\u2019analyste politique Jean-Pierre Mbelu rappelle comment le d\u00e9bat autour de la r\u00e9vision de la constitution nous \u00e9loigne des questions essentielles sur le Congo, souligne la n\u00e9cessit\u00e9 de s\u2019accorder et de s\u2019en tenir \u00e0 un objectif commun pour le devenir du pays \u00e0 moyen et long terme, et explique pourquoi l\u2019histoire officielle du Congo, produite par les dominants, doit \u00eatre d\u00e9construite.<\/p>\n<p><iframe loading=\"lazy\" src=\"\/\/www.youtube.com\/embed\/3T1gGkNOyrg\" width=\"560\" height=\"315\" frameborder=\"0\" allowfullscreen=\"allowfullscreen\"><\/iframe><\/p>\n<p><strong>Sur le d\u00e9bat autour de la r\u00e9vision constitutionnelle et les questions essentielles<\/strong><\/p>\n<blockquote><p>Il faut faire la part des choses, entre l\u2019actualit\u00e9 fournie par les m\u00e9dias congolais et les m\u00e9dias dominants occidentaux, et l\u2019actualit\u00e9 telle qu\u2019elle est en train de se faire derri\u00e8re tous ces m\u00e9dias.<br \/>\nLe d\u00e9bat sur la constitution nous \u00e9loigne des questions essentielles face auxquelles le pays est plac\u00e9 aujourd\u2019hui. L\u2019une de ces questions essentielles et l\u2019occupation du pays par des forces \u00e9trang\u00e8res et leurs n\u00e8gres de service. Que sont-ils en train d\u2019ourdir pour le moment ?<br \/>\nLe d\u00e9bat sur la constitution ne serait-il pas li\u00e9 au fait qu\u2019il y a la consolidation de l\u2019occupation qui se poursuit et que comme ceux qui orchestrent cette consolidation qui tend vers la balkanisation du pays, savent qu\u2019une certaine classe politique aime les d\u00e9bats, on oriente cette classe vers les d\u00e9bats et les choses s\u00e9rieuses se font, en marge des cam\u00e9ras et des d\u00e9bats publics.<br \/>\nEst-ce que tous les congolais s\u2019inscrivent aujourd\u2019hui dans le sch\u00e9ma du processus \u00e9lectoral tel qu\u2019il a \u00e9t\u00e9 con\u00e7u depuis les ann\u00e9es 2000? Non. Beaucoup ne souhaitent que la fin de l\u2019occupation du pays et non de s\u2019inscrire dans un processus g\u00e9r\u00e9 et command\u00e9 par des occupants \u00e9trangers.<br \/>\nEst-ce que vous vous imaginez un seul instant que les n\u00e8gres de service d\u2019un grand pays au c\u0153ur de l\u2019Afrique puissent se r\u00e9veiller un matin et dire : \u00ab Oui, nous sommes dans un processus d\u00e9mocratique, nous allons respecter les r\u00e8gles du jeu et passer le flambeau\u00bb. Jamais. Ce processus est confisqu\u00e9 par les forces d\u2019occupation. Il ne va pas conduire \u00e0 des \u00e9lections pouvant garantir le vivre bien des congolais. Voil\u00e0 pourquoi, au lieu de se laisser distraire par ce d\u00e9bat autour de la constitution, nous devrions, de plus en plus, \u00e9tudier la possibilit\u00e9 d\u2019aller vers nos masses populaires, d\u2019aller vers nos jeunes, pour amorcer avec eux un dialogue sur les questions essentielles face auxquelles le pays est plac\u00e9.<\/p><\/blockquote>\n<p><strong>Sur l\u2019objectif final commun pour les congolais<\/strong><\/p>\n<blockquote><p>Il y a un vide id\u00e9ologique dans le chef de la plupart des compatriotes qui s\u2019engagent dans ces coalitions politiques. Cela dit, il est toujours bon que des compatriotes se rapprochent et travaillent ensemble. Il faut cependant qu\u2019il en ressorte des id\u00e9es. Constituer des mouvements unifiants exigerait que ceux qui les constituent aient quand m\u00eame une vision claire de vers o\u00f9 ils veulent que le Congo aille. Nous avons en permanence un probl\u00e8me de direction.<br \/>\nCe qui est plus inqui\u00e9tant est que ces politiques et ces coalitions sont coach\u00e9s par des services secrets \u00e9trangers.<br \/>\nIl serait important que tous nous puissions tirer \u00e0 une m\u00eame corde et nous dire ceci : ce qui importe ce n\u2019est pas une petite victoire aux \u00e9lections, quelle qu\u2019elle soit. Ce qui importe, c\u2019est d\u2019avoir comme date finale de notre lutte, la fin de l\u2019occupation, la fin de la balkanisation, la fin de l\u2019implosion du Congo.<br \/>\nL\u2019id\u00e9e est que nous luttons pour que demain le Congo soit r\u00e9ellement ind\u00e9pendant et souverain, qu\u2019il ne puisse pas voler en \u00e9clat, que toutes ses provinces et tous ses territoires puissent rester unis, nous luttons pour que les n\u00e8gres de service qui occupent le Congo pour pouvoir vendre ses richesses aux \u00e9trangers \u00e0 vil prix puissent \u00eatre ma\u00eetris\u00e9s, et que nous passions de l\u2019\u00e9tat colonial un \u00e9tat national qui ait la ma\u00eetrise de tous les domaines qu\u2019il g\u00e8re. Si nous avons cela en vue, nous pouvons, m\u00eame en nous trompant, r\u00e9ajuster constamment le tir.<br \/>\nMais si nous luttons pour le court terme, pour \u00eatre aux affaires demain dans un pays sous occupation, nous n\u2019irons nulle part.<\/p><\/blockquote>\n<p><strong>Sur les coalitions politiques au Congo<\/strong><\/p>\n<blockquote><p>Quand nous parlons de coalition au Congo, il faut faire preuve de discernement. Nous savons comment, \u00e0 travers notre histoire collective, l\u2019union sacr\u00e9e de l\u2019opposition a commenc\u00e9 \u00e0 se fissurer de l\u2019int\u00e9rieur.<br \/>\nIl y a certaines coalitions qui se forment par opportunisme, c&#8217;est-\u00e0-dire que des compatriotes qui se disent que c\u2019est \u00e0 leur tour d\u2019aller \u00e0 la mangeoire congolaise. Les moyens pour cela ? La fabrication de coalition sans consistance, sans id\u00e9ologie, pour pouvoir partager le morceau \u00e0 la mangeoire. Si ces coalitions se font et se d\u00e9font, c\u2019est d\u2019abord parce qu\u2019elles sont opportunistes, ensuite, parce qu\u2019il n\u2019y a ni ordre, ni organisation dans leur id\u00e9ologie.<br \/>\nSi les compatriotes ont envie que leur lutte ou notre lutte collective puisse aboutir, ils auraient int\u00e9r\u00eat \u00e0 mettre de l\u2019ordre, et dans l\u2019organisation, et dans l\u2019id\u00e9ologie. Quel est le Congo que nous voulons ensemble pour demain ?<br \/>\nOn peut fabriquer autant de calendriers que l\u2019on veut, tant qu\u2019on ne sait pas qui va financer ces \u00e9lections, tant qu\u2019on laissera aux autres le soin de financer les \u00e9lections d\u2019un pays occup\u00e9, le calendrier importe peu.<\/p><\/blockquote>\n<p><strong>Sur la crise de l\u00e9gitimit\u00e9 en RDC<\/strong><\/p>\n<blockquote><p>Que les congolais se rapprochent et coalisent est une bonne chose \u00e0 priori, mais qu\u2019ils ne le fassent pas pour falsifier l\u2019histoire.<br \/>\nParler d\u2019une crise de l\u00e9gitimit\u00e9 qui ne daterait que des \u00e9lections chaotiques de 2011, c\u2019est une falsification de l\u2019histoire qui est une reproduction de l\u2019histoire des dominants qui nous est impos\u00e9e depuis l\u2019assassinat de Lumumba.<br \/>\nNous avons des documents d\u00e9classifi\u00e9s par les Etats-Unis qui montrent, qu\u2019avant 1960 la \u00ab politique profonde \u00bb am\u00e9ricaine avait d\u00e9cid\u00e9 de s\u2019emparer du Congo pour quelques d\u00e9cennies. Nous sommes ainsi pass\u00e9s de la colonisation belge \u00e0 la colonisation am\u00e9ricaine pro-occidentale. Donc la crise de l\u00e9gitimit\u00e9 date de quelques jours la proclamation officielle de notre ind\u00e9pendance en 1960 et elle date de l\u2019assassinat de Lumumba.<br \/>\nLe danger, chez certains de nos compatriotes, est de reproduire la version historique qui nous a \u00e9t\u00e9 enseign\u00e9 \u00e0 l\u2019\u00e9cole.<br \/>\nSi nous sommes ind\u00e9pendants depuis 1960, pourquoi il y a-t-il d\u2019autres nations, d\u2019autres pays, d\u2019autres organisations dites internationales, qui nous dictent jusqu\u2019\u00e0 ce jour, la conduite \u00e0 tenir dans la gestion de ce pays, dans le choix des partenaires ext\u00e9rieurs ?<br \/>\nLa version de notre histoire produite par les dominants doit \u00eatre d\u00e9construite pour que nous n\u2019enseignions pas \u00e0 nos enfants et \u00e0 nos petits enfants des mensonges, pour que nous ne participions pas au vol de l\u2019histoire. Il y a eu vol de l\u2019histoire, comme il y a en permanence, vol des mati\u00e8res premi\u00e8res, vol des cerveaux, vol d\u2019argent.<br \/>\nCeux qui ont pris possession de notre pays avec la guerre de l\u2019AFDL n\u2019\u00e9taient pas des lib\u00e9rateurs mais des nouveaux pr\u00e9dateurs, des criminels de guerre et des criminels contre l\u2019humanit\u00e9. Et la nature de ce conglom\u00e9rat d\u2019aventuriers revient souvent \u00e0 la surface. La RDC est entre les mains de criminels et de bandits et on ne peut pas \u00eatre un n\u00e8gre de service du n\u00e9olib\u00e9ralisme sans \u00eatre bandit, c\u2019est tr\u00e8s difficile.<\/p><\/blockquote>\n<p><strong>Sur l\u2019activisme politique et le militant citoyen<\/strong><\/p>\n<blockquote><p>Il faut faire une distinction entre l\u2019activisme politique et les d\u00e9rives organisationnelles. L\u2019activisme politique et le militantisme citoyen sont toujours n\u00e9cessaires des actions de transformation en profondeur d\u2019un pays.<br \/>\nIl faudrait \u00eatre clair sur les objectifs auxquelles ces actions doivent parvenir. Si ces actions sont limit\u00e9es au pouvoir actuel, elles risquent d\u2019engager beaucoup d\u2019\u00e9nergie et beaucoup de temps pour pas grand-chose. Les actions \u00e0 mener ne devraient pas simplement viser les n\u00e8gres de service. Les actions \u00e0 mener devraient toucher les fond\u00e9s du pouvoir du n\u00e9olib\u00e9ralisme au Congo et l\u00e0 certaines de nos coalitions sont trop faibles. Parce qu\u2019elles sont coach\u00e9es par les services secrets ext\u00e9rieurs.<br \/>\nPour qu\u2019il y ait de l\u2019ordre dans l\u2019organisation, il faut qu\u2019il y en ait dans l\u2019id\u00e9ologie. Quelles sont les valeurs que nous d\u00e9fendons ? Quel est le Congo de demain que nous voulons ?<\/p><\/blockquote>\n<p><\/br>\t\t<\/p>\n","protected":false},"excerpt":{"rendered":"<p>L\u2019analyste politique Jean-Pierre Mbelu rappelle comment le d\u00e9bat autour de la r\u00e9vision de la constitution nous \u00e9loigne des questions essentielles sur le Congo, souligne la n\u00e9cessit\u00e9 de s\u2019accorder et de s\u2019en tenir \u00e0 un objectif commun pour le devenir du pays \u00e0 moyen et long terme, et explique pourquoi l\u2019histoire officielle du Congo, produite par [&hellip;]<\/p>\n","protected":false},"author":1,"featured_media":6781,"comment_status":"open","ping_status":"open","sticky":false,"template":"","format":"standard","meta":{"_acf_changed":false,"content-type":"","footnotes":""},"categories":[107,124],"tags":[],"class_list":["post-6779","post","type-post","status-publish","format-standard","has-post-thumbnail","hentry","category-analyses-commentaires","category-politique-societe"],"acf":[],"_links":{"self":[{"href":"https:\/\/congolobilelo.com\/IN\/wp-json\/wp\/v2\/posts\/6779","targetHints":{"allow":["GET"]}}],"collection":[{"href":"https:\/\/congolobilelo.com\/IN\/wp-json\/wp\/v2\/posts"}],"about":[{"href":"https:\/\/congolobilelo.com\/IN\/wp-json\/wp\/v2\/types\/post"}],"author":[{"embeddable":true,"href":"https:\/\/congolobilelo.com\/IN\/wp-json\/wp\/v2\/users\/1"}],"replies":[{"embeddable":true,"href":"https:\/\/congolobilelo.com\/IN\/wp-json\/wp\/v2\/comments?post=6779"}],"version-history":[{"count":0,"href":"https:\/\/congolobilelo.com\/IN\/wp-json\/wp\/v2\/posts\/6779\/revisions"}],"wp:featuredmedia":[{"embeddable":true,"href":"https:\/\/congolobilelo.com\/IN\/wp-json\/"}],"wp:attachment":[{"href":"https:\/\/congolobilelo.com\/IN\/wp-json\/wp\/v2\/media?parent=6779"}],"wp:term":[{"taxonomy":"category","embeddable":true,"href":"https:\/\/congolobilelo.com\/IN\/wp-json\/wp\/v2\/categories?post=6779"},{"taxonomy":"post_tag","embeddable":true,"href":"https:\/\/congolobilelo.com\/IN\/wp-json\/wp\/v2\/tags?post=6779"}],"curies":[{"name":"wp","href":"https:\/\/api.w.org\/{rel}","templated":true}]}}