{"id":6768,"date":"2014-07-14T12:01:56","date_gmt":"2014-07-14T12:01:56","guid":{"rendered":"http:\/\/www.ingeta.com\/?p=6768"},"modified":"2014-07-14T12:01:56","modified_gmt":"2014-07-14T12:01:56","slug":"jeu-politique-fortune-de-kabila-et-processus-electoral-vicie-au-congo","status":"publish","type":"post","link":"https:\/\/congolobilelo.com\/IN\/jeu-politique-fortune-de-kabila-et-processus-electoral-vicie-au-congo\/","title":{"rendered":"Jeu politique, fortune de Kabila et processus \u00e9lectoral vici\u00e9 au Congo : Les cons\u00e9quences d\u2019un pays devenu colonie am\u00e9ricaine"},"content":{"rendered":"<p>\t\t\t\tL\u2019analyste politique Jean-Pierre Mbelu d\u00e9crypte le jeu politique au Congo et les insuffisances de la soi-disant \u00ab opposition \u00bb congolaise, analyse les dessous de la fortune pr\u00e9sum\u00e9e de Joseph Kabila, explique pourquoi en 1960, le Congo n\u2019est pas devenu ind\u00e9pendant mais une colonie am\u00e9ricaine, pro-occidentale.<\/p>\n<p><iframe loading=\"lazy\" width=\"560\" height=\"315\" src=\"\/\/www.youtube.com\/embed\/AAeYNvdmcJ4\" frameborder=\"0\" allowfullscreen><\/iframe><\/p>\n<p><strong>Sur le front populaire contre la r\u00e9vision constitutionnelle et pour des \u00e9lections cr\u00e9dibles<\/strong><\/p>\n<blockquote><p>Le d\u00e9bat sur la r\u00e9vision constitutionnelle a un c\u00f4t\u00e9 faux tr\u00e8s prononc\u00e9 et est en train de cacher bien des choses. Il y a la catastrophe humanitaire des refoul\u00e9s de Brazzaville, la question de l\u2019argent congolais d\u00e9pos\u00e9 dans des paradis fiscaux, le silence sur des contrats ou autres conventions qui pourraient \u00eatre sign\u00e9s et dont on ne parle pas\u2026<br \/>\nLe coordinateur de ce front a \u00e9t\u00e9, il n\u2019y a pas  si longtemps, membre de l\u2019opposition r\u00e9publicaine et maintenant, il lance ce front\u2026 Qu\u2019y a-t-il de plus important ? Se mettre ensemble pour lutter contre ill\u00e9gitimit\u00e9 des pouvoirs en place au Congo afin que le Congo devienne r\u00e9ellement un pays ind\u00e9pendant et souverain ou se limiter \u00e0 la question de la r\u00e9vision constitutionnelle?<br \/>\nCette question de la r\u00e9vision constitutionnelle est un point d\u2019une question beaucoup plus large, celle de la l\u00e9gitimit\u00e9 politique en RDC.<br \/>\nLa place que prend le d\u00e9bat sur cette r\u00e9vision constitutionnelle occulte d\u2019autres questions tr\u00e8s importantes li\u00e9es aux \u00e9lections au Congo : Qui va financer ces \u00e9lections ? Est-ce que les patriotes ont compris qu\u2019il faut mettre en place un front pour les \u00e9lections libres, et avec quel argent ? Est-il idoine d\u2019organiser des \u00e9lections dans un pays sous-tutelle et sous occupation ?<br \/>\nVoil\u00e0 les questions qui doivent \u00eatre d\u00e9battus notamment avec les masses populaires \u00e0 la base. Au lieu de cela, ce d\u00e9bat sur la r\u00e9vision constitutionnelle semble n\u2019\u00eatre qu\u2019un d\u00e9bat entre copains et coquins autour d\u2019\u00e9ventuels postes minist\u00e9riels envisageables dans un court terme.<br \/>\nIl faut d\u00e9passer les d\u00e9bats qui s\u2019inscrivent dans le court terme pour aborder des questions fondamentales qui s\u2019inscrivent dans le court, moyen et long terme.<\/p><\/blockquote>\n<p><strong>Sur le jeu politique en RDC aujourd\u2019hui<\/strong><\/p>\n<blockquote><p>Tant que l\u2019on n\u2019aura pas r\u00e9solu la question de la l\u00e9gitimit\u00e9 au Congo, tant qu\u2019on n\u2019aura pas r\u00e9solu la question de la direction du pays, qui est aujourd\u2019hui sous-tutelle et sous occupation, les fronts politiques \u00e9parpill\u00e9s risquent de constituer une distraction qui fera long feu.<br \/>\nDans le chef de certains acteurs politiques congolais, il y a une sorte de vacuit\u00e9 politique qu\u2019ils n\u2019arrivent \u00e0 combler et donc ils se laissent aller \u00e0 des d\u00e9bats futiles.<br \/>\nPourquoi les compatriotes congolais n\u2019ont-ils pas jug\u00e9 bon de ne pas tout simplement prendre en compte le fait que Malu Malu est l\u00e0 et de faire le petit bonhomme de chemin en cherchant \u00e0 se battre autrement ?<br \/>\nMalu Malu est l\u2019artisan de ce que le Congo conna\u00eet depuis 2006. Au lieu d\u2019aller en justice contre Malu Malu, les compatriotes auraient d\u00fb simplement d\u00e9clarer que tant que ce monsieur est \u00e0 la t\u00eate de la commission \u00e9lectorale nationale ind\u00e9pendante (CENI), nous n\u2019irons pas aux \u00e9lections. Malu Malu a \u00e9t\u00e9 d\u00e9sign\u00e9 de l\u2019ext\u00e9rieur \u00e0 la t\u00eate de la CENI pour sauvegarder les int\u00e9r\u00eats de ceux qui l\u2019ont choisi et des leurs n\u00e8gres de service au Congo.<br \/>\nTant que nous n\u2019aurons pas des acteurs politiques capables de mener un lobbying populaire qui aide nos masses \u00e0 comprendre les v\u00e9ritables enjeux de ce qui se passe en RDC afin que ces masses se mettent debout pour renverser les rapports de force, toutes ces d\u00e9marches risquent de ne pas aboutir. Quand dans son immense majorit\u00e9, le peuple se sera mis, alors les choses vont bouger.<\/p><\/blockquote>\n<p><strong>Sur le processus \u00e9lectoral et les congolais<\/strong><\/p>\n<blockquote><p>Le processus \u00e9lectoral ne va rien apporter \u00e0 la RDC. Non pas seulement, parce qu\u2019il est pilot\u00e9 par quelqu\u2019un qui n\u2019a pas \u00e9t\u00e9 d\u00e9sign\u00e9 par les congolais, mais aussi parce qu\u2019il s\u2019agit d\u2019un processus qui n\u2019est pas port\u00e9 par les congolais eux-m\u00eames. Ce ne sont pas les congolais qui vont financer ce processus \u00e9lectoral. Qu\u2019est-ce que ceux qui vont le financer vont attendre en retour ?<br \/>\nRegardons ce qui se passe depuis 2006. Comment n\u2019arrivons-nous pas \u00e0 nous faire \u00e0 l\u2019id\u00e9e que ce qu\u2019il y a eu en 2006 et 2011 risque de se reproduire en 2016 tant que nous n\u2019avons pas, en tant que congolaises et congolais, dans notre immense majorit\u00e9, la ma\u00eetrise du processus \u00e9lectoral, des m\u00e9dias et de l\u2019\u00e9conomie du pays. <\/p><\/blockquote>\n<p><strong>Sur la fortune de Joseph Kabila<\/strong><\/p>\n<blockquote><p>Qui ne sait pas que depuis que ces gens l\u00e0 sont aux affaires, ils ne font que d\u00e9tourner l\u2019argent du pays. Il y a eu multiples rapports et commissions qui ont travaill\u00e9 sur la gestion du pays. C\u2019est d\u2019ailleurs \u00e0 partir du rapport Kassem en 2002, que la journaliste belge Colette Braeckman a \u00e9crit le livre \u00ab Les nouveaux pr\u00e9dateurs : Politique des puissances en Afrique\u00bb. Ce livre montre qu\u2019il y a, \u00e0 partir de la guerre de l\u2019AFDL, un groupe de nouveaux pr\u00e9dateurs qui est venu chez nous, qui s\u2019est accapar\u00e9 les richesses du pays, brade les mati\u00e8res premi\u00e8res. Ce groupe est venu rejoindre les vieux dinosaures mobutistes.<br \/>\nAlors qu\u2019on nous dise qu\u2019il y a tant et tant d\u2019argent \u00e0 l\u2019ext\u00e9rieur du pays, cela ne peut surprendre que les na\u00effs.<br \/>\nEt si nous avions \u00e9t\u00e9 dans un pays normal, la justice se serait saisie de ce dossier autour de la fortune de Kabila, pour savoir o\u00f9 se trouve cet argent et comment il est sorti du pays.<br \/>\nSi nous voulons que les choses changent, la question \u00e0 se poser est : Quelles sont les m\u00e9canismes, quelles sont les structures que nous sommes capables, d\u00e9j\u00e0, ici, maintenant, aujourd\u2019hui, de mettre sur pied de fa\u00e7on que cette \u00e9vasion d\u2019argent ne puisse plus se reproduire ?<br \/>\nEst-ce que ceux qui aspirent \u00e0 aller aux affaires demain ont une id\u00e9e sur la fa\u00e7on dont ils devront proc\u00e9der pour que ceux qui g\u00e8rent le Congo aient la possibilit\u00e9 de faire en permanence une reddition des comptes ?<br \/>\nPuis on se focalise sur le ra\u00efs, mais Kabila n\u2019est que la face visible de l\u2019iceberg, l\u2019arbre qui cache la for\u00eat. <\/p><\/blockquote>\n<p><strong>Sur la CPI<\/strong><\/p>\n<blockquote><p>Comme ce qui se passe au Congo est une guerre de la justice et de la politique occidentale, et que la CPI est une institution financ\u00e9e par les membres de cette communaut\u00e9 occidentale, elle sait comment s\u2019arranger pour ne pas incriminer certains de ses clients.<br \/>\n3 congolais ont dit \u00e0 la CPI \u00e0 haute voix, ce que certains d\u2019entre nous au pays murmurent \u00e0 basse voix. Mais comme ils t\u00e9moignent contre une marionnette, pendant que ces chefs n\u2019ont pas encore d\u00e9cid\u00e9 de le d\u00e9boulonner, l\u2019arbre risque de d\u00e9voiler la for\u00eat qu\u2019ils cachent. Nous avons aujourd\u2019hui la r\u00e9gion des grands lacs, des gens qui sont devenus un peu intouchables, \u00e0 cause de ce qu\u2019ils savent r\u00e9ellement sur la guerre au Congo. Quand leurs ma\u00eetres auront trouv\u00e9 des pi\u00e8ces de rechange, ils feront sauter ces fusibles l\u00e0. Dans l\u2019attente, ils vont \u00eatre prot\u00e9g\u00e9s contre toute forme de justice \u00e0 leur encontre.<\/p><\/blockquote>\n<p><strong>Sur l\u2019ind\u00e9pendance r\u00e9elle de la RDC<\/strong><\/p>\n<blockquote><p>Bien avant que le Congo soit proclam\u00e9 ind\u00e9pendant, l\u2019empire global avait d\u00e9j\u00e0 d\u00e9cid\u00e9 d\u2019occuper le Congo. Pendant que nous pensions qu\u2019il y avait des forces am\u00e9ricaines qui luttaient pour notre auto-d\u00e9termination, nous nous trompions. Il avait d\u00e9j\u00e0 des calculs qui \u00e9taient faits pour que les USA s\u2019emparent de la colonie belge. M\u00eame l\u2019assassinat de Lumumba \u00e9tait d\u00e9j\u00e0 programm\u00e9 avant les ann\u00e9es 1960.<br \/>\nQuand nous disons que nous sommes devenus ind\u00e9pendants en 1960, nous faussons l\u2019histoire, nous reproduisons l\u2019histoire apprise \u00e0 l\u2019\u00e9cole et \u00e0 l\u2019universit\u00e9. Nous ne sommes pas devenus ind\u00e9pendants en 1960. Nous sommes devenus une colonie am\u00e9ricaine, pro-occidentale. Les services secrets am\u00e9ricains avaient d\u00e9cid\u00e9 que le Congo pourrait \u00eatre occup\u00e9 pendant quelques d\u00e9cennies. Depuis les ann\u00e9es 1960, le Congo n\u2019a \u00e9t\u00e9 ni souverain, ni ind\u00e9pendant.<br \/>\nCeux qui auraient pu octroyer cette ind\u00e9pendance \u00e9taient eux aussi sous occupation, comme document\u00e9 dans le livre, \u00ab Aux origines du carcan europ\u00e9en (1900-1960) : la France sous influence allemande et am\u00e9ricaine) \u00bb de Annie Lacroix Riz.<br \/>\nIl est beaucoup plus important de partir de l\u2019histoire de ceux qui nous ont colonis\u00e9 pour comprendre les doctrines qui g\u00e9raient leurs Etats \u00e0 eux, plut\u00f4t que de commenter la rh\u00e9torique bien travaill\u00e9e et servie par les m\u00e9dias dominants.<br \/>\nA chaque p\u00e9riode de l\u2019histoire, les Etats qui nous ont colonis\u00e9 ont \u00e9t\u00e9 guid\u00e9s par certaines doctrines et avaient leurs id\u00e9ologues, comme les George Kennan, Allen Dulles, Henri Kissinger, Zbigniew Brzezi\u0144ski. Ces gens l\u00e0 fabriquent, \u00e0 partir de leurs cercles de r\u00e9flexions, des th\u00e9ories qui guident leurs Etats et pays. <\/p><\/blockquote>\n<p><\/br><\/p>\n","protected":false},"excerpt":{"rendered":"<p>L\u2019analyste politique Jean-Pierre Mbelu d\u00e9crypte le jeu politique au Congo et les insuffisances de la soi-disant \u00ab opposition \u00bb congolaise, analyse les dessous de la fortune pr\u00e9sum\u00e9e de Joseph Kabila, explique pourquoi en 1960, le Congo n\u2019est pas devenu ind\u00e9pendant mais une colonie am\u00e9ricaine, pro-occidentale. Sur le front populaire contre la r\u00e9vision constitutionnelle et pour [&hellip;]<\/p>\n","protected":false},"author":1,"featured_media":6769,"comment_status":"open","ping_status":"open","sticky":false,"template":"","format":"standard","meta":{"_acf_changed":false,"content-type":"","footnotes":""},"categories":[107,124],"tags":[],"class_list":["post-6768","post","type-post","status-publish","format-standard","has-post-thumbnail","hentry","category-analyses-commentaires","category-politique-societe"],"acf":[],"_links":{"self":[{"href":"https:\/\/congolobilelo.com\/IN\/wp-json\/wp\/v2\/posts\/6768","targetHints":{"allow":["GET"]}}],"collection":[{"href":"https:\/\/congolobilelo.com\/IN\/wp-json\/wp\/v2\/posts"}],"about":[{"href":"https:\/\/congolobilelo.com\/IN\/wp-json\/wp\/v2\/types\/post"}],"author":[{"embeddable":true,"href":"https:\/\/congolobilelo.com\/IN\/wp-json\/wp\/v2\/users\/1"}],"replies":[{"embeddable":true,"href":"https:\/\/congolobilelo.com\/IN\/wp-json\/wp\/v2\/comments?post=6768"}],"version-history":[{"count":0,"href":"https:\/\/congolobilelo.com\/IN\/wp-json\/wp\/v2\/posts\/6768\/revisions"}],"wp:featuredmedia":[{"embeddable":true,"href":"https:\/\/congolobilelo.com\/IN\/wp-json\/"}],"wp:attachment":[{"href":"https:\/\/congolobilelo.com\/IN\/wp-json\/wp\/v2\/media?parent=6768"}],"wp:term":[{"taxonomy":"category","embeddable":true,"href":"https:\/\/congolobilelo.com\/IN\/wp-json\/wp\/v2\/categories?post=6768"},{"taxonomy":"post_tag","embeddable":true,"href":"https:\/\/congolobilelo.com\/IN\/wp-json\/wp\/v2\/tags?post=6768"}],"curies":[{"name":"wp","href":"https:\/\/api.w.org\/{rel}","templated":true}]}}