{"id":6763,"date":"2014-07-13T16:44:17","date_gmt":"2014-07-13T16:44:17","guid":{"rendered":"http:\/\/www.ingeta.com\/?p=6763"},"modified":"2014-07-13T16:44:17","modified_gmt":"2014-07-13T16:44:17","slug":"le-congo-na-presque-pas-ete-independant-depuis-1960","status":"publish","type":"post","link":"https:\/\/congolobilelo.com\/IN\/le-congo-na-presque-pas-ete-independant-depuis-1960\/","title":{"rendered":"Le Congo n\u2019a presque pas \u00e9t\u00e9 ind\u00e9pendant depuis 1960"},"content":{"rendered":"<p>\t\t\t\tPar Jean-Pierre Mbelu<\/p>\n<p><strong>Il serait plus facile de commenter l\u2019histoire du Congo telle qu\u2019elle a \u00e9t\u00e9 racont\u00e9e par \u2018\u2019les vainqueurs\u2019\u2019 et leurs \u2018\u2019alli\u00e9s\u2019\u2019 que de proc\u00e9der \u00e0 sa r\u00e9\u00e9criture \u00e0 partir d\u2019une p\u00e9nible critique de l\u2019histoire m\u00eame des \u2018\u2019vainqueurs\u2019\u2019 telle qu\u2019elle est d\u00e9voil\u00e9e par les documents qu\u2019ils d\u00e9classifient, par leurs propres analystes politiques et par leurs propres historiens. Une pareille relecture fait tomber, \u00e0 un certain moment, des \u00e9cailles des yeux \u2018\u2019fatigu\u00e9s d\u2019apprendre\u2019\u2019. La dipl\u00f4mol\u00e2trie ou simplement la paresse intellectuelle peuvent conduire \u00e0 bannir du champ de la recherche congolaise la relecture et la r\u00e9\u00e9criture de l\u2019histoire collective du pays pour une lutte d\u2019\u00e9mancipation politique bien outill\u00e9e. Le texte ci-apr\u00e8s s\u2019inscrit, malgr\u00e9 ses limites, dans la perspective de la r\u00e9\u00e9criture de l\u2019histoire congolaise \u00e0 partir de la critique historique et des analyses politiques des points de vue des \u2018\u2019vainqueurs\u2019\u2019.<\/strong><\/p>\n<p>Il arrive que les patriotes congolais soient somm\u00e9s de dire ce qu\u2019ils ont fait de leur ind\u00e9pendance suppos\u00e9e acquise en 1960. Cette sommation est souvent fruit d\u2019une id\u00e9ologie dans le sens p\u00e9joratif du terme. C\u2019est-\u00e0-dire d\u2019un mythe politique selon lequel le Congo est devenu ind\u00e9pendant le 30 juin 1960. Pourtant, en fr\u00e9quentant certains t\u00e9moignages et documents historiques, il devient de plus en plus \u00e9vident que le pays de Lumumba n\u2019a jamais \u00e9t\u00e9 ind\u00e9pendant. C\u2019est-\u00e0-dire un pays libre ou lib\u00e9r\u00e9 du joug des oppresseurs et capable s\u2019orienter selon les principes qu\u2019il \u00e9dicte lui-m\u00eame pour le bonheur collectif de ses masses populaires.<\/p>\n<p>Cette hypoth\u00e8se peut para\u00eetre a-historique et m\u00eame r\u00e9visionniste. Oui ; pour les dipl\u00f4mol\u00e2tres. C\u2019est-\u00e0-dire pour tous ceux qui, Congolais ou \u00e9trangers ont arr\u00eat\u00e9 d\u2019apprendre apr\u00e8s leurs dipl\u00f4mes et titres universitaires. Mais pour certaines minorit\u00e9s li\u00e9es \u00e0 l\u2019information alternative et \u2018\u2019la formation continue\u2019\u2019, les preuves corroborant cette hypoth\u00e8se semblent r\u00e9sister aux th\u00e8ses apprises \u00e0 l\u2019\u00e9cole et \u00e0 l\u2019universit\u00e9. Elles peuvent stimuler la r\u00e9\u00e9criture de l\u2019histoire du Congo de Lumumba loin des salons et des universit\u00e9s de Londres, Bruxelles, Washington et Paris. Explicitons.<\/p>\n<h3>La doctrine du &#8220;Grand domaine&#8221;<\/h3>\n<p>Avant la proclamation de l\u2019ind\u00e9pendance du Congo, l\u2019empire US, \u00e0 travers ses services secrets, avait d\u00e9j\u00e0 d\u00e9cid\u00e9 d\u2019occuper ce pays pour quelques d\u00e9cennies comme viennent de le prouver les documents d\u00e9classifi\u00e9s du D\u00e9partement d\u2019Etat Am\u00e9ricain sur le Congo. Cette occupation ob\u00e9issait \u00e0 une doctrine enseignant l\u2019acc\u00e8s unilat\u00e9ral aux pays disposant des ressources strat\u00e9giques dont l\u2019empire global (US) a besoin pour sa s\u00e9curit\u00e9 aux d\u00e9pens du respect du droit international. Pour dire les choses autrement, cette doctrine irrationnelle ignore le droit d\u2019autod\u00e9termination des peuples et le principe de souverainet\u00e9. Elle les combat militairement et \u00e9conomiquement en secret tout en les soutenant rh\u00e9toriquement. Tel est son mode op\u00e9ratoire. Il est difficile \u00e0 d\u00e9jouer quand les m\u00e9dias dominants et \u2018\u2019coupagistes\u2019\u2019 se limitent \u00e0 mettre en exergue sa dimension rh\u00e9torique. Et qu\u2019une certaine \u2018\u2019\u00e9lite intellectuelle\u2019\u2019 qualifi\u00e9e de \u2018\u2019clerg\u00e9 s\u00e9culier\u2019\u2019 (par Noam Chomsky) leur embo\u00eetent le pas.<\/p>\n<p>Cette doctrine dont les racines remonte \u00e0 celle (document\u00e9e et) ayant pr\u00f4n\u00e9 la guerre pour l\u2019extermination des Indiens[1] afin que \u2018\u2019l\u2019empire global\u2019\u2019 se taille un espace vital au soleil a \u00e9t\u00e9 \u2018\u2019revue et corrig\u00e9e\u2019\u2019 par le diplomate US George Kennan \u00e0 travers sa th\u00e9orie du \u2018\u2019Grand Domaine\u2019\u2019 ou \u2018\u2019Grand Territoire\u2019\u2019[2]. Pour ce diplomate, l\u2019expansion de \u2018\u2019l\u2019empire global\u2019\u2019 doit se faire en consid\u00e9rant les id\u00e9es pr\u00f4nant la promotion des droits de l\u2019homme, de la participation citoyenne \u00e0 la gestion de la chose publique et de la d\u00e9mocratie comme \u00e9tant des objectifs illusoires. \u2018\u2019L\u2019empire global\u2019\u2019 doit, au contraire, \u00e0 tout moment, recourir \u00e0 l\u2019usage unilat\u00e9ral de la force et \u00e0 l\u2019instrumentalisation des gouvernements dictatoriaux et r\u00e9pressifs pour atteindre ses objectifs r\u00e9els : dominer le monde en faisant main basse sur les ressources strat\u00e9giques des pays tiers tout en affirmant officiellement qu\u2019il veut sauver le monde[3], le rendre s\u00fbr.<\/p>\n<p>La th\u00e9orie de George Kennan date des ann\u00e9es 1947-1948. Ses devanciers ont, depuis 1900 et plus tard avec le Plan Marshall, travaill\u00e9 \u00e0 la colonisation de l\u2019Europe et surtout de certains de ses pays les plus influents. Quand, en 1960, l\u2019ind\u00e9pendance du Congo est formellement proclam\u00e9e, elle l\u2019est par la bouche d\u2019un repr\u00e9sentant d\u2019un pays qui n\u2019a pas les mains libres vis-\u00e0-vis de \u2018\u2019l\u2019empire global\u2019\u2019. Certains de ses hommes politiques les plus en vue sont membres des services secrets de cet \u2018\u2019empire\u2019\u2019. A ce point nomm\u00e9, il serait important, pour les curieux, de lire \u2018\u2019Aux orgines du carcan europ\u00e9en (1900-1960). La France sous l\u2019influence allemande et am\u00e9ricaine\u2019\u2019 (Paris, Delga 2014) de l\u2019historienne fran\u00e7aise Annie Lacroix-Riz et d\u2019\u00e9couter les t\u00e9moins du documentaire intitul\u00e9 \u2018\u2019on croit mourir pour la Patrie, on meurt pour les industriels\u2019\u2019[4].<\/p>\n<p><iframe loading=\"lazy\" src=\"\/\/www.youtube.com\/embed\/QVJNpqXKMsA\" width=\"480\" height=\"360\" frameborder=\"0\" allowfullscreen=\"allowfullscreen\"><\/iframe><\/p>\n<p>Ce livre et ce documentaire ont l\u2019avantage de remettre en question, \u00e0 partir des documents bien sourc\u00e9s et des t\u00e9moins vivants, nos lieux communs sur le bien-fond\u00e9 de \u2018\u2019la philanthropie de l\u2019empire\u2019\u2019 et de sa mission de r\u00e9pandre la bonne nouvelle de la lib\u00e9ration des peuples opprim\u00e9s en r\u00e9pandant la d\u00e9mocratie et les droits de l\u2019homme.<\/p>\n<h3>Relire et r\u00e9\u00e9crire l&#8217;histoire du Congo demeure un pr\u00e9alable important \u00e0 la fondation de l\u2019Etat congolais<\/h3>\n<p>En 1960, avant que l\u2019ind\u00e9pendance du Congo soit proclam\u00e9e, ce pays \u00e9tait d\u00e9j\u00e0 pass\u00e9 sous le giron US pour quelques d\u00e9cennies. Les documents US d\u00e9classifi\u00e9s derni\u00e8rement sur le Congo sont clairs l\u00e0-dessus[5]. Ils attestent que \u2018\u2019the CIA&#8217;s programs of the 1960s distorted Congolese politics for decades to come.\u2019\u2019 Un historien am\u00e9ricain soutenait d\u00e9j\u00e0 en 1962 que \u201cbien avant son coup d\u2019Etat, Mobutu avait \u00e9t\u00e9, pendant tout le mois d\u2019ao\u00fbt 1960, l\u2019h\u00f4te nocturne de l\u2019ambassade des Etats-Unis, jusqu\u2019au jour o\u00f9 il disposa d\u2019assez d\u2019argent pour assurer la paie de l\u2019arm\u00e9e et renverser le gouvernement (Lumumba).\u2019\u2019 Et les documents susmentionn\u00e9s soutiennent que le chef de la CIA au Congo, Lawrence Devlin, avaient mis des moyens financiers \u00e0 la disposition de Mobutu afin qu\u2019il puisse r\u00e9aliser la mission qui lui avait \u00e9t\u00e9 confi\u00e9e.<\/p>\n<p>Faisons un simple calcul. Le Congo est proclam\u00e9 ind\u00e9pendant le 30 juin 1960. Trois mois apr\u00e8s, Mobutu, avec l\u2019aide de la CIA, renverse un gouvernement d\u00e9mocratique issu du suffrage universel. Apr\u00e8s ce coup d\u2019Etat, il sera coach\u00e9 par les USA pour le compte des gouvernements qu\u2019ils contr\u00f4laient en Occident jusqu\u2019\u00e0 la guerre de l\u2019AFDL en 1996-1997 ; une guerre de basse intensit\u00e9 et de pr\u00e9dation orchestr\u00e9e par \u2018\u2019l\u2019imp\u00e9rialisme intelligent\u2019\u2019.<\/p>\n<p>Disons, donc, que de 1960 \u00e0 1997 (et jusqu\u2019\u00e0 ce jour), le Congo n\u2019a presque pas \u00e9t\u00e9 ind\u00e9pendant. Et m\u00eame au cours de deux mois o\u00f9 le complot de la CIA n\u2019\u00e9tait pas encore r\u00e9v\u00e9l\u00e9 au grand jour, trois grandes hypoth\u00e8ques pesaient sur le Congo de Lumumba : le gouvernement ne disposait ni de l\u2019arm\u00e9e, ni de l\u2019administration ; les s\u00e9cessions katangaise et kasa\u00efenne, soutenues par \u2018\u2019les ma\u00eetres du diviser pour r\u00e9gner\u2019\u2019, \u00e9taient en cours.<\/p>\n<p>Relire l\u2019histoire du Congo \u00e0 partir de celle de ses \u2018\u2019ma\u00eetres\u2019\u2019 peut, \u00e0 la longue, permettre de mieux approfondir leur mode op\u00e9ratoire pour un travail politique, social, culturel, \u00e9conomique et spirituel n\u00e9cessaire \u00e0 l\u2019\u00e9mancipation politique et \u00e0 l\u2019acquisition de la vraie ind\u00e9pendance du pays de Patrice Lumumba. Relire et r\u00e9\u00e9crire cette histoire demeure un pr\u00e9alable important \u00e0 la fondation de l\u2019Etat congolais ou plut\u00f4t au passage de l\u2019Etat colonial actuel \u00e0 l\u2019Etat national ou plurinational futur. La t\u00e2che est \u00e9norme. Elle exige un grand investissement intellectuel et humain. A notre humble avis, elle ne serait qu\u2019\u00e0 ses premiers et timides balbutiements. S\u2019y investir peut \u00eatre un antidote contre \u2018\u2019le vol de l\u2019histoire\u2019\u2019 et la r\u00e9p\u00e9tition de celle des \u2018\u2019vainqueurs\u2019\u2019 au Congo. [6] (\u00e0 suivre)<\/p>\n<p><em>Mbelu Babanya Kabudi<\/em><\/p>\n<hr style=\"color: #000000;\" align=\"left\" size=\"1\" width=\"33%\" \/>\n<div id=\"ecxftn1\" style=\"color: #000000;\">\n<div><a style=\"font-weight: inherit; color: #0068cf;\" title=\"\" target=\"_blank\" name=\"_ftn1\" rel=\"noopener\"><\/a>[1]\u00a0N. CHOMSKY,\u00a0<b style=\"font-weight: bold;\"><i style=\"font-style: italic;\">Futurs proches. Libert\u00e9, ind\u00e9pendance et imp\u00e9rialisme au\u00a0 XXIe si\u00e8cle<\/i><\/b>, Paris, Lux,\u00a0 2011, p. 35.<\/div>\n<\/div>\n<div id=\"ecxftn2\" style=\"color: #000000;\">\n<div><a style=\"font-weight: inherit; color: #0068cf;\" title=\"\" target=\"_blank\" name=\"_ftn2\" rel=\"noopener\"><\/a>[2]\u00a0<span lang=\"FR-BE\">Lire D. MITTERRAND,\u00a0<i style=\"font-style: italic;\">Le livre de ma m\u00e9moire, Paris, Jean-Claude Gawsewitch<\/i>, 2007. Sur cette question, Peter Dale Scott est aussi tr\u00e8s int\u00e9ressant \u00e0 lire. Quand il parle de George Kennan, il indique ses liens avec Allen Dulles, le responsable US de la CIA ayant orchestr\u00e9, avec le Pr\u00e9sident Eisenhower l\u2019assassinat de Patrice Emery Lumumba. Lire P.D. SCOTT<i style=\"font-style: italic;\">, La route vers le nouveau d\u00e9sordre mondial. 50 ans d\u2019ambitions secr\u00e8tes des Etats-Unis<\/i>, Paris, Demi-Lune, 2011, p. 42.<\/span><\/div>\n<\/div>\n<div id=\"ecxftn3\" style=\"color: #000000;\">\n<div><a style=\"font-weight: inherit; color: #0068cf;\" title=\"\" target=\"_blank\" name=\"_ftn3\" rel=\"noopener\"><\/a>[3]\u00a0Lire\u00a0<span lang=\"FR-BE\">N. CHOMSKY,\u00a0<i style=\"font-style: italic;\">Dominer le monde ou sauver la plan\u00e8te\u00a0?<\/i>, Paris, Fayard, 2001.<\/span><\/div>\n<\/div>\n<div id=\"ecxftn4\" style=\"color: #000000;\">\n<div><a style=\"font-weight: inherit; color: #0068cf;\" title=\"\" target=\"_blank\" name=\"_ftn4\" rel=\"noopener\"><\/a>[4]\u00a0<a style=\"font-weight: inherit; color: #0068cf;\" href=\"http:\/\/www.michelcollon.info\/14-18-On-croit-mourir-pour-la.html?lang=fr\" target=\"_blank\" rel=\"noopener\"><span style=\"color: windowtext;\">http:\/\/www.michelcollon.info\/14-18-On-croit-mourir-pour-la.html?lang=fr<\/span><\/a><\/div>\n<\/div>\n<div id=\"ecxftn5\" style=\"color: #000000;\">\n<div><a style=\"font-weight: inherit; color: #0068cf;\" title=\"\" target=\"_blank\" name=\"_ftn5\" rel=\"noopener\"><\/a>[5]\u00a0<a style=\"font-weight: inherit; color: #0068cf;\" href=\"http:\/\/history.state.gov\/historicaldocuments\/frus1964-68v23\/d1\" target=\"_blank\" rel=\"noopener\"><span style=\"color: windowtext;\">http:\/\/history.state.gov\/historicaldocuments\/frus1964-68v23\/d1<\/span><\/a><\/div>\n<\/div>\n<div id=\"ecxftn6\" style=\"color: #000000;\">\n<div><a style=\"font-weight: inherit; color: #0068cf;\" title=\"\" target=\"_blank\" name=\"_ftn6\" rel=\"noopener\"><\/a>[6]\u00a0<span lang=\"FR-BE\">Cette\u00a0 question est tr\u00e8s bien \u00e9tudi\u00e9e par Jack GOODY dans son livre intitul\u00e9\u00a0 \u2018\u2019Le vol de l\u2019histoire. Comment l\u2019Europe \u00e0 impos\u00e9 le r\u00e9cit de son pass\u00e9 au reste du monde\u2019\u2019, Paris, Gallimard,\u00a0 2006.<\/span><\/div>\n<\/div>\n","protected":false},"excerpt":{"rendered":"<p>Par Jean-Pierre Mbelu Il serait plus facile de commenter l\u2019histoire du Congo telle qu\u2019elle a \u00e9t\u00e9 racont\u00e9e par \u2018\u2019les vainqueurs\u2019\u2019 et leurs \u2018\u2019alli\u00e9s\u2019\u2019 que de proc\u00e9der \u00e0 sa r\u00e9\u00e9criture \u00e0 partir d\u2019une p\u00e9nible critique de l\u2019histoire m\u00eame des \u2018\u2019vainqueurs\u2019\u2019 telle qu\u2019elle est d\u00e9voil\u00e9e par les documents qu\u2019ils d\u00e9classifient, par leurs propres analystes politiques et par [&hellip;]<\/p>\n","protected":false},"author":1,"featured_media":6764,"comment_status":"open","ping_status":"open","sticky":false,"template":"","format":"standard","meta":{"_acf_changed":false,"content-type":"","footnotes":""},"categories":[107,124],"tags":[],"class_list":["post-6763","post","type-post","status-publish","format-standard","has-post-thumbnail","hentry","category-analyses-commentaires","category-politique-societe"],"acf":[],"_links":{"self":[{"href":"https:\/\/congolobilelo.com\/IN\/wp-json\/wp\/v2\/posts\/6763","targetHints":{"allow":["GET"]}}],"collection":[{"href":"https:\/\/congolobilelo.com\/IN\/wp-json\/wp\/v2\/posts"}],"about":[{"href":"https:\/\/congolobilelo.com\/IN\/wp-json\/wp\/v2\/types\/post"}],"author":[{"embeddable":true,"href":"https:\/\/congolobilelo.com\/IN\/wp-json\/wp\/v2\/users\/1"}],"replies":[{"embeddable":true,"href":"https:\/\/congolobilelo.com\/IN\/wp-json\/wp\/v2\/comments?post=6763"}],"version-history":[{"count":0,"href":"https:\/\/congolobilelo.com\/IN\/wp-json\/wp\/v2\/posts\/6763\/revisions"}],"wp:featuredmedia":[{"embeddable":true,"href":"https:\/\/congolobilelo.com\/IN\/wp-json\/"}],"wp:attachment":[{"href":"https:\/\/congolobilelo.com\/IN\/wp-json\/wp\/v2\/media?parent=6763"}],"wp:term":[{"taxonomy":"category","embeddable":true,"href":"https:\/\/congolobilelo.com\/IN\/wp-json\/wp\/v2\/categories?post=6763"},{"taxonomy":"post_tag","embeddable":true,"href":"https:\/\/congolobilelo.com\/IN\/wp-json\/wp\/v2\/tags?post=6763"}],"curies":[{"name":"wp","href":"https:\/\/api.w.org\/{rel}","templated":true}]}}