{"id":6754,"date":"2014-07-07T16:19:02","date_gmt":"2014-07-07T16:19:02","guid":{"rendered":"http:\/\/www.ingeta.com\/?p=6754"},"modified":"2014-07-07T16:19:02","modified_gmt":"2014-07-07T16:19:02","slug":"les-enjeux-reels-des-elections-au-congo-se-jouent-ailleurs","status":"publish","type":"post","link":"https:\/\/congolobilelo.com\/IN\/les-enjeux-reels-des-elections-au-congo-se-jouent-ailleurs\/","title":{"rendered":"R\u00e9vision de la constitution ou non ? Les enjeux r\u00e9els des \u00e9lections au Congo se jouent ailleurs\u2026"},"content":{"rendered":"<p>\t\t\t\tL\u2019analyste politique Jean-Pierre Mbelu revient sur le d\u00e9bat entre la Conf\u00e9rence Episcopale du Congo et le gouvernement fant\u00f4che de Kinshasa autour de la r\u00e9vision de la constitution congolaise, souligne le caract\u00e8re futile et inutile de ce d\u00e9bat comme celui autour du processus \u00e9lectoral, rappelle les enjeux r\u00e9els du Congo et explique pourquoi s\u2019il y a lutte pour le pouvoir au Congo, c\u2019est une lutte pour le pouvoir du statu quo. <\/p>\n<p><iframe loading=\"lazy\" width=\"560\" height=\"315\" src=\"\/\/www.youtube.com\/embed\/Ov7PnO5NNao\" frameborder=\"0\" allowfullscreen><\/iframe><\/p>\n<p><strong>Sur la Conf\u00e9rence Episcopale du Congo (CENCO) et la protection de la constitution<\/strong><\/p>\n<blockquote><p>Nos \u00e9v\u00eaques devraient pouvoir tenir l\u2019orientation  qu\u2019ils voudraient donner \u00e0 la protection de la nation. Il est important que dans une question engageant un d\u00e9bat public, les membres de la CENCO prennent une position claire et nette.<br \/>\nEn 2011, la CENCO avait d\u00e9l\u00e9gu\u00e9 plus ou moins 30000 observateurs, dans les bureaux \u00e9lectoraux. Mais apr\u00e8s, quand il y a eu cette question de fraudes, trucages et vols de voix, \u00e0 l\u2019issue des \u00e9lections, nous n\u2019avons pas vu les observateurs de notre Eglise mettre sur la place publique, les r\u00e9sultats que eux avaient r\u00e9colt\u00e9. Et quand le cardinal Monsengwo est intervenu pour dire que les r\u00e9sultats, tels qu\u2019ils \u00e9taient pr\u00e9sent\u00e9s, n\u2019\u00e9taient conformes, ni \u00e0 la justice, ni \u00e0 la v\u00e9rit\u00e9, nous n\u2019avons pas vu les responsables hi\u00e9rarchiques soutenir cette position l\u00e0.<br \/>\nOn peut se demander si la question de la r\u00e9vision de la constitution n\u2019est pas en train de devenir une distraction. N\u2019y aurait-il pas quelque chose de plus s\u00e9rieux qui se tramerait en coulisse, et le d\u00e9bat sur la r\u00e9vision constitutionnelle servirait d\u2019app\u00e2t pour que les congolais puissent \u00eatre branch\u00e9s sur cette question l\u00e0 et ne pas voir ce qui se passerait en coulisse ?<br \/>\nEn 2011, pendant que tous les regards \u00e9taient tourn\u00e9s vers les \u00e9lections, une alliance public-priv\u00e9 \u00e9tait sign\u00e9e entre le gouvernement fant\u00f4che de Kinshasa et les Etats-Unis, une alliance engageant au moins 21 entreprises multinationales et mena\u00e7ant l\u2019int\u00e9grit\u00e9 de notre territoire. Au nom de cette alliance, nous risquons de perdre maintenant l\u2019Ituri, les deux Kivus, le Katanga. Les enjeux r\u00e9els des \u00e9lections au Congo se jouent ailleurs, et cela est indispensable \u00e0 savoir.<\/p><\/blockquote>\n<p><strong>Sur les d\u00e9clarations de Lambert Mende en r\u00e9action \u00e0 la prise de position de la CENCO sur la question de la r\u00e9vision constitutionnelle<\/strong><\/p>\n<blockquote><p>Il s\u2019agit d\u2019un d\u00e9bat, Lambert donne le point de vue, suppos\u00e9 \u00eatre celui du gouvernement auquel il appartient.<br \/>\nLe message de la CENCO, loin de violer la constitution, a l\u2019avantage de pouvoir resituer le d\u00e9bat dans le contexte historique dans lequel cette constitution a \u00e9t\u00e9 r\u00e9dig\u00e9e. Ce message a l\u2019avantage de rappeler les b\u00e9vues historiques que le constituant voudrait \u00e9viter au pays. Apr\u00e8s avoir connu la dictature de Mobutu, on ne peut pas accepter que quelqu\u2019un vienne apr\u00e8s Mobutu et s\u2019\u00e9ternise au pouvoir. Aujourd\u2019hui, que ce soit d\u2019un c\u00f4t\u00e9 l\u2019opposition, ou de l\u2019autre, le pouvoir os de Kinshasa, les deux donnent l\u2019impression d\u2019\u00eatre les membres du statu quo qui n\u2019ont aucune intention de vouloir r\u00e9aliser une refondation syst\u00e9mique de l\u2019Etat congolais.<br \/>\nContrairement \u00e0 ce que dit Lambert Mende, il n\u2019y a pas de proc\u00e8s d\u2019intention de la part de la CENCO. Cette constitution a d\u00e9j\u00e0 \u00e9t\u00e9 modifi\u00e9e au cours du jeu \u00e9lectoral de 2011, en passant de 2 \u00e0 1 tour pour la pr\u00e9sidentielle. Les \u00e9v\u00eaques jouent le r\u00f4le de lanceurs d\u2019alerte et se disent, qui a bu boira. <\/p><\/blockquote>\n<p><strong>Sur l\u2019absence de consultation des populations dans ce d\u00e9bat autour de la r\u00e9vision de la constitution<\/strong><\/p>\n<blockquote><p>L\u2019absence de consultation des populations congolais fait que ce d\u00e9bat sent mauvais. Ce d\u00e9bat aurait \u00e9t\u00e9 int\u00e9ressant si nous voyions, peut-\u00eatre qu\u2019ils le font, nos acteurs politiques ou ceux qui en font office, allaient dans nos cit\u00e9s et villages les plus recul\u00e9s pour \u00e9changer avec nos populations. C\u2019est de cette mani\u00e8re qu\u2019une conscience des int\u00e9r\u00eats partag\u00e9s, entre ces politiciens et nos masses populaires se cr\u00e9e. Il y a certes une lutte pour le pouvoir au Congo, mais pour le pouvoir du statu quo.<br \/>\nNos \u00e9v\u00eaques ont-ils le moyen de peser sur les acteurs politiques pour qu\u2019ils ne s\u2019adonnent pas au tripatouillage de la constitution ? Oui, les moyens dont ils disposent sont, entre autres, l\u2019\u00e9ducation civique \u00e0 partir des communaut\u00e9s de base de fa\u00e7on que nos masses puissent \u00eatre \u00e9veill\u00e9s \u00e0 ces questions et disent non  \u00e0 toute r\u00e9vision constitutionnelle.<br \/>\nCe qui peut leur \u00e9chapper est le fait qu\u2019ils ne pourront peut-\u00eatre pas peser sur les d\u00e9cisions de l\u2019assembl\u00e9e nationale qui est une caisse de r\u00e9sonance de la majorit\u00e9 dite pr\u00e9sidentielle.<\/p><\/blockquote>\n<p><strong>Sur le processus \u00e9lectoral au Congo<\/strong><\/p>\n<blockquote><p>Le processus \u00e9lectoral con\u00e7u au Congo depuis 2006, jusqu\u2019\u00e0 ce jour, a un c\u00f4t\u00e9 faux tr\u00e8s prononc\u00e9. Il nous engage dans des d\u00e9bats futiles et inutiles. Comment voulez-vous que dans ce th\u00e9\u00e2tre, ceux qui sont au Congo, au gouvernement ou dans les tribunaux, qui sont inform\u00e9s de l\u00e0 o\u00f9 vient la mission de Malu Malu, aillent jouer contre lui ?<br \/>\nEt pendant ce temps, nos terres sont vendus, nos villages sont d\u00e9peupl\u00e9s..<br \/>\nOu l\u2019opposition ne semble pas comprendre les enjeux. Ou elle comprend les enjeux et participe du th\u00e9\u00e2tre con\u00e7u de l\u2019ext\u00e9rieur.<br \/>\nLe probl\u00e8me peut-\u00eatre r\u00e9sum\u00e9 ainsi : Ceux qui ont d\u00e9cid\u00e9 de faire main basse sur les ressources du sol et du sous-sol congolais nous font passer par des processus qu\u2019ils ma\u00eetrisent et que nous ne ma\u00eetrisons pas parce qu\u2019ils veulent demeurer \u00e9ternellement les ma\u00eetres du jeu. Comme ils savent que nous avons l\u2019art de nous battre pour des futilit\u00e9s, ils nous jettent un os, les \u00e9lections.<br \/>\nLa France a eu des \u00e9lections r\u00e9cemment, est-elle pourtant sortie du syst\u00e8me n\u00e9olib\u00e9ral ? Non. Et nos politiciens, pour en revenir \u00e0 eux, n\u2019abordent pas les questions essentielles : comment faire pour que le Congo ne soit pas un march\u00e9 ouvert \u00e0 n\u2019importe qui et \u00e0 n\u2019importe quel moment, comment faire pour que les mati\u00e8res premi\u00e8res du Congo ne puissent pas \u00eatre pill\u00e9s, comment faire pour que le Congo soit contr\u00f4l\u00e9 par ces dignes filles et fils ? <\/p><\/blockquote>\n<p><strong>Sur la lecture de la m\u00e9moire Lumumba par Martin Kobler<\/strong><\/p>\n<blockquote><p>Il y a deux monuments de Lumumba en Allemagne (Leipzig et Berlin). Kobler a raison de penser que Lumumba est un h\u00e9ros. Mais rendre hommage aujourd\u2019hui \u00e0 Lumumba, est-ce d\u00e9poser une gerbe de fleurs \u00e0 son monument ou travailler \u00e0 laisser les congolais g\u00e9rer leur pays eux-m\u00eames ?<br \/>\nEst-ce que nous avons eu, depuis la mort de Lumumba, des partenaires ext\u00e9rieurs qui sont venus dire au Congo, cette terre congolaise vous appartient, tachez de la g\u00e9rer vous-m\u00eame dans la justice et le droit ? Est-ce le travail que fait la MONUSCO aujourd\u2019hui ? Non, pas du tout. Au contraire, la MONUSCO participe du d\u00e9peuplement de nos terres et de nos villages, de l\u2019extermination de nos populations. Kobler travaille dans un organisme qui participe \u00e0 la mort du Congo. Lumumba a \u00e9t\u00e9 assassin\u00e9 par les membres de la communaut\u00e9 occidentale. Est-ce lui rendre hommage que de poursuivre la n\u00e9ocolonisation et n\u00e9olib\u00e9ralisation du Congo ? <\/p><\/blockquote>\n<p><strong>Sur le bradage des terres arables et des ressources en RDC<\/strong><\/p>\n<blockquote><p>Il faut faire la part des choses. Il ne faut pas oublier que la r\u00e9bellion de Nkunda avait \u00e9t\u00e9 suscit\u00e9e par le pays auquel appartient Al Gore, qui voulait chasser la chine du Congo. Nkunda aborde la signature de contrats l\u00e9onins, entre Kinshasa et certains industriels chinois. Mais avec les d\u00e9clarations de Al Gore nous avons l\u2019indice de la guerre qui est en train de se mener \u00e0 travers le monde, entre la Chine et les USA. Pourquoi Al Gore parle de ces contrats et de ces terres maintenant, alors qu\u2019eux les am\u00e9ricains sont chez nous depuis si longtemps ?<br \/>\nCe sont les multinationales qui ach\u00e8tent ces terres arables, qui dit multinationales dit aussi, ces pays o\u00f9 les multinationales sont originaires et majoritaires, c&#8217;est-\u00e0-dire les Etats-Unis.<br \/>\nCela dit, qu\u2019Al Gore le dise ou pas, le fait est que nos terres sont brad\u00e9es et vendues \u00e0 vil prix. Mais est-ce la faute de certains pays de chercher \u00e0 avoir des terres arables au Congo? Est-ce la faute de multinationales de chercher \u00e0 avoir des terres arables au Congo? Non, c\u2019est la faute de la direction du Congo.<br \/>\nAu congo, les multinationales qui viennent travailler sur nos terres, ou les pays qui viennent acheter nos terres arables, se prennent la part du lion et les congolais n\u2019ont rien. Le peu qu\u2019ils refilent \u00e0 l\u2019Etat manqu\u00e9 du Congo va dans les poches de personnes priv\u00e9es. On ne construit pas d\u2019infrastructures dignes de ce nom. Quand eux-m\u00eames sont malades, ils vont se soigner \u00e0 l\u2019\u00e9tranger. On ne construit pas d\u2019universit\u00e9s contrairement \u00e0 ce qui avait \u00e9t\u00e9 dit. Il n\u2019y a m\u00eame pas r\u00e9trocession de ce qui est produit. Il avait \u00e9t\u00e9 pr\u00e9vu qu\u2019on r\u00e9troc\u00e8de au moins 40% de la production du pays aux provinces. Il y a l\u00e0 une \u00e9lite comprador qui s\u2019accapare le fruit du commerce in\u00e9gal entre le Congo et les multinationales, entre le Congo et les pays en qu\u00eate de nos ressources. Il y a une confiscation de ce fruit par les \u00e9lites compradores qui \u00ab g\u00e8rent \u00bb le pays pour le bien des partenaires ext\u00e9rieurs.<\/p><\/blockquote>\n<p><\/br><\/p>\n","protected":false},"excerpt":{"rendered":"<p>L\u2019analyste politique Jean-Pierre Mbelu revient sur le d\u00e9bat entre la Conf\u00e9rence Episcopale du Congo et le gouvernement fant\u00f4che de Kinshasa autour de la r\u00e9vision de la constitution congolaise, souligne le caract\u00e8re futile et inutile de ce d\u00e9bat comme celui autour du processus \u00e9lectoral, rappelle les enjeux r\u00e9els du Congo et explique pourquoi s\u2019il y a [&hellip;]<\/p>\n","protected":false},"author":1,"featured_media":6755,"comment_status":"open","ping_status":"open","sticky":false,"template":"","format":"standard","meta":{"_acf_changed":false,"content-type":"","footnotes":""},"categories":[107,124],"tags":[],"class_list":["post-6754","post","type-post","status-publish","format-standard","has-post-thumbnail","hentry","category-analyses-commentaires","category-politique-societe"],"acf":[],"_links":{"self":[{"href":"https:\/\/congolobilelo.com\/IN\/wp-json\/wp\/v2\/posts\/6754","targetHints":{"allow":["GET"]}}],"collection":[{"href":"https:\/\/congolobilelo.com\/IN\/wp-json\/wp\/v2\/posts"}],"about":[{"href":"https:\/\/congolobilelo.com\/IN\/wp-json\/wp\/v2\/types\/post"}],"author":[{"embeddable":true,"href":"https:\/\/congolobilelo.com\/IN\/wp-json\/wp\/v2\/users\/1"}],"replies":[{"embeddable":true,"href":"https:\/\/congolobilelo.com\/IN\/wp-json\/wp\/v2\/comments?post=6754"}],"version-history":[{"count":0,"href":"https:\/\/congolobilelo.com\/IN\/wp-json\/wp\/v2\/posts\/6754\/revisions"}],"wp:featuredmedia":[{"embeddable":true,"href":"https:\/\/congolobilelo.com\/IN\/wp-json\/"}],"wp:attachment":[{"href":"https:\/\/congolobilelo.com\/IN\/wp-json\/wp\/v2\/media?parent=6754"}],"wp:term":[{"taxonomy":"category","embeddable":true,"href":"https:\/\/congolobilelo.com\/IN\/wp-json\/wp\/v2\/categories?post=6754"},{"taxonomy":"post_tag","embeddable":true,"href":"https:\/\/congolobilelo.com\/IN\/wp-json\/wp\/v2\/tags?post=6754"}],"curies":[{"name":"wp","href":"https:\/\/api.w.org\/{rel}","templated":true}]}}