{"id":6733,"date":"2014-06-25T14:38:45","date_gmt":"2014-06-25T14:38:45","guid":{"rendered":"http:\/\/www.ingeta.com\/?p=6733"},"modified":"2014-06-25T14:38:45","modified_gmt":"2014-06-25T14:38:45","slug":"geno-cost-commemoration-du-genocide-congolais-2-aout-2014-a-londres","status":"publish","type":"post","link":"https:\/\/congolobilelo.com\/IN\/geno-cost-commemoration-du-genocide-congolais-2-aout-2014-a-londres\/","title":{"rendered":"Geno-Cost &#8211; Comm\u00e9moration du g\u00e9nocide congolais &#8211; 2 Ao\u00fbt 2014 \u00e0 Londres"},"content":{"rendered":"<p>\t\t\t\tLe samedi 2 Ao\u00fbt 2014, vous \u00eates invit\u00e9s \u00e0 rejoindre la communaut\u00e9 congolaise \u00e0 travers le monde pour participer \u00e0 la seconde Journ\u00e9e Comm\u00e9morative du G\u00e9nocide Congolais. Cet \u00e9v\u00e9nement annuel est simplement un geste de respect pour rendre hommage \u00e0 la vie de tous ceux que nous avons perdu dans la longue histoire des conflits du Congo.<\/p>\n<p>On Saturday 2nd August 2014, you are invited to join the Congolese community across the world to take part in the second edition of the Memorial Day for the Congolese genocide. This yearly event is a simple gesture to pay respects to the lives of all those that we have lost in Congo&#8217;s long history of conflicts.<\/p>\n<p><strong>Date &amp; Time\/Date et heure:<\/strong><br \/>\nSaturday. August 2nd, 2014\/Samedi, 2 ao\u00fbt 2014<br \/>\n17h-19h<\/p>\n<p><strong>Lieu\/location:<\/strong><br \/>\nThe ARC Center, 98 St Paul street, London N1 7DF (Tube station: Angel)<\/p>\n<p>Please RSVP at congoyouthuk@gmail.com<\/p>\n<p><strong>More information:<\/strong><br \/>\nOrganizer: <a href=\"http:\/\/congoayuk.wordpress.com\/\">Congo Action Youth Platform<\/a><br \/>\nTwitter: <a href=\"https:\/\/twitter.com\/Genocost\">@Genocost<\/a><br \/>\nFacebook: <a href=\"https:\/\/www.facebook.com\/GenoCost\">https:\/\/www.facebook.com\/GenoCost<\/a><br \/>\nWebsite: <a href=\"http:\/\/www.genocost.org\/\">genocost.org<\/a><\/p>\n<p><a href=\"http:\/\/www.ingeta.com\/wp-content\/uploads\/2014\/06\/Genocost2.jpg\"><img loading=\"lazy\" decoding=\"async\" class=\"alignnone wp-image-6734\" src=\"http:\/\/www.ingeta.com\/wp-content\/uploads\/2014\/06\/Genocost2.jpg\" alt=\"Genocost2\" width=\"600\" height=\"426\" \/><\/a><\/p>\n<p>&nbsp;\t\t<\/p>\n","protected":false},"excerpt":{"rendered":"<p>Le samedi 2 Ao\u00fbt 2014, vous \u00eates invit\u00e9s \u00e0 rejoindre la communaut\u00e9 congolaise \u00e0 travers le monde pour participer \u00e0 la seconde Journ\u00e9e Comm\u00e9morative du G\u00e9nocide Congolais. Cet \u00e9v\u00e9nement annuel est simplement un geste de respect pour rendre hommage \u00e0 la vie de tous ceux que nous avons perdu dans la longue histoire des conflits [&hellip;]<\/p>\n","protected":false},"author":1,"featured_media":6734,"comment_status":"open","ping_status":"open","sticky":false,"template":"","format":"standard","meta":{"_acf_changed":false,"content-type":"","footnotes":""},"categories":[139,151,124,163],"tags":[],"class_list":["post-6733","post","type-post","status-publish","format-standard","has-post-thumbnail","hentry","category-anniversaires-celebrations","category-education","category-politique-societe","category-royaume-uni-irlande"],"acf":[],"_links":{"self":[{"href":"https:\/\/congolobilelo.com\/IN\/wp-json\/wp\/v2\/posts\/6733","targetHints":{"allow":["GET"]}}],"collection":[{"href":"https:\/\/congolobilelo.com\/IN\/wp-json\/wp\/v2\/posts"}],"about":[{"href":"https:\/\/congolobilelo.com\/IN\/wp-json\/wp\/v2\/types\/post"}],"author":[{"embeddable":true,"href":"https:\/\/congolobilelo.com\/IN\/wp-json\/wp\/v2\/users\/1"}],"replies":[{"embeddable":true,"href":"https:\/\/congolobilelo.com\/IN\/wp-json\/wp\/v2\/comments?post=6733"}],"version-history":[{"count":0,"href":"https:\/\/congolobilelo.com\/IN\/wp-json\/wp\/v2\/posts\/6733\/revisions"}],"wp:featuredmedia":[{"embeddable":true,"href":"https:\/\/congolobilelo.com\/IN\/wp-json\/"}],"wp:attachment":[{"href":"https:\/\/congolobilelo.com\/IN\/wp-json\/wp\/v2\/media?parent=6733"}],"wp:term":[{"taxonomy":"category","embeddable":true,"href":"https:\/\/congolobilelo.com\/IN\/wp-json\/wp\/v2\/categories?post=6733"},{"taxonomy":"post_tag","embeddable":true,"href":"https:\/\/congolobilelo.com\/IN\/wp-json\/wp\/v2\/tags?post=6733"}],"curies":[{"name":"wp","href":"https:\/\/api.w.org\/{rel}","templated":true}]}}