{"id":6726,"date":"2014-06-23T15:32:25","date_gmt":"2014-06-23T15:32:25","guid":{"rendered":"http:\/\/www.ingeta.com\/?p=6726"},"modified":"2014-06-23T15:32:25","modified_gmt":"2014-06-23T15:32:25","slug":"le-congo-le-socialisme-du-21eme-siecle-et-la-necessite-dun-lobbying-populaire","status":"publish","type":"post","link":"https:\/\/congolobilelo.com\/IN\/le-congo-le-socialisme-du-21eme-siecle-et-la-necessite-dun-lobbying-populaire\/","title":{"rendered":"Le Congo, le socialisme du 21\u00e8me si\u00e8cle et la n\u00e9cessit\u00e9 d\u2019un lobbying populaire"},"content":{"rendered":"<p>\t\t\t\tL\u2019analyste politique Jean-Pierre Mbelu rappelle, dans le contexte du processus \u00e9lectoral ayant cours en RDC, la mission de Joseph Kabila et le mode op\u00e9ratoire des acteurs majeurs de la guerre au Congo, expose les enjeux du socialisme du 21\u00e8me si\u00e8cle. Et explique pourquoi il est important qu\u2019il y ait un mariage de c\u0153ur et de raison entre toutes les forces du changement et les masses populaires.<\/p>\n<p><iframe loading=\"lazy\" src=\"\/\/www.youtube.com\/embed\/6VVRAdsdtv0\" width=\"560\" height=\"315\" frameborder=\"0\" allowfullscreen=\"allowfullscreen\"><\/iframe><\/p>\n<p><strong>Sur Malu Malu et le processus \u00e9lectoral en RDC<\/strong><\/p>\n<blockquote><p>Il ne faut pas tomber dans l\u2019amn\u00e9sie. L\u2019amn\u00e9sie consisterait \u00e0 faire comme si l\u2019abb\u00e9 Malu Malu n\u2019avait jamais \u00e9t\u00e9 impliqu\u00e9 dans un processus \u00e9lectoral en RDC. Or, c\u2019est ce m\u00eame Malu Malu qui \u00e9tait aux commandes de la commission \u00e9lectorale en 2006 quand il y a eu tricherie et que Bemba avait dit qu\u2019il avait accept\u00e9 l\u2019inacceptable.<br \/>\nLes fameux acteurs politiques congolais qui tiennent au processus \u00e9lectoral d\u00e9mocratique et apais\u00e9 en RDC font comme si ils avaient d\u00e9j\u00e0 oubli\u00e9 ce que Malu Malu a fait en 2006.<br \/>\nUn processus \u00e9lectoral dans les conditions actuelles, avec Apollinaire Malu Malu comme responsable num\u00e9ro 1 de la commission \u00e9lectorale nationale ind\u00e9pendante, n\u2019aboutira pas \u00e0 des r\u00e9sultats qui feraient la part belle aux v\u00e9ritables \u00e9lus du peuple.<br \/>\nComment des gens qui ont des preuves que Kabila n\u2019a jamais gagn\u00e9 d\u2019\u00e9lections en RDC puissent focaliser leur attention et d\u00e9battre sur la possibilit\u00e9 de le voir se repr\u00e9senter aux \u00e9lections futures ou pas.<\/p><\/blockquote>\n<p><strong>Sur Kabila et sa mission au Congo<\/strong><\/p>\n<blockquote><p>Kabila n\u2019est pas le chef de l\u2019Etat. Il est venu au Congo avec une mission : participer le plus possible \u00e0 l\u2019extermination des congolais. Et quand les congolais sont tu\u00e9s, maltrait\u00e9s, malmen\u00e9s, quand les femmes congolaises sont viol\u00e9es et \u00e9ventr\u00e9es : cela rentre dans une partie de sa mission. Il y a dans son chef, suffisamment de m\u00e9pris \u00e0 l\u2019endroit des congolais.<br \/>\nNous ne devrions pas oublier que ce qui se passe dans une partie de notre pays, comme le banditisme organis\u00e9 \u00e0 Kinshasa et ailleurs, fait partie de la guerre de basse intensit\u00e9 men\u00e9e contre le Congo. On ne doit pas s\u00e9parer ces actes, bien qu\u2019ils apparaissent isol\u00e9s, de la trame g\u00e9n\u00e9rale de la guerre qui est men\u00e9e contre le Congo.<\/p><\/blockquote>\n<p><strong>Sur le mode op\u00e9ratoire des acteurs majeurs de la guerre au Congo<\/strong><\/p>\n<blockquote><p>Quand vous examinez les guerres men\u00e9es par les acteurs majeurs de cette guerre l\u00e0 dans d\u2019autres pays du monde, comme l\u2019Irak par exemple, vous vous rendez compte qu\u2019ils sont capables d\u2019organiser une guerre pendant plusieurs ann\u00e9es. C\u2019est par exemple depuis les ann\u00e9es 1940 qu\u2019ils ont organis\u00e9 la chute de l\u2019URSS. Or cette chute a eu lieu durant les ann\u00e9es 1990. Ils travaillent une question pendant longtemps et tant qu\u2019ils n\u2019ont pas atteint leurs buts, ils pers\u00e9v\u00e8rent. Malheureusement, nous dans notre majorit\u00e9, nous n\u2019avons pas cette capacit\u00e9 \u00e0 rester concentr\u00e9s sur ceux qui nous livrent r\u00e9ellement la guerre. Tant ils sont per\u00e7us comme ennemis r\u00e9els, tant\u00f4t nous pensons qu\u2019ils sont devenus des partenaires et qu\u2019ils peuvent nous aider. Alors qu\u2019eux, quand ils ont une cible \u00e0 atteindre, ils y travaillent pendant des ann\u00e9es et des ann\u00e9es.<\/p><\/blockquote>\n<p><strong>Sur les massacres et les commissions d\u2019enqu\u00eate qui s\u2019en suivent<\/strong><\/p>\n<blockquote><p>Combien de commissions ont d\u00e9j\u00e0 \u00e9t\u00e9 mises sur pied dans ce pays sans que les conclusions auxquelles ces commissions ont abouti puissent \u00eatre prises en compte par le pouvoir fant\u00f4che de Kinshasa. Il y a tous ces rapports des experts de l\u2019ONU dont les conclusions ont \u00e9t\u00e9 claires. Mais qu\u2019en a-t-on tir\u00e9 comme le\u00e7on ? Absolument rien. Ce n\u2019est pas en mettant une \u00e9ni\u00e8me commission d\u2019enqu\u00eate que demain, nous aurons des r\u00e9sultats escompt\u00e9s, c&#8217;est-\u00e0-dire, traduire en justice les auteurs de massacres. Pourquoi ? Parce que les massacres font partie de la mission du gouvernement fant\u00f4che de Kinshasa.<br \/>\nC\u2019est quand nous congolais, nous n\u2019arrivons pas \u00e0 comprendre cela que nous essayons de croire qu\u2019un jour, les m\u00eames qui sont impliqu\u00e9s dans la mission d\u2019extermination des congolais vont monter des commissions et mener des enqu\u00eates qui aident les congolais \u00e0 respirer. Non. Ce sont des illusions dont nous devons nous repartir.<\/p><\/blockquote>\n<p><strong>Sur la n\u00e9cessit\u00e9 d\u2019un lobbying populaire<\/strong><\/p>\n<blockquote><p>Pourquoi la g\u00e9n\u00e9ration des Lumumba, Nkrumah, Sekou Tour\u00e9, Nasser, etc. a fait peur aux imp\u00e9rialistes ? Pourquoi cette g\u00e9n\u00e9ration l\u00e0 a \u00e9t\u00e9 facilement assimil\u00e9e aux communistes et cela de mani\u00e8re p\u00e9jorative ?<br \/>\nC\u2019est parce que ces messieurs l\u00e0 nourris aux id\u00e9es marxistes l\u00e9ninistes pouvaient \u00e0 tout moment s\u2019inspirer de la r\u00e9volution d\u2019octobre 1917. En octobre 1917, il y a eu le renversement d\u2019un tsar russe par les ouvriers et les paysans coalis\u00e9s. Cette coalition a fait peur aux partisans du pouvoir bourgeois.<br \/>\nAinsi le pouvoir bourgeois qui organise l\u2019id\u00e9ologie capitaliste a toujours eu peur que naissent les coalitions de ce genre l\u00e0 et que le pouvoir bourgeois puisse \u00eatre renvers\u00e9.<br \/>\nLe pouvoir bourgeois ne peut-\u00eatre repr\u00e9sent\u00e9 que par un gouvernement repr\u00e9sentatif comme il est r\u00e9guli\u00e8rement repr\u00e9sent\u00e9 par la d\u00e9mocratie bourgeoise, qui est une d\u00e9mocratie domin\u00e9e par une \u00e9lite qui poss\u00e8de les sous et une d\u00e9mocratie qui exclut les masses.<br \/>\nDonc, parce qu\u2019il y a eu une tentative de renversement du pouvoir bourgeois par une coalition de paysans et d\u2019ouvriers, chaque fois que quelqu\u2019un qui se l\u00e8ve, comme Lumumba, et dit : \u00ab Voici la voie que je propose, il faudrait qu\u2019il y ait des grands mouvements populaires et des partis unifi\u00e9s \u00bb, les gens tremblent dans leurs culottes. Les partis politiques tels qu\u2019ils fonctionnent maintenant dans nos pays ne sont pas s\u00e9rieusement adapt\u00e9s \u00e0 nos conditions.<br \/>\nImaginons que demain il y ait un lobbying populaire qui permette \u00e0 nos paysans (le Congo est majoritairement paysan) et \u00e0 nos ch\u00f4meurs de comprendre que s\u2019ils coalisent, ils peuvent renverser les partisans du statu quo qui font souvent office de politiciens en RDC, ces gens l\u00e0 font faire pipi dans leurs culottes.<br \/>\nC\u2019est cela qui fait peur quand on fait allusion \u00e0 la pens\u00e9e de Lumumba.<br \/>\nEst-il possible d\u2019organiser un lobbying populaire qui unifie nos diff\u00e9rents mouvements de fa\u00e7on que nos populations soient des parties prenantes de l\u2019organisation de la soci\u00e9t\u00e9, de la gestion de la cit\u00e9 et qu\u2019elles aient des lieux o\u00f9 elles cr\u00e9ent, \u00e0 la fois des moyens culturels, politiques, sociaux et \u00e9conomiques qui leur permettent de devenir des acteurs \u00e0 partir enti\u00e8re de la gestion de la soci\u00e9t\u00e9 congolaise ? Est-ce aussi compliqu\u00e9 que cela ?<\/p><\/blockquote>\n<p><strong>Sur le socialisme du 21\u00e8me si\u00e8cle et le Congo<\/strong><\/p>\n<blockquote><p>Pourquoi la pens\u00e9e de Lumumba fait-elle peur? Parce que la petite bourgeoisie comprador qui op\u00e8re \u00e0 partir du pays ou au niveau transnational veut conserver sa part de g\u00e2teau et ne pas y impliquer les masses populaires.<br \/>\nQuand vous avez un monsieur de la trempe d\u2019Hugo Chavez qui a r\u00e9ussi \u00e0 redonner aux masses populaires leur place dans la gestion du pays, vous voyez ce que le Venezuela est en train de devenir. Le Venezuela comme la Bolivie et d\u2019autres pays de l\u2019Am\u00e9rique Latine, sont en train d\u2019aller vers la d\u00e9mocratie communale. C&#8217;est-\u00e0-dire la gestion collective de la commune par ceux qui l\u2019habitent. Voil\u00e0 vers quoi on devrait tendre dans des pays comme le Congo.<br \/>\nLumumba estime qu\u2019au sein des grands mouvements populaires et des partis unifi\u00e9s, il y a lieu d\u2019ouvrir un espace de d\u00e9bats et de dialogues<br \/>\nQuand on parle du socialisme du 21\u00e8me si\u00e8cle, \u00e0 quoi fait-on allusion ? On fait simplement allusion au fait qu\u2019on donne \u00e0 la gestion du pays une autre matrice organisationnelle, un autre fondement. Au lieu de reposer sur la concurrence et la comp\u00e9titivit\u00e9, on fonde la matrice organisationnelle sur la solidarit\u00e9, et la coop\u00e9ration. Mais cela, on l\u2019avait en Afrique.<br \/>\nLa question n\u2019est pas de celui d\u2019avoir un mod\u00e8le original, mais de savoir ce que nous donnons comme base \u00e0 ce mod\u00e8le original, comment pouvons-nous faire pour que nos paysans et nos ch\u00f4meurs participent elles aussi \u00e0 la gestion de la chose publique ?<\/p><\/blockquote>\n<p><strong>Sur les intellectuels critiques et les politiciens<\/strong><\/p>\n<blockquote><p>L\u2019\u00e9lite congolaise ne se tait pas. Il y a un probl\u00e8me de confiscation des lieux d\u2019expression populaire. Les m\u00e9dias sont musel\u00e9s, et cette \u00e9lite n\u2019a pas de lieux d\u2019expression appropri\u00e9s. Dans son livre \u00ab deux heures de lucidit\u00e9 \u00bb, Noam Chomsky explique que les proph\u00e8tes \u00e9taient des intellectuels critiques qui essayaient de mettre des jugements moraux sur la soci\u00e9t\u00e9 de leur temps. Et ces proph\u00e8tes \u00e9taient exclus et envoy\u00e9s dans le d\u00e9sert. C\u2019est longtemps apr\u00e8s que leurs m\u00e9rites furent reconnus. Dans des pays o\u00f9 les intellectuels critiques sont mal vus et exclus, ce sont beaucoup plus les intellectuels mangeurs et thurif\u00e9raires qui ont acc\u00e8s \u00e0 tous les moyens.<br \/>\nOn ne tue pas les id\u00e9es, mais si vous laissez suffisamment d\u2019espace aux intellectuels qui ont des id\u00e9es r\u00e9volutionnaires, la d\u00e9mocratie bourgeoise risque d\u2019\u00eatre mise \u00e0 mal. Voil\u00e0 pourquoi les acteurs majeurs de la guerre au Congo essaient de tout organiser pour que les n\u00e9griers des temps modernes qui sont chez nous, traquent, tuent les intellectuels critiques. Et cela ne se limite pas au Congo. M\u00eame dans les pays dits d\u00e9mocratiques, ce sont les grandes entreprises qui g\u00e8rent les m\u00e9dias et essaient de lobotomiser les masses.<br \/>\nLes intellectuels qui arrivent \u00e0 poser des questions fondamentales ont toujours \u00e9t\u00e9 mal vus, surtout dans les soci\u00e9t\u00e9s modernes. Tout est fait pour qu\u2019ils ne puissent pas avoir acc\u00e8s non seulement aux livres mais surtout pas aux masses populaires.<br \/>\nTous les politiciens ne peuvent pas \u00eatre assimil\u00e9s aux intellectuels critiques. Vous avez des gens qui sont dans une instabilit\u00e9 terrible. Aujourd\u2019hui ils militent dans ce qu\u2019on appelle opposition. Demain, ils changent de camp. Ils vont l\u00e0 o\u00f9 ils peuvent trouver \u00e0 manger et \u00e0 boire. Il y a beaucoup de ceux qui pr\u00e9tendent \u00eatre intellectuels qui font la politique du ventre. Aux plus \u00e9veill\u00e9s d\u2019entre nous de faire la distinction entre les intellectuels critiques et les intellectuels mangeurs. Mais aujourd\u2019hui, nous ne pouvons pas affirmer que nous n\u2019avons pas d\u2019\u00e9lites comp\u00e9tences en RDC, m\u00eame si ils sont minoritaires.<\/p><\/blockquote>\n<p><strong>Sur le mariage de c\u0153ur et de raison entre les forces du changement et les masses populaires<\/strong><br \/>\nLes gens qui luttent doivent, \u00e0 un moment ou \u00e0 un autre, s\u2019attendre \u00e0 subir la loi de ceux qui voudraient \u00e0 tout prix conserver le pouvoir fantoche au Congo. Il y a une personnalisation du pouvoir et une idol\u00e2trie du \u00ab Chef de l\u2019Etat \u00bb. Ce n\u2019est pas demain que l\u2019on en sortira. Mais le Congo a besoin de ces filles et de ces fils qui au nom de leurs convictions, parlent et font face aux arrestations arbitraires. Tant que le Congo demeure une jungle dans laquelle les \u00e9lites compradores se redistribuent les cartes, ces derniers s\u2019efforceront de lutter contre toutes les forces du changement. C\u2019est aux forces du changement de pouvoir comprendre, que plus elles se mettront ensemble pour organiser des grands mouvements populaires et unificateurs autour de d\u00e9fis pr\u00e9cis, elles seront marginalis\u00e9es, arr\u00eat\u00e9es sans que les populations aillent dans la rue pour r\u00e9clamer leurs lib\u00e9rations. Il faut qu\u2019il y ait des plus en plus un mariage de c\u0153ur et de raison entre toutes les forces du changement et les masses populaires. Quand ce mariage sera scell\u00e9 sur trois, quatre, dix ans, il y aura renversement des rapports de force en RDC.<br \/>\nVoil\u00e0 pourquoi il est n\u00e9cessaire de cr\u00e9er un lobbying populaire qui aille vraiment dans le sens de la cr\u00e9ation de grandes synergies pour pouvoir changer les rapports de force.\t\t<\/p>\n","protected":false},"excerpt":{"rendered":"<p>L\u2019analyste politique Jean-Pierre Mbelu rappelle, dans le contexte du processus \u00e9lectoral ayant cours en RDC, la mission de Joseph Kabila et le mode op\u00e9ratoire des acteurs majeurs de la guerre au Congo, expose les enjeux du socialisme du 21\u00e8me si\u00e8cle. Et explique pourquoi il est important qu\u2019il y ait un mariage de c\u0153ur et de [&hellip;]<\/p>\n","protected":false},"author":1,"featured_media":6727,"comment_status":"open","ping_status":"open","sticky":false,"template":"","format":"standard","meta":{"_acf_changed":false,"content-type":"","footnotes":""},"categories":[107,124],"tags":[],"class_list":["post-6726","post","type-post","status-publish","format-standard","has-post-thumbnail","hentry","category-analyses-commentaires","category-politique-societe"],"acf":[],"_links":{"self":[{"href":"https:\/\/congolobilelo.com\/IN\/wp-json\/wp\/v2\/posts\/6726","targetHints":{"allow":["GET"]}}],"collection":[{"href":"https:\/\/congolobilelo.com\/IN\/wp-json\/wp\/v2\/posts"}],"about":[{"href":"https:\/\/congolobilelo.com\/IN\/wp-json\/wp\/v2\/types\/post"}],"author":[{"embeddable":true,"href":"https:\/\/congolobilelo.com\/IN\/wp-json\/wp\/v2\/users\/1"}],"replies":[{"embeddable":true,"href":"https:\/\/congolobilelo.com\/IN\/wp-json\/wp\/v2\/comments?post=6726"}],"version-history":[{"count":0,"href":"https:\/\/congolobilelo.com\/IN\/wp-json\/wp\/v2\/posts\/6726\/revisions"}],"wp:featuredmedia":[{"embeddable":true,"href":"https:\/\/congolobilelo.com\/IN\/wp-json\/"}],"wp:attachment":[{"href":"https:\/\/congolobilelo.com\/IN\/wp-json\/wp\/v2\/media?parent=6726"}],"wp:term":[{"taxonomy":"category","embeddable":true,"href":"https:\/\/congolobilelo.com\/IN\/wp-json\/wp\/v2\/categories?post=6726"},{"taxonomy":"post_tag","embeddable":true,"href":"https:\/\/congolobilelo.com\/IN\/wp-json\/wp\/v2\/tags?post=6726"}],"curies":[{"name":"wp","href":"https:\/\/api.w.org\/{rel}","templated":true}]}}