{"id":6706,"date":"2014-06-14T21:19:45","date_gmt":"2014-06-14T21:19:45","guid":{"rendered":"http:\/\/www.ingeta.com\/?p=6706"},"modified":"2014-06-14T21:19:45","modified_gmt":"2014-06-14T21:19:45","slug":"communaute-congolaise-de-belgique-ce-quil-faudra-faire-avant-2018","status":"publish","type":"post","link":"https:\/\/congolobilelo.com\/IN\/communaute-congolaise-de-belgique-ce-quil-faudra-faire-avant-2018\/","title":{"rendered":"Communaut\u00e9 Congolaise de Belgique: Ce qu\u2019il faudra faire avant 2018"},"content":{"rendered":"<p>\t\t\t\tPar <a href=\"http:\/\/www.mbuze.com\/communaute-africaine-de-belgique-ce-quil-faudra-faire-avant-2018\/\" target=\"_blank\" rel=\"noopener\">Momi M&#8217;Buze<\/a><\/p>\n<p><strong>Lentement mais surement les langues se d\u00e9lient, les avis se rejoignent et les &#8220;gens de maison&#8221; se cachent. Apr\u00e8s\u00a0<a href=\"http:\/\/www.mbuze.com\/elections-communaute-congolaise-de-belgique-hecatombe-annoncee\/\" target=\"_blank\" rel=\"noopener\">l&#8217;h\u00e9catombe du 25 mai 2014<\/a>\u00a0qui n&#8217;a vu que 4 \u00e9lus issus de la communaut\u00e9 africaine \u00eatre pl\u00e9biscit\u00e9es sur les 34 pr\u00e9tendants, il y a de quoi se dire &#8220;il y avait beaucoup d&#8217;appel\u00e9s mais peu d&#8217;\u00e9lus&#8221;, voir pire, mais je ne m&#8217;\u00e9tendrai pas l\u00e0 dessus. Il semblerait que la susceptibilit\u00e9 soit une religion. Bref, passons.<\/strong><\/p>\n<p>Le plus \u00e9vident, il en ressort de mes \u00e9changes avec diff\u00e9rents candidats re\u00e7us dans le cadre des soir\u00e9es d\u00e9bats <a href=\"https:\/\/www.facebook.com\/events\/352111988260375\/?fref=ts\" target=\"_blank\" rel=\"noopener\">MASOLO<\/a> et de la soir\u00e9e de d\u00e9briefing des r\u00e9sultats, qu\u2019une bonne partie de la campagne a \u00e9t\u00e9 comparable \u00e0 une dispute de bac \u00e0 sable d\u2019une cour de maternelle. Plusieurs candidats ax\u00e8rent leur campagne sur la diffamation de leurs adversaires, des consignes de vote appelant \u00e0 ne pas voter pour x ou y au point d\u2019oublier qu\u2019ils sont tous dans le m\u00eame panier (aux crabes) et que le seul vainqueur de ces disputes infantiles et minables sera le parti et ses candidats autochtones. Et c\u2019est ce qui a \u00e9t\u00e9 le cas\u2026<\/p>\n<h3>Ces erreurs \u00e0 ne plus reproduire<\/h3>\n<p>C\u2019est dans ce cadre que je pense que des initiatives comme MASOLO mais aussi d\u2019autres, initi\u00e9es dans la communaut\u00e9, devront mettre l\u2019accent sur les confrontations d\u2019id\u00e9es avec comme t\u00e9moin le public dans la salle et via les r\u00e9seaux sociaux pour interpeller les challengers et poser des questions.<\/p>\n<p>M\u00eame ceux qui se sont pr\u00e9sent\u00e9s en groupe d\u2019un m\u00eame parti n\u2019ont pas \u00e9t\u00e9 forc\u00e9ment brillant dans leur strat\u00e9gie. A mon sens, il aurait fallu s\u2019entendre sur la n\u00e9cessit\u00e9 des uns et des autres de participer ou pas. Mais, j\u2019en suis convaincu, plusieurs avaient comme seul et unique int\u00e9r\u00eat pour ne pas dire ordre implicite) de rapporter des voix \u00e0 leur parti. Je parle surtout de ceux qui n\u2019en \u00e9taient pas \u00e0 leur premi\u00e8re tentative \u00e9lectorale mais qui ne sont jamais \u00e9lus. Ceux qui se sont pr\u00e9sent\u00e9s la premi\u00e8re fois encore, on peut comprendre et passer dessus sans s\u2019\u00e9tendre en longueur.<\/p>\n<p>Une autre erreur \u00e0 ne plus commettre est celle de vouloir continuellement donner libre acc\u00e8s aux autres dans notre communaut\u00e9 tandis qu\u2019eux ne donnent quasi aucun acc\u00e8s aux n\u00f4tres dans leurs communaut\u00e9s et r\u00e9seaux. C\u2019est ainsi, que j\u2019ai eu dans le cadre du choix des candidats refuser ceux qui n\u2019\u00e9taient pas d\u2019origine congolaise et contrairement \u00e0 ce qui a \u00e9t\u00e9 avanc\u00e9 par la charg\u00e9e de communication de l\u2019asbl Change, nous n\u2019avons jamais accueillit Laurent Louis (parti Debout Les Belges) comme candidat aux \u00e9lections. Point!<\/p>\n<p>Il est apparu clairement dans mes \u00e9changes que la communaut\u00e9 congolaise, votent souvent pour des candidats d\u2019autres communaut\u00e9s: des africains, des turques, des marocains sans oubli\u00e9s les autochtones belges. Mais qu\u2019en retour, les autres communaut\u00e9s ne votent quasiment jamais pour les candidats d\u2019origine congolaise. J\u2019ai recueilli ce t\u00e9moignage d\u2019un fr\u00e8re qui \u00e9tait aussi candidat et qui fit au niveau de son parti un d\u00e9briefing des r\u00e9sultats:le constat \u00e9tait clair et sans appel.<\/p>\n<h3>Que faire en mieux pour 2018<\/h3>\n<p><strong>PRIMO:<\/strong> organiser une synergie des leaders d\u2019opinion de la communaut\u00e9 africaine pour fixer une feuille de route d\u2019actions cibl\u00e9es vis \u00e0 vis des ex-candidats malheureux (et sans doute potentiels candidats pour 2018) mais aussi les quatre qui ont \u00e9t\u00e9 \u00e9lus. C\u2019est-\u00e0-dire garder un contact dans la dur\u00e9e en les interpellant r\u00e9guli\u00e8rement dans l\u2019ann\u00e9e ou une fois par an pour faire le point entre leurs promesses de campagne et les r\u00e9alisations ou avanc\u00e9es en terme de lois, interpellations aux parlements.<\/p>\n<p>Cette structure peut importe son nom se devra d\u2019\u00eatre l\u00e9gitime avant tout pour elle m\u00eame, par elle m\u00eame et ne fonctionner qu\u2019avec les siens c\u2019est-\u00e0-dire les personnes qui auront pris part d\u00e8s le premier jour \u00e0 l\u2019initiative de sa mise en action. Comme je l\u2019ai toujours dit, nous n\u2019avons aucune l\u00e9gitimation \u00e0 attendre du pouvoir politique belge, si il approuve tans mieux car \u00e7\u00e0 contribue au bien d\u2019une de ses communaut\u00e9s, si elle n\u2019approuve pas tans pis on se passera de leur cooptation avec plaisir. D\u2019ailleurs vaut mieux faire sans qu\u2019avec\u2026 Question d\u2019agenda.<\/p>\n<p><strong>SECUNDO:<\/strong> Faire un suivi r\u00e9gulier et actif des candidats \u00e9lus mais aussi les non \u00e9lus. Car il ne s\u2019agit pas de ne s\u2019int\u00e9resser qu\u2019\u00e0 ceux qui ont r\u00e9ussi mais de tous! Et parmi ceux qui n\u2019ont pas \u00e9t\u00e9 \u00e9lus, il y a des personnes de grande valeur qui auraient du avoir une place au sein des diff\u00e9rents parlements (r\u00e9gional, f\u00e9d\u00e9ral et europ\u00e9en) pour le bien de la communaut\u00e9 en terme d\u2019image, de prestige mais aussi de plaidoyer sur des dossiers locaux comme internationaux.<\/p>\n<p>Ce suivi va demander l\u2019utilisation d\u2019outils efficaces comme UJUMBOX cr\u00e9e par une africaine. Ce dernier sera des plus pertinents afin de faire un suivi actif de chaque candidat ou \u00e9lu. Je vous invite \u00e0 visiter ce lien pour vous faire une id\u00e9e et le cas \u00e9ch\u00e9ant de poser des questions \u00e0 sa conceptrice.<\/p>\n<p>Ce suivi demandera aussi l\u2019implication active des m\u00e9dias de la communaut\u00e9, ces derniers devront \u00e0 chaque \u00e9v\u00e9nement ou fait touchant de pr\u00e8s ou de loin la communaut\u00e9 de donner la parole \u00e0 nos \u00e9lus et non \u00e9lus afin qu\u2019ils s\u2019expriment sur ces sujets. Cessons de ne donner de l\u2019int\u00e9r\u00eat \u00e0 nos fr\u00e8res et soeurs politiciens que lorsqu\u2019il s\u2019agit de la situation \u00e0 8000km d\u2019ici et pendant les \u00e9lections en Belgique. C\u2019est irresponsable et \u00e7\u00e0 porte atteinte \u00e0 la communaut\u00e9. Car un m\u00e9dia communautaire qui ne met pas en avant ses leaders d\u2019opinions, ses acteurs socia-culturels et autres entrepreneurs, contribue \u00e0 l\u2019entretien d\u2019une image minable de la communaut\u00e9 qui ne serait fait que d\u2019ambianceurs, de pol\u00e9mistes et de futurs candidats \u00e0 la pr\u00e9sidence au Congo\u2026 Arr\u00eatons \u00e7\u00e0!<\/p>\n<p><strong>TERTIO:<\/strong> Il faudrait aussi, selon moi, organiser des caucus dans la communaut\u00e9 africaine. Le but n\u2019est pas de dire qui devra \u00eatre candidat ou pas mais bel et bien d\u2019envoyer un message \u00e0 la classe politique autochtone pour leur faire savoir que nous sommes concern\u00e9s par la qualit\u00e9 des candidats que leurs partis compteront aligner et que nous avons nos propres pr\u00e9f\u00e9rences. Durant ces caucus qui devraient \u00eatre organis\u00e9s par famille politique (comme lors des soir\u00e9es d\u00e9bat Masolo), nous mettrons en \u00e9vidence d\u2019abord ceux qui auront \u00e9t\u00e9 suivi entre 2014 et 2018 par la communaut\u00e9 et sa \u00ab Synergie \u00bb.<\/p>\n<p>Ce caucus permettra de confronter les r\u00e9alisations des uns et des autres, de mesurer les initiatives des uns et des autres et clairement voir qui en a fait assez ou pas pour les siens et la soci\u00e9t\u00e9 civile belge tout simplement. Car un \u00e9lu ou un candidat issu de notre communaut\u00e9 ne devra pas seulement \u00eatre actif pour nous de mani\u00e8re exclusive. Il ou elle devra d\u2019abord d\u00e9montrer sa capacit\u00e9 \u00e0 agir pour la collectivit\u00e9 et dans quelle mesure elle sait se rendre utile pour elle.<\/p>\n<p>Ensuite pourquoi pas un Caucus sp\u00e9cial qui permettrait de voir s\u2019affronter des politiciens mettant sur le table leurs actions et en les opposant \u00e0 ceux du challenger. Bien s\u00fbr, le but ne sera pas de susciter de l\u2019agressivit\u00e9 mais bel et bien de faire s\u2019entrechoquer les id\u00e9es et r\u00e9alisations afin que bien avant les votes le peuple puisse savoir vers qui se penchera probablement son vote, en sachant qu\u2019une fois que d\u00e9butera la campagne chaque candidat devra s\u00e9duire l\u2019\u00e9lectorat. Je prendrai pour exemple les Battles Freestyle dans la sph\u00e8re HipHop o\u00f9 malgr\u00e9 l\u2019apparente agressivit\u00e9 des MC, le respect est et reste un \u00e9l\u00e9ment centrale une fois la Battle termin\u00e9e.<\/p>\n<h3>Le vote sanction<\/h3>\n<p>Bien \u00e9videment, le vote sanction restera valable face \u00e0 des personnes qui n\u2019auront pas fait grand chose pour la communaut\u00e9 ou la collectivit\u00e9. Le vote sanction est aussi une forme de libert\u00e9 d\u2019expression prot\u00e9g\u00e9e par les lois. Ceux qui les d\u00e9crient comme mal plac\u00e9e ou malvenue feraient mieux de:<\/p>\n<p>&#8211; revoir leur copie de ce qu\u2019on appelle la libert\u00e9 d\u2019expression. Car quand on se dit \u00ab d\u00e9mocrate \u00bb et donneur de le\u00e7on en terme de d\u00e9mocratie, on n\u2019a pas le droit de la ramener et remettre en question le droit des peuples \u00e0 exprimer leurs sentiments par un vote.<\/p>\n<p>&#8211; faire une auto critique de leur position au sein de leurs partis respectifs contre lesquels le peuple aurait des griefs s\u00e9rieux en rapport avec un fait int\u00e9rieur ou ext\u00e9rieur (en Afrique).<\/p>\n<p>On ne peut pas interdire \u00e0 des personnes n\u00e9es libres de ne pas tenir compte de leurs sentiments lors du vote sauf si c\u2019est pour tenter d\u2019att\u00e9nuer les saloperies verbales et comportementales de certains t\u00e9nors de partis (dont je ne citerai ni les noms ni les sigles mais une recherche sur google pourrait vous \u00e9clairer) dans la situation politique qu\u2019a travers\u00e9 un pays comme le Congo-Kinshasa en D\u00e9cembre 2011 et avant. La communaut\u00e9 n\u2019a de le\u00e7on \u00e0 recevoir de personne, ni m\u00eame des siens au sein des partis. Qu\u2019on se le dise, une fois pour tout, nous ne sommes pas la g\u00e9n\u00e9ration pr\u00e9c\u00e9dente\u2026<\/p>\n<h3>Conclusion<\/h3>\n<p>Je terminerai par une r\u00e9flexion publi\u00e9e sur ma\u00a0<a href=\"https:\/\/www.facebook.com\/pages\/Mbuze-Noogwani-Ataye-Mieko-Momi\/153904888024553?ref=hl&amp;ref_type=bookmark\" target=\"_blank\" rel=\"noopener\">page Facebook<\/a>\u00a0o\u00f9 je disais:<\/p>\n<p><em>\u00abLe <a href=\"http:\/\/www.crif.org\/\" target=\"_blank\" rel=\"noopener\">\u202aCRIF<\/a> est une organisation COMMUNAUTAIRE et COMMUNAUTARISTE qui a aussi pour but de peser sur la politique de France et ses \u00e9lus et d\u00e9cideurs et elle est tol\u00e9r\u00e9e. Mais lorsque des africains empruntent la m\u00eame voie, on cri vite au repli communautaire, avec des africains en premi\u00e8re ligne (les gens de maison).<\/p>\n<p>Vous tol\u00e9rez le communautarisme des autres et vous combattez celui des v\u00f4tres en pr\u00e9f\u00e9rant le diktat de vos partis que celui de vos fr\u00e8res qui veulent avant tout un meilleur positionnement des leurs et de leurs attentes dans les programmes des partis.<\/p>\n<p>Mais en m\u00eame temps vous esp\u00e9rez des voix de la part des v\u00f4tres aux \u00e9lections\u2026<\/p>\n<p>Avant les \u00e9lections belges de 2018, la communaut\u00e9 africaine de Belgique aura son \u00abCRIF\u00bb, peu importe la taille de son porte-feuille, peu importe l\u2019approbation du monde politique belge et ses \u00ab gens de maison \u00bb. Elle fonctionnera avec son propre agenda et mettra en avant les candidats originaire d\u2019Afrique Noire qui seront jug\u00e9s cr\u00e9dibles et valables pour 2018! Pour influer sur un syst\u00e8me il faut \u00eatre audacieux, imaginatif et autonome\u2026 \u00bb<\/em><br \/>\n<\/br>\t\t<\/p>\n","protected":false},"excerpt":{"rendered":"<p>Par Momi M&#8217;Buze Lentement mais surement les langues se d\u00e9lient, les avis se rejoignent et les &#8220;gens de maison&#8221; se cachent. Apr\u00e8s\u00a0l&#8217;h\u00e9catombe du 25 mai 2014\u00a0qui n&#8217;a vu que 4 \u00e9lus issus de la communaut\u00e9 africaine \u00eatre pl\u00e9biscit\u00e9es sur les 34 pr\u00e9tendants, il y a de quoi se dire &#8220;il y avait beaucoup d&#8217;appel\u00e9s mais [&hellip;]<\/p>\n","protected":false},"author":1,"featured_media":6707,"comment_status":"open","ping_status":"open","sticky":false,"template":"","format":"standard","meta":{"_acf_changed":false,"content-type":"","footnotes":""},"categories":[167,123,124],"tags":[],"class_list":["post-6706","post","type-post","status-publish","format-standard","has-post-thumbnail","hentry","category-belgique","category-paroles-dingeta","category-politique-societe"],"acf":[],"_links":{"self":[{"href":"https:\/\/congolobilelo.com\/IN\/wp-json\/wp\/v2\/posts\/6706","targetHints":{"allow":["GET"]}}],"collection":[{"href":"https:\/\/congolobilelo.com\/IN\/wp-json\/wp\/v2\/posts"}],"about":[{"href":"https:\/\/congolobilelo.com\/IN\/wp-json\/wp\/v2\/types\/post"}],"author":[{"embeddable":true,"href":"https:\/\/congolobilelo.com\/IN\/wp-json\/wp\/v2\/users\/1"}],"replies":[{"embeddable":true,"href":"https:\/\/congolobilelo.com\/IN\/wp-json\/wp\/v2\/comments?post=6706"}],"version-history":[{"count":0,"href":"https:\/\/congolobilelo.com\/IN\/wp-json\/wp\/v2\/posts\/6706\/revisions"}],"wp:featuredmedia":[{"embeddable":true,"href":"https:\/\/congolobilelo.com\/IN\/wp-json\/"}],"wp:attachment":[{"href":"https:\/\/congolobilelo.com\/IN\/wp-json\/wp\/v2\/media?parent=6706"}],"wp:term":[{"taxonomy":"category","embeddable":true,"href":"https:\/\/congolobilelo.com\/IN\/wp-json\/wp\/v2\/categories?post=6706"},{"taxonomy":"post_tag","embeddable":true,"href":"https:\/\/congolobilelo.com\/IN\/wp-json\/wp\/v2\/tags?post=6706"}],"curies":[{"name":"wp","href":"https:\/\/api.w.org\/{rel}","templated":true}]}}