{"id":6701,"date":"2014-06-09T14:14:04","date_gmt":"2014-06-09T14:14:04","guid":{"rendered":"http:\/\/www.ingeta.com\/?p=6701"},"modified":"2014-06-09T14:14:04","modified_gmt":"2014-06-09T14:14:04","slug":"la-communaute-occidentale-la-kabilie-et-les-congolais","status":"publish","type":"post","link":"https:\/\/congolobilelo.com\/IN\/la-communaute-occidentale-la-kabilie-et-les-congolais\/","title":{"rendered":"La communaut\u00e9 occidentale, la Kabilie et les congolais : Entre mensonges, ridicule &#038; politique de l\u2019autruche"},"content":{"rendered":"<p>\t\t\t\tL\u2019analyste politique Jean-Pierre Mbelu d\u00e9crypte la mise en sc\u00e8ne entre Kabila et les diplomates occidentaux, alerte sur les dangers de l\u2019amn\u00e9sie de congolais notamment au regard de la relation historique du Congo avec ces derniers, montre  comment la communaut\u00e9 occidentale cr\u00e9e la d\u00e9pendance pour pouvoir justifier l\u2019imposition de ses principes et de ses normes et explique pourquoi la guerre de basse intensit\u00e9 impos\u00e9 par les \u00e9lites dominantes occidentales se poursuit par le biais de la doctrine de bonnes intentions de Russ Feingold et des am\u00e9ricains.  <\/p>\n<p><iframe loading=\"lazy\" width=\"560\" height=\"315\" src=\"\/\/www.youtube.com\/embed\/jJ1FI4t50Is\" frameborder=\"0\" allowfullscreen><\/iframe><\/p>\n<p><strong>Sur le diff\u00e9rend entre Kabila et les diplomates occidentaux<\/strong><\/p>\n<blockquote><p>Il s\u2019agit d\u2019une mise en sc\u00e8ne de mauvais go\u00fbt. Kabila est le produit de la fameuse communaut\u00e9 occidentale que plusieurs d\u2019entre nous confondent avec la communaut\u00e9 internationale. Quand vous lisez \u00ab Faiseurs de paix \u00bb de jean-Claude Willame, vous vous rendez compte que quand Joseph Kabila pr\u00e9tend prendre le pouvoir, le Congo est d\u00e9j\u00e0 sous-tutelle. Comment peut-il s\u2019imaginer un seul instant qu\u2019il pouvait dans un pays sous-tutelle appeler des ambassadeurs pour leur faire la le\u00e7on ?<br \/>\nQuand il s\u2019attaque \u00e0 la r\u00e9sidence de Jean-Pierre Bemba, apr\u00e8s les \u00e9lections bidon de 2006. Jean-Pierre Bemba est en train d\u2019\u00e9changer avec les ambassadeurs de la fameuse communaut\u00e9 occidentale, qui \u00e0 ce moment l\u00e0, ne dit rien. Pourquoi ? Parce qu\u2019avant ces \u00e9lections bidon de 2006, il y avait une d\u00e9cision qui avait \u00e9t\u00e9 prise, par cette fameuse communaut\u00e9 occidentale. Elle avait mis beaucoup d\u2019argent sur ces \u00e9lections et devait r\u00e9cup\u00e9rer cela en essayant de faire main basse sur les ressources du sol et du sous-sol congolais. Et la personne qui pouvait mieux les aider en cela, c\u2019\u00e9tait Kabila. Le livre de Charles Onana, \u00ab Europe, crimes et censures au Congo : Les documents qui accusent \u00bb, explique tout cela tr\u00e8s bien, et montre comment Kabila est une fabrication de la communaut\u00e9 occidentale.<br \/>\nDonc, cette mise en sc\u00e8ne est cons\u00e9cutive d\u2019une autre mise en sc\u00e8ne que la fameuse communaut\u00e9 internationale est en train de jouer. C&#8217;est-\u00e0-dire, montrer que le mariage qu\u2019il avait conclu avec ce monsieur l\u00e0 est en train de conna\u00eetre son divorce, et qu\u2019il faudrait maintenant qu\u2019on ait d\u2019autres partenaires beaucoup plus engag\u00e9s pour d\u00e9fendre sa cause que monsieur Kabila.\n<\/p><\/blockquote>\n<p><strong>Sur la d\u00e9pendance de Kabila vis-\u00e0-vis de la communaut\u00e9 occidentale<\/strong><\/p>\n<blockquote><p>Dans cette mise en sc\u00e8ne, il y a des \u00e9l\u00e9ments que nous pouvons retenir. Bien que Joseph Kabila, aid\u00e9 par Lambert Mende, ait voulu faire croire \u00e0 nos populations que le Congo n\u2019\u00e9tait pas un pays sous-tutelle, ses ma\u00eetres ont confirm\u00e9 qu\u2019effectivement, ce sont eux qui dirigent le Congo. Dans un pays qui se respecte, les prises de position qu\u2019il y a eu, apr\u00e8s la rencontre entre Kabila et le corps diplomatique \u00e0 Kinshasa, ces prises de position n\u2019auraient pas pu avoir lieu. Mais parce que ces cr\u00e9ateurs voulaient \u00e0 tout prix prouver \u00e0 l\u2019opinion nationale et internationale que ce monsieur l\u00e0 d\u00e9pend d\u2019eux, ils sont revenus \u00e0 la charge. Et apr\u00e8s, Kabila n\u2019a rien dit.<br \/>\nSi le ridicule pouvait tuer, Kabila serait d\u00e9j\u00e0 mort. Mais comme les marionnettes n\u2019ont rien \u00e0 voir avec le ridicule, elles savent qu\u2019elles peuvent \u00eatre d\u00e9faites \u00e0 tout moment et donc elles se pr\u00e9parent \u00e0 assumer les coups.<br \/>\nContrairement \u00e0 ce qu\u2019il a voulu nous faire croire, Kabila sait qu\u2019il est une marionnette. <\/p><\/blockquote>\n<p><strong>Sur le danger dans l\u2019amn\u00e9sie<\/strong><\/p>\n<blockquote><p>Il ne faut cependant pas tomber dans l\u2019amn\u00e9sie. L\u2019amn\u00e9sie serait d\u2019abord d\u2019oublier l\u2019histoire de cette communaut\u00e9 occidentale avec Mobutu. Mobutu \u00e9tait \u00e0 leurs services depuis les ann\u00e9es 1960 jusqu\u2019au moment, o\u00f9 ils lui ont pr\u00e9f\u00e9r\u00e9 Kagam\u00e9 et Museveni. C\u2019est comme cela qu\u2019ils agissent.<br \/>\nCe qui se passe r\u00e9ellement est que, apr\u00e8s avoir vu les congolais se battre mains nues sur tous les fronts en essayant de d\u00e9crier le g\u00e9nocide silencieux que ce pays conna\u00eet depuis les ann\u00e9es 1990, il est possible que les cr\u00e9ateurs de Kabila puissent se dire : \u00ab Dribblons encore une fois les congolais. Nous allons faire comme si nous partagions leurs points de vue, tout en essayant de les contr\u00f4ler le plus possible. Alors, nous allons faire sauter cette soupape de s\u00e9curit\u00e9 et nous aurons \u00e0 travailler avec d\u2019autres marionnettes qui pourront de plus en plus garantir nos int\u00e9r\u00eats.\u00bb<br \/>\nIl n\u2019est pas un seul instant question de la d\u00e9mocratie, ou des \u00e9lections qui pourraient survenir dans des conditions de transparence et de libert\u00e9.<br \/>\nSi la communaut\u00e9 occidentale avait voulu aider le Congo, elle l\u2019aurait fait, entre autres, en 2011, quand les masses congolaises se sont lev\u00e9es pour soutenir Etienne Tshisekedi, mais elle ne l\u2019a pas fait. Ce sont les m\u00eames ambassadeurs qui ont conduit la communaut\u00e9 occidentale et la communaut\u00e9 nationale \u00e0 tomber dans cette histoire indescriptible quand ils ont dit : \u00abIl y a eu des tricheries, il y a eu des fraudes, mais malgr\u00e9 cela, ces fraudes n\u2019entament pas l\u2019ordre d\u2019arriv\u00e9e des candidats.\u00bb  Voil\u00e0 le sophisme auquel nous avons \u00e9t\u00e9 confin\u00e9s et qui a fait que Kabila a pu \u00eatre maintenu. <\/p><\/blockquote>\n<p><strong>Sur les rivalit\u00e9s entre les faucons et les l\u00e9galistes dans la kabilie<\/strong><\/p>\n<blockquote><p>Kabila joue le r\u00f4le d\u2019un figurant. Il n\u2019est pas au pouvoir. Comment ses faucons veulent-ils qu\u2019il reste \u00e0 un pouvoir o\u00f9 il n\u2019\u00e9tait pas?<br \/>\nQuant aux l\u00e9galistes congolais : Pourquoi n\u2019ont-ils pas \u00e9t\u00e9 l\u00e9galistes quand leur autorit\u00e9 morale a usurp\u00e9 le pouvoir en 2001?<br \/>\nAu Congo, il n\u2019y a pas un camp de l\u00e9galistes et un camp de faucons. Il y a surtout un camp unique des membres d\u2019un statu quo qui pratiquent la politique du ventre et qui sont pr\u00eats \u00e0 manger \u00e0 tous les r\u00e2teliers.<br \/>\nLa plupart de nos compatriotes s\u2019exercent \u00e0 faire de la politique, non pas en se fondant sur une id\u00e9ologie qui pourrait garantir le bien-\u00eatre collectif dans ce pays l\u00e0, non. Ils font de la politique comme un business.<br \/>\nCe sont des gens qui mentent et qui se mentent \u00e0 eux-m\u00eames. Ils se mentent d\u2019abord parce qu\u2019ils croient qu\u2019ils ont le pouvoir alors qu\u2019ils n\u2019ont rien. On leur donne des sous, oui. Mais ce n\u2019est pas parce que vous avez les sous que vous avez le pouvoir. Ils se redistribuent les miettes qui tombent des tables des multinationales qui exploitent au maximum les mati\u00e8res premi\u00e8res du Congo. <\/p><\/blockquote>\n<p><strong>Sur le sens de la souverainet\u00e9 de l\u2019Etat<\/strong><\/p>\n<blockquote><p>Amba Wetshi a amplement raison quand il affirme que l\u2019ing\u00e9rence se nourrit de la d\u00e9pendance. Mais cette affirmation est discutable. Le Congo d\u2019aujourd\u2019hui n\u2019est m\u00eame pas un Etat. Comment pourrait-il \u00eatre un pays souverain ? Ce dont nous aurons besoin demain, c\u2019est que le Congo commence par devenir un Etat. Pour le moment, c\u2019est un Etat manqu\u00e9, on ne peut parler de souverainet\u00e9 en ce qui concerne le Congo.<br \/>\nC\u2019est vrai que l\u2019ing\u00e9rence se nourrit de la d\u00e9pendance. Quand vous \u00eates faibles, culturellement, intellectuellement, \u00e9conomiquement, et que vous n\u2019arrivez pas \u00e0 vous imposer sur l\u2019\u00e9chiquier mondial, comme des partenaires cr\u00e9dibles, les autres se moquent de vous. Mais cette affirmation peut-\u00eatre discut\u00e9e. N\u2019oublions pas que, depuis plus de 100 ans que le Congo conna\u00eet la \u00ab traite \u00bb n\u00e9gri\u00e8re, la colonisation, la n\u00e9ocolonisation et le syst\u00e8me n\u00e9olib\u00e9ral. Durant toute cette p\u00e9riode la communaut\u00e9 occidentale a fabriqu\u00e9 ses n\u00e8gres de service pour pouvoir affaiblir le Congo de l\u2019int\u00e9rieur. Et elle a fait cela partout o\u00f9 elle est pass\u00e9e. Elle a une certaine proc\u00e9dure : Organiser des guerres r\u00e9currentes, organiser l\u2019affaiblissement des institutions, pour pouvoir \u00e0 un certain moment, imposer ses principes et son orientation politique. Nous devrions rompre avec l\u2019amn\u00e9sie et questionner notre histoire sur le mode op\u00e9ratoire de la fameuse communaut\u00e9 occidentale. Elle cr\u00e9e la d\u00e9pendance pour pouvoir justifier l\u2019imposition de ses principes et de ses normes. Cela d\u2019autant plus qu\u2019elle consid\u00e8re la d\u00e9mocratie et les droits de l\u2019homme comme \u00e9tant des objectifs illusoires.<br \/>\nDe la \u00ab traite n\u00e9gri\u00e8re \u00bb \u00e0 ce jour, les dignes fils et filles du Congo n\u2019ont pas encore r\u00e9cup\u00e9r\u00e9 l\u2019initiative historique pour pouvoir g\u00e9rer leur pays comme ils l\u2019entendent. C\u2019est cette lutte l\u00e0 qui est en train d\u2019\u00eatre men\u00e9e, esp\u00e9rons qu\u2019elle pourra aboutir. <\/p><\/blockquote>\n<p><strong>Sur la poursuite de la guerre de basse intensit\u00e9 au Congo <\/strong><\/p>\n<blockquote><p>Il est important que des pressions puissent \u00eatre faites de l\u2019ext\u00e9rieur sur les n\u00e8gres de service au Congo. Il y a eu un professeur congolais d\u2019universit\u00e9, Andr\u00e9 Mbata, qui a pos\u00e9 le m\u00eame probl\u00e8me que l\u2019am\u00e9ricain Russ Feingold en des termes tr\u00e8s clairs. Pourquoi mettons-nous beaucoup plus d\u2019\u00e9nergie \u00e0 d\u00e9fendre ce que Russ feingold dit que ce qu\u2019Andr\u00e9 Mbata dit depuis tr\u00e8s longtemps ? Est-ce parce que nous n\u2019arrivons pas \u00e0 cr\u00e9er un imaginaire alternatif qui nous fasse comprendre que l\u2019avenir du Congo, ce sont les congolais eux-m\u00eames qui doivent y travailler ?<br \/>\nDire que l\u2019on soutient les positions occidentales, ce n\u2019est pas n\u00e9cessairement \u00eatre l\u00e2che, cela peut-\u00eatre li\u00e9 aussi \u00e0 la fatigue psychologique.<br \/>\nQuand on vous m\u00e8ne une guerre multiforme pendant plus de 100 ans, \u00e0 un certain moment, on est fatigu\u00e9, et on se dit \u00ab il y en a marre, essayons de composer avec nos agresseurs m\u00eame s\u2019ils nous donnent des miettes. \u00bb Mais \u00e0 ce moment l\u00e0, vous pratiquez la politique de l\u2019autruche. Vous avez la t\u00eate dans le sable, et vous ne voulez pas voir la r\u00e9alit\u00e9 en face.<br \/>\nDans le livre de Raf Custers, \u00ab Chasseur de mati\u00e8res premi\u00e8res \u00bb, vous lisez noir sur blanc qu\u2019il y a eu une alliance publique-priv\u00e9 sign\u00e9 entre le gouvernement des Etats-Unis et le gouvernement fant\u00f4che de Kinshasa, en novembre 2011. Et la signature de cette alliance risque de faire perdre au Congo le contr\u00f4le sur l\u2019Ituri, le Katanga, les deux Kivu.<br \/>\nL\u2019enjeu majeur des interventions des \u00e9lites dominantes anglo-saxonnes en RDc est que le Congo est pour cette \u00e9lite, un enjeu permanent.<br \/>\nQuand nous essayons d\u2019examiner les diff\u00e9rentes interventions de ces gens qui font partie de la communaut\u00e9 occidentale et de l\u2019\u00e9lite anglo-saxonne dominante, quand nous voyons ce qu\u2019ils ont fait en Irak, en Libye, en Afghanistan, et au Soudan, on se rend compte que ces \u00e9lites mentent et cachent ce qu\u2019elles poursuivent comme objectifs dans la rh\u00e9torique d\u00e9fendant la d\u00e9mocratie, la libert\u00e9 et les droits de l\u2019homme.  Est-ce qu\u2019il n\u2019est pas important de pouvoir renverser la vapeur en mettant ces mensonges sur la place publique au lieu de pouvoir pratique la politique de l\u2019autruche et d\u2019oublier ce que ces \u00e9lites dominantes sont en train de faire?<\/p><\/blockquote>\n<p><strong>Sur le viol de l\u2019imaginaire congolais<\/strong><\/p>\n<blockquote><p>Le viol de l\u2019imaginaire ne se r\u00e9sout pas par un coup de baguette magique, il faut un travail sur le court, moyen et long terme. Ainsi ceux qui sont plus ou moins en avance dans ce travail de la recr\u00e9ation de l\u2019imaginaire alternatif seront toujours attaqu\u00e9s par les compatriotes qui sont majoritaires mais qui ont soif de voir les guerres r\u00e9currentes, qui sont impos\u00e9es par la communaut\u00e9 internationale, prendre fin du jour au lendemain. Or, \u00e0 ce niveau, le changement est mol\u00e9culaire et la vitesse ne devrait pas \u00eatre confondue avec la pr\u00e9cipitation. Nous avons aujourd\u2019hui des jeunes qui ont compris cela.<\/p><\/blockquote>\n<p><strong>Sur le proc\u00e8s Chebeya au S\u00e9n\u00e9gal<\/strong><\/p>\n<blockquote><p>Les \u00e9nergies mises par les compatriotes, pour obtenir la d\u00e9cision de la justice s\u00e9n\u00e9galaise (qui se d\u00e9clare comp\u00e9tente sur le cas de Paul Mwilambwe) d\u00e9montrent que le Congo a encore un avenir. Aujourd\u2019hui nous pouvons \u00eatre fiers d\u2019avoir des compatriotes capables de s\u2019engager dans des combats \u00e0 long terme pour pouvoir honorer la m\u00e9moire des dignes filles et fils du Congo. Et ces compatriotes, m\u00eame s\u2019ils ne sont pas majoritaires, ils existent. <\/p><\/blockquote>\n<p><strong>Sur Lambert Mende et le ph\u00e9nom\u00e8ne des combattants<\/strong><\/p>\n<blockquote><p>La criminalisation des peuples qui luttent pour leur souverainet\u00e9 est un fait historique. De Gaulle, par exemple, avait \u00e9t\u00e9 classifi\u00e9 parmi les communistes parce qu\u2019il avait des relais communistes en France.<br \/>\nLe gouvernement fant\u00f4che de Kinshasa a peur  et l\u2019injure est une mani\u00e8re de disqualifier des compatriotes fiers d\u2019\u00eatre congolais et qui aspirent \u00e0 voir leur pays devenir un v\u00e9ritable \u00e9tat de droit, souverain. Nous n\u2019avons pas \u00e0 nous pr\u00e9occuper de cette criminalisation. Toute lutte men\u00e9e pour l\u2019\u00e9mancipation politique est dure et conna\u00eet parfois des moments terribles de criminalisation. Il ne faut pas se d\u00e9courager pour cela. <\/p><\/blockquote>\n<p><\/br><\/p>\n","protected":false},"excerpt":{"rendered":"<p>L\u2019analyste politique Jean-Pierre Mbelu d\u00e9crypte la mise en sc\u00e8ne entre Kabila et les diplomates occidentaux, alerte sur les dangers de l\u2019amn\u00e9sie de congolais notamment au regard de la relation historique du Congo avec ces derniers, montre comment la communaut\u00e9 occidentale cr\u00e9e la d\u00e9pendance pour pouvoir justifier l\u2019imposition de ses principes et de ses normes et [&hellip;]<\/p>\n","protected":false},"author":1,"featured_media":6702,"comment_status":"open","ping_status":"open","sticky":false,"template":"","format":"standard","meta":{"_acf_changed":false,"content-type":"","footnotes":""},"categories":[107,124],"tags":[],"class_list":["post-6701","post","type-post","status-publish","format-standard","has-post-thumbnail","hentry","category-analyses-commentaires","category-politique-societe"],"acf":[],"_links":{"self":[{"href":"https:\/\/congolobilelo.com\/IN\/wp-json\/wp\/v2\/posts\/6701","targetHints":{"allow":["GET"]}}],"collection":[{"href":"https:\/\/congolobilelo.com\/IN\/wp-json\/wp\/v2\/posts"}],"about":[{"href":"https:\/\/congolobilelo.com\/IN\/wp-json\/wp\/v2\/types\/post"}],"author":[{"embeddable":true,"href":"https:\/\/congolobilelo.com\/IN\/wp-json\/wp\/v2\/users\/1"}],"replies":[{"embeddable":true,"href":"https:\/\/congolobilelo.com\/IN\/wp-json\/wp\/v2\/comments?post=6701"}],"version-history":[{"count":0,"href":"https:\/\/congolobilelo.com\/IN\/wp-json\/wp\/v2\/posts\/6701\/revisions"}],"wp:featuredmedia":[{"embeddable":true,"href":"https:\/\/congolobilelo.com\/IN\/wp-json\/"}],"wp:attachment":[{"href":"https:\/\/congolobilelo.com\/IN\/wp-json\/wp\/v2\/media?parent=6701"}],"wp:term":[{"taxonomy":"category","embeddable":true,"href":"https:\/\/congolobilelo.com\/IN\/wp-json\/wp\/v2\/categories?post=6701"},{"taxonomy":"post_tag","embeddable":true,"href":"https:\/\/congolobilelo.com\/IN\/wp-json\/wp\/v2\/tags?post=6701"}],"curies":[{"name":"wp","href":"https:\/\/api.w.org\/{rel}","templated":true}]}}