{"id":6680,"date":"2014-06-03T20:37:42","date_gmt":"2014-06-03T20:37:42","guid":{"rendered":"http:\/\/www.ingeta.com\/?p=6680"},"modified":"2014-06-03T20:37:42","modified_gmt":"2014-06-03T20:37:42","slug":"rdc-les-compatriotes-de-lequateur-traques-et-enleves-a-maluku","status":"publish","type":"post","link":"https:\/\/congolobilelo.com\/IN\/rdc-les-compatriotes-de-lequateur-traques-et-enleves-a-maluku\/","title":{"rendered":"RDC: Les compatriotes de l\u2019Equateur traqu\u00e9s et enlev\u00e9s  \u00e0 Maluku"},"content":{"rendered":"<p>\t\t\t\tPar Jean-Pierre Mbelu<br \/>\n&nbsp;<br \/>\n<strong>Il ne serait pas exclu qu\u2019un deal soit conclu entre Brazza et Kin avant le d\u00e9clenchement de l\u2019expulsion des ex-za\u00efrois. A Maluku, plusieurs hommes sont enlev\u00e9s depuis plus de deux semaines. Ces enl\u00e8vements interviennent apr\u00e8s un contr\u00f4le corporel. Il serait possible qu\u2019un \u2018\u2019g\u00e9nocide dans le g\u00e9nocide congolais\u2019\u2019 soit en train d\u2019\u00eatre commis \u00e0 l\u2019endroit de nos compatriotes de l\u2019Equateur. Soyons de plus en plus vigilants.<\/strong><br \/>\n&nbsp;<\/p>\n<p>Il y a au Congo un pass\u00e9 qui ne passe pas. Petit \u00e0 petit, le refoulement des compatriotes Congolais (RDC) du Congo-Brazzaville d\u00e9voile ses secrets. Il n\u2019est plus exclu que ce refoulement soit li\u00e9 \u00e0 la peur des gouvernants fantoches de Kinshasa de voir na\u00eetre \u00e0 partir de ce pays voisin une r\u00e9sistance citoyenne qui leur serait d\u00e9favorable. Malheureusement, ces gouvernants ne s\u2019en prennent un peu plus qu\u2019aux compatriotes d\u2019une seule province. Des sources s\u00fbres, nous apprenons qu\u2019\u00e0 partir du site de Maluku, les hommes de l\u2019Equateur sont r\u00e9guli\u00e8rement enlev\u00e9s par des soldats non autrement identifi\u00e9s. Ces enl\u00e8vements ont lieu quand ils vont prendre leur douche. Depuis plus de deux semaines, les compatriotes enlev\u00e9s n\u2019ont plus \u00e9t\u00e9 vus par leurs femmes et leurs enfants. Cela cr\u00e9e une situation traumatique indescriptible.<\/p>\n<p>Quelques rappels. Apr\u00e8s la mascarade \u00e9lectorale de 2006, la garde de Jean-Pierre Bemba, majoritairement compos\u00e9e par les compatriotes de l\u2019Equateur a \u00e9t\u00e9 dans le collimateur de la kabilie. Celle-ci lui avait clairement dit : \u2018\u2019on va vous tuer\u2019\u2019. Un peu plus tard, les Enyele, compatriotes de la m\u00eame province ont \u00e9t\u00e9 traqu\u00e9s par la m\u00eame police politique de la kabilie.<br \/>\nEt nous apprenons qu\u2019avant d\u2019enlever les hommes de l\u2019Equateur \u00e0 Maluku, ils sont soumis \u00e0 un contr\u00f4le corporel pour savoir s\u2019ils ne portent pas la marque des Enyele.<\/p>\n<p>Sassou aurait-il coop\u00e9r\u00e9 avec la kabilie pour l\u2019aider \u00e0 exterminer les compatriotes d\u2019une province dont Mobutu, Bemba et certains membres de l\u2019APARECO sont originaires ? \u2018\u2019Un g\u00e9nocide dans le g\u00e9nocide\u2019\u2019 est-il en train d\u2019\u00eatre perp\u00e9tr\u00e9 \u00e0 l\u2019insu de tous pendant que plusieurs compatriotes sont pr\u00e9occup\u00e9s par la mascarade \u00e9lectorale de 2016 ?<br \/>\nIl est sage que nous puissions rester vigilants pour \u00e9viter les surprises d\u00e9sagr\u00e9ables en RDC au moment o\u00f9 le dossier Chebeya vient de rebondir au S\u00e9n\u00e9gal. Dans ce dossier, Pierre Milambwe affirme que Chebeya, \u2018\u2019la voix des sans voix\u2019\u2019, avait inscrit la question des compatriotes de l\u2019Equateur trucid\u00e9 par \u2018\u2019le conglom\u00e9rat d\u2019aventurier de Kinshasa\u2019\u2019 en dehors de celui de Bundu dia Kongo.<\/p>\n<p>Tuer, tuer, tuer et exterminer le peuple Congolais, voil\u00e0 ce \u00e0 quoi s\u2019adonne la police politique de la kabilie. Qui sauvera le peuple Congolais de ce \u2018\u2019g\u00e9nocide silencieux\u2019\u2019 ? Personne en dehors du peuple Congolais lui-m\u00eame\u2026 D\u2019un peuple Congolais conscient du danger qui le guette quand il tombe dans le syndrome du larbin ; c\u2019est-\u00e0-dire dans le culte idol\u00e2trique de ses bourreaux. Sans une rupture profonde avec ce culte, ses ennemis et adversaires vont l\u2019exterminer.<br \/>\n<\/br><br \/>\n<em>Mbelu Babanya Kabudi<\/em><\/p>\n<p>&nbsp;\t\t<\/p>\n","protected":false},"excerpt":{"rendered":"<p>Par Jean-Pierre Mbelu &nbsp; Il ne serait pas exclu qu\u2019un deal soit conclu entre Brazza et Kin avant le d\u00e9clenchement de l\u2019expulsion des ex-za\u00efrois. A Maluku, plusieurs hommes sont enlev\u00e9s depuis plus de deux semaines. Ces enl\u00e8vements interviennent apr\u00e8s un contr\u00f4le corporel. Il serait possible qu\u2019un \u2018\u2019g\u00e9nocide dans le g\u00e9nocide congolais\u2019\u2019 soit en train d\u2019\u00eatre [&hellip;]<\/p>\n","protected":false},"author":1,"featured_media":6681,"comment_status":"open","ping_status":"open","sticky":false,"template":"","format":"standard","meta":{"_acf_changed":false,"content-type":"","footnotes":""},"categories":[122,124],"tags":[],"class_list":["post-6680","post","type-post","status-publish","format-standard","has-post-thumbnail","hentry","category-news-alertes","category-politique-societe"],"acf":[],"_links":{"self":[{"href":"https:\/\/congolobilelo.com\/IN\/wp-json\/wp\/v2\/posts\/6680","targetHints":{"allow":["GET"]}}],"collection":[{"href":"https:\/\/congolobilelo.com\/IN\/wp-json\/wp\/v2\/posts"}],"about":[{"href":"https:\/\/congolobilelo.com\/IN\/wp-json\/wp\/v2\/types\/post"}],"author":[{"embeddable":true,"href":"https:\/\/congolobilelo.com\/IN\/wp-json\/wp\/v2\/users\/1"}],"replies":[{"embeddable":true,"href":"https:\/\/congolobilelo.com\/IN\/wp-json\/wp\/v2\/comments?post=6680"}],"version-history":[{"count":0,"href":"https:\/\/congolobilelo.com\/IN\/wp-json\/wp\/v2\/posts\/6680\/revisions"}],"wp:featuredmedia":[{"embeddable":true,"href":"https:\/\/congolobilelo.com\/IN\/wp-json\/"}],"wp:attachment":[{"href":"https:\/\/congolobilelo.com\/IN\/wp-json\/wp\/v2\/media?parent=6680"}],"wp:term":[{"taxonomy":"category","embeddable":true,"href":"https:\/\/congolobilelo.com\/IN\/wp-json\/wp\/v2\/categories?post=6680"},{"taxonomy":"post_tag","embeddable":true,"href":"https:\/\/congolobilelo.com\/IN\/wp-json\/wp\/v2\/tags?post=6680"}],"curies":[{"name":"wp","href":"https:\/\/api.w.org\/{rel}","templated":true}]}}