{"id":6666,"date":"2014-06-01T10:58:34","date_gmt":"2014-06-01T10:58:34","guid":{"rendered":"http:\/\/www.ingeta.com\/?p=6666"},"modified":"2014-06-01T10:58:34","modified_gmt":"2014-06-01T10:58:34","slug":"martin-kobler-joseph-kabila-et-les-larbins","status":"publish","type":"post","link":"https:\/\/congolobilelo.com\/IN\/martin-kobler-joseph-kabila-et-les-larbins\/","title":{"rendered":"Martin Kobler, Joseph Kabila et les larbins : Quand les assassins des congolais &#8220;dirigent&#8221; le Congo"},"content":{"rendered":"<p>\t\t\t\tL\u2019analyste politique Jean-Pierre Mbelu montrent comme les d\u00e9clarations de Martin Kobler et le silence de Kabila confirment l\u2019hypoth\u00e8se selon laquelle le Congo est un Etat manqu\u00e9, d\u00e9crypte la visite de Kabila \u00e0 Paris et les cons\u00e9quences de la politique du ventre et explique pourquoi l\u2019affaire Chebeya, qui pourrait rebondir, illustre la trag\u00e9die congolaise. Enfin, M. Mbelu expose \u00e9galement des pistes de sortie de crise dans laquelle le Congo, mais aussi la sous-r\u00e9gion des grands lacs et l\u2019Afrique se retrouvent aujourd\u2019hui. <\/p>\n<p><iframe loading=\"lazy\" width=\"560\" height=\"315\" src=\"\/\/www.youtube.com\/embed\/9POiuNmdpzs\" frameborder=\"0\" allowfullscreen><\/iframe><\/p>\n<p><strong>Sur la MONUSCO et l\u2019expulsion des &#8220;za\u00efrois&#8221; du Congo-brazza<\/strong><\/p>\n<blockquote><p>C\u2019est Martin K\u00f6bler qui est le pr\u00e9sident du Congo. Pour le moment, le Congo \u00e9tant un pays sous-tutelle de l\u2019ONU, c\u2019est le responsable de l\u2019ONU sur place qui en est le pr\u00e9sident r\u00e9el. Quant \u00e0 l\u2019autre, il n\u2019est qu\u2019un figurant qui essaie d\u2019aller \u00e0 gauche et \u00e0 droite pour se donner un peu plus de visibilit\u00e9.<br \/>\nTout en d\u00e9plorant le fait que certains de nos compatriotes sont refoul\u00e9s du Congo-Brazzaville dans des conditions d\u00e9plorables, quand le Congo-brazzaville a r\u00e9agi \u00e0 la demande de l\u2019ONU, on a quand m\u00eame senti qu\u2019il s\u2019agit d\u2019un pays souverain.<br \/>\nLe cas des refoul\u00e9s de Brazzaville confirme l\u2019une de nos hypoth\u00e8ses les plus reprises : Ces messieurs du gouvernement fant\u00f4che de Kinshasa ne sont pas l\u00e0 pour \u00eatre au service des congolais. Les preuves sont l\u00e0.<br \/>\nUn certain nombre de nos compatriotes qui vouent un inexplicable et inexpliqu\u00e9e \u00e0 l\u2019endroit de Kabila, alors qu\u2019il n\u2019est pas l\u00e0 pour servir nos populations, au contraire, il pr\u00e9side \u00e0 m\u00eame \u00e0 l\u2019extermination de nos populations. <\/p><\/blockquote>\n<p>Sur le silence de Kabila<\/p>\n<blockquote><p>Le silence assourdissant de Kabila est li\u00e9 au m\u00e9pris qu\u2019il a pour le peuple congolais, et \u00e0 la r\u00e9alisation de ce qu\u2019il a comme mission. Que le peuple congolais soit tra\u00een\u00e9 dans la boue ou maltrait\u00e9, c\u2019est le cadet de ses soucis.<br \/>\nLe Congo est tomb\u00e9 trop bas. Le Congo fonctionne aujourd\u2019hui sans base \u00e9thique, sans un recours permanent aux valeurs humanistes partag\u00e9es. Le peuple congolais est un peuple qui n\u2019est pas respect\u00e9 dans son propre pays, les congolais sont devenus des populations sur lesquelles on peut tirer \u00e0 balles r\u00e9elles, des populations que l\u2019on peut tuer quand on en a envie.   Malheureusement plusieurs d\u2019entre nous font comme s\u2019ils ne voyaient absolument rien se passer.<br \/>\nIl y a une urgence : Celle de pouvoir refaire ce pays l\u00e0, le refonder et en faire un Etat constitutionnel, un Etat de droit dans lequel le peuple pourra \u00eatre respect\u00e9. Pour le moment, le Congo est une n\u00e9ocolonie de la communaut\u00e9 occidentale, sous la tutelle de l\u2019ONU, le Congo est un Etat manqu\u00e9.<\/p><\/blockquote>\n<p><strong>Sur l\u2019insurrection des consciences<\/strong><\/p>\n<blockquote><p>C\u2019est l\u2019opinion publique congolaise, mobilis\u00e9e, qui, petit \u00e0 petit, qui pourra demain r\u00e9ussir \u00e0 changer les rapports de force au c\u0153ur m\u00eame du Congo. Si aux mamans qui se sont lev\u00e9s pour le sort de leurs s\u0153urs et de leurs filles maltrait\u00e9s de Congo-Brazza, les jeunes se l\u00e8vent dans toutes les provinces, nous pourrons arriver, demain ou apr\u00e8s-demain, \u00e0 une insurrection des consciences qui renverserait les rapports de force.<br \/>\nCe n\u2019est pas pour rien que la police politique de Kinshasa, g\u00e9r\u00e9e par les infiltr\u00e9s du RCD est en train, de tirer \u00e0 balles r\u00e9elles sur nos populations. C\u2019est pour cr\u00e9er la peur, intimider la jeunesse qui est, pour le moment bouillonnante.<br \/>\nIl y a quelque chose qui est en train de na\u00eetre petit \u00e0 petit, il y a un mouvement qui est en train de se mettre en place, que ces messieurs l\u00e0, contrairement \u00e0 ce qu\u2019ils pensent, ne pourront pas contr\u00f4ler demain. <\/p><\/blockquote>\n<p><strong>Sur la visite de Kabila \u00e0 Paris et le thurif\u00e9raires congolais du pouvoir<\/strong><\/p>\n<blockquote><p>Il ne faut jamais oublier l\u2019histoire des pays occidentaux avec les pays africains. Avant Kabila, Kadhafi avait \u00e9galement \u00e9t\u00e9 invit\u00e9 \u00e0 Paris, on lui avait d\u00e9fil\u00e9 le tapis rouge. Et quand Paris a d\u00e9cid\u00e9 avec ses alli\u00e9s de pouvoir trucider Kadhafi, il n\u2019y a pas eu d\u2019h\u00e9sitation. Donc, ce n\u2019est pas parce que Kabila s\u2019est rendu \u00e0 Paris, que les lendemains seront roses pour lui.<br \/>\nEnsuite, Fran\u00e7ois Hollande est tr\u00e8s critiqu\u00e9 dans son propre pays. Que Fran\u00e7ois Hollande essaie de trouver des march\u00e9s pour les entreprises fran\u00e7aises, c\u2019est son droit. Mais il y a une frange importante de la population fran\u00e7aise qui estime qu\u2019il n\u2019est pas \u00e0 la hauteur de sa t\u00e2che. Nous ne devrions pas gaspiller notre \u00e9nergie \u00e0 commenter une actualit\u00e9 portant sur la rencontre de deux messieurs qui n\u2019ont pas la c\u00f4te au sein de leurs populations.<br \/>\nLes thurif\u00e9raires du pouvoir ont toujours exist\u00e9, ce n\u2019est pas un ph\u00e9nom\u00e8ne nouveau. Ils vantent Kabila aujourd\u2019hui, mais lorsqu\u2019on conna\u00eet leurs parcours, comme par exemple, Lambert Mende, on ne sera pas \u00e9tonn\u00e9 si demain, ils deviennent les thurif\u00e9raires de celui qui pourra remplacer celui qui est l\u00e0 aujourd\u2019hui.<br \/>\nNous sommes habitu\u00e9s \u00e0 voir, depuis Mobutu, dans la compagnie des n\u00e8gres de service de la communaut\u00e9 occidentale, certains flatteurs, certains thurif\u00e9raires, mais qui ne passent pas avec celui qu\u2019ils encensent. Apr\u00e8s Mobutu, beaucoup de mobutistes, se sont retrouv\u00e9s au S\u00e9nat, au gouvernement et dans certaines institutions actuelles du pays. C\u2019est une question de politique du ventre. Du moment qu\u2019on envoie ses enfants \u00e0 l\u2019\u00e9cole, qu\u2019on sait manger et boire, qu\u2019on a une jeep et une maison, le sens patriotique ne signifie plus rien. Nous connaissons une p\u00e9riode de transition qui est dure et il se pourrait que demain ses faux politiciens disparaissent.<br \/>\nOn ne peut pas comprendre qu\u2019un pays aussi grand que le Congo, aussi potentiellement riche que le Congo, puisse occuper la derni\u00e8re place dans le monde et qu\u2019on trouve toujours des compatriotes qui continuent de jouer les thurif\u00e9raires, les flatteurs de celui qu\u2019ils supposent \u00eatre le pr\u00e9sident du Congo alors qu\u2019il n\u2019en est pas question. <\/p><\/blockquote>\n<p><strong>Sur la politique du ventre<\/strong><\/p>\n<blockquote><p>La politique du ventre ne se limite pas au Congo. Aujourd\u2019hui \u00e0 travers le monde, il y a comme une disqualification de la politique au sens noble. La politique au sens noble, c&#8217;est-\u00e0-dire la politique au service de la cit\u00e9. Regardez ce qui se passe aujourd\u2019hui en France avec le pr\u00e9sident du parti de droite, l\u2019UMP, Jean-Fran\u00e7ois Cop\u00e9. Tout tourne autour de l\u2019argent.<br \/>\nIl y a chez nous une option pour la politique du ventre, fond\u00e9e sur l\u2019\u00e9go\u00efsme et l\u2019individualisme, ainsi que le service des ses int\u00e9r\u00eats priv\u00e9s uniquement. Ce qui importe, c\u2019est trouver l\u2019argent, le reste peu importe. <\/p><\/blockquote>\n<p><strong>Sur le cas Chebeya et la trag\u00e9die congolais<\/strong><\/p>\n<blockquote><p>L\u2019assassinat de Floribert Chebeya est une affaire compliqu\u00e9e. Cette affaire est \u00e0 replacer dans la guerre de basse intensit\u00e9 et de pr\u00e9dation qui est faite \u00e0 notre pays depuis les ann\u00e9es 1990 \u00e0 ce jour. Cette affaire n\u2019est pas encore termin\u00e9e et pourrait conna\u00eetre un rebondissement dans les jours prochains. Selon des sources bien inform\u00e9es, l\u2019un des t\u00e9moins cl\u00e9s de cette affaire, va parler. Laissons le temps au temps et voyons ce que cela va produire.<br \/>\nSi cette affaire n\u2019a pas, pour le moment, abouti c\u2019est aussi parce que les t\u00e9moins cl\u00e9s n\u2019avaient pas beaucoup de marches de man\u0153uvre.<br \/>\nNous sommes en train de vivre une trag\u00e9die, un drame, mais \u00e0 un certain moment, certains compatriotes ne prennent pas la mesure de la trag\u00e9die que nous sommes en train de vivre. Malgr\u00e9 tous les t\u00e9moignages que nous avons sur le fonctionnement de la police politique de Kinshasa et des infiltrations qui causent la mort de nos populations, il y a encore des compatriotes qui souffrent du syndrome du larbin, qui continuent \u00e0 applaudir les assassins de nos populations. La mort est tellement banalis\u00e9e au Congo, qu\u2019au nom de la politique du ventre, les meilleurs fils et meilleures filles peuvent \u00eatre assassin\u00e9s sans que leurs assassins r\u00e9pondent de leurs crimes. Voil\u00e0 la trag\u00e9die que le Congo est en train de vivre aujourd\u2019hui.<br \/>\nLes assassins des congolais, leurs meurtriers, ceux qui comment les crimes contre l\u2019humanit\u00e9, ceux qui commettent les crimes de guerre, sont dans les rangs des gouvernants du Congo, alors que ceux qui luttent pour un Congo libre et prosp\u00e8re sont emprisonn\u00e9s ou \u00e9limin\u00e9s.<br \/>\nSans une s\u00e9rieuse justice transitionnelle, une justice \u00e0 m\u00eame de r\u00e9pertorier tous les crimes commis ne serait-ce que pour le respect de la m\u00e9moire des victimes de ces criminels, le Congo aura maille \u00e0 partir sur des nouvelles bases.  <\/p><\/blockquote>\n<p><strong>Sur les pistes de sortie de la crise dans laquelle le Congo et l\u2019Afrique se retrouvent<\/strong><\/p>\n<blockquote><p>La guerre contre le terrorisme va se poursuivre et s\u2019intensifier dans les pays du continent pour pouvoir d\u00e9stabiliser l\u2019Afrique.<br \/>\nIl faudrait que le Congo et les autres pays de la sous-r\u00e9gion deviennent d\u2019abord des Etats constitutionnels et Etats de droit. A partir de cela, ces pays peuvent construire une zone de s\u00e9curit\u00e9 commune, au sein de laquelle chaque pays pourra jouir de sa citoyennet\u00e9, une zone de s\u00e9curit\u00e9 commune au sein de laquelle tous les pays seront \u00e9gaux en droit et en devoir. A partir de cette zone, on pourrait constituer petit \u00e0 petit, via des trait\u00e9s fond\u00e9s sur la solidarit\u00e9 et la coop\u00e9ration, une f\u00e9d\u00e9ration panafricaine pacifique. C&#8217;est-\u00e0-dire, un ensemble de pays jouissant de leurs souverainet\u00e9 mais qui mettent ensemble leurs forces de s\u00e9curit\u00e9.<br \/>\nTant que les pays africains assureront chacun pour son compte sa s\u00e9curit\u00e9, nous risquons de ne pas avoir de s\u00e9curit\u00e9 du tout en Afrique. Il faudrait que l\u2019Afrique pense, de plus en plus, \u00e0 devenir un grand Etat f\u00e9d\u00e9ral avec des services de s\u00e9curit\u00e9 unifi\u00e9s pour pouvoir faire face aux autres grands ensembles comme l\u2019Union Europ\u00e9enne, comme la f\u00e9d\u00e9ration de la Russie, comme la Chine, etc.<br \/>\nMalheureusement aujourd\u2019hui, l\u2019Union africaine a d\u00e9missionn\u00e9 et est financ\u00e9 majorit\u00e9 par les grands ensembles ext\u00e9rieurs qui instrumentalisent les pays et cela complique la t\u00e2che.\n<\/p><\/blockquote>\n<p><\/br><\/p>\n","protected":false},"excerpt":{"rendered":"<p>L\u2019analyste politique Jean-Pierre Mbelu montrent comme les d\u00e9clarations de Martin Kobler et le silence de Kabila confirment l\u2019hypoth\u00e8se selon laquelle le Congo est un Etat manqu\u00e9, d\u00e9crypte la visite de Kabila \u00e0 Paris et les cons\u00e9quences de la politique du ventre et explique pourquoi l\u2019affaire Chebeya, qui pourrait rebondir, illustre la trag\u00e9die congolaise. Enfin, M. [&hellip;]<\/p>\n","protected":false},"author":1,"featured_media":6667,"comment_status":"open","ping_status":"open","sticky":false,"template":"","format":"standard","meta":{"_acf_changed":false,"content-type":"","footnotes":""},"categories":[107,124],"tags":[],"class_list":["post-6666","post","type-post","status-publish","format-standard","has-post-thumbnail","hentry","category-analyses-commentaires","category-politique-societe"],"acf":[],"_links":{"self":[{"href":"https:\/\/congolobilelo.com\/IN\/wp-json\/wp\/v2\/posts\/6666","targetHints":{"allow":["GET"]}}],"collection":[{"href":"https:\/\/congolobilelo.com\/IN\/wp-json\/wp\/v2\/posts"}],"about":[{"href":"https:\/\/congolobilelo.com\/IN\/wp-json\/wp\/v2\/types\/post"}],"author":[{"embeddable":true,"href":"https:\/\/congolobilelo.com\/IN\/wp-json\/wp\/v2\/users\/1"}],"replies":[{"embeddable":true,"href":"https:\/\/congolobilelo.com\/IN\/wp-json\/wp\/v2\/comments?post=6666"}],"version-history":[{"count":0,"href":"https:\/\/congolobilelo.com\/IN\/wp-json\/wp\/v2\/posts\/6666\/revisions"}],"wp:featuredmedia":[{"embeddable":true,"href":"https:\/\/congolobilelo.com\/IN\/wp-json\/"}],"wp:attachment":[{"href":"https:\/\/congolobilelo.com\/IN\/wp-json\/wp\/v2\/media?parent=6666"}],"wp:term":[{"taxonomy":"category","embeddable":true,"href":"https:\/\/congolobilelo.com\/IN\/wp-json\/wp\/v2\/categories?post=6666"},{"taxonomy":"post_tag","embeddable":true,"href":"https:\/\/congolobilelo.com\/IN\/wp-json\/wp\/v2\/tags?post=6666"}],"curies":[{"name":"wp","href":"https:\/\/api.w.org\/{rel}","templated":true}]}}