{"id":6658,"date":"2014-05-29T19:53:13","date_gmt":"2014-05-29T19:53:13","guid":{"rendered":"http:\/\/www.ingeta.com\/?p=6658"},"modified":"2014-05-29T19:53:13","modified_gmt":"2014-05-29T19:53:13","slug":"quel-leadership-pour-le-congo-de-demain","status":"publish","type":"post","link":"https:\/\/congolobilelo.com\/IN\/quel-leadership-pour-le-congo-de-demain\/","title":{"rendered":"Quel leadership pour le Congo de demain?"},"content":{"rendered":"<p>\t\t\t\tPar Lusamba wa Mputu<br \/>\n&#8211;<\/p>\n<p>L\u2019imminence des \u00e9ch\u00e9ances \u00e9lectorales pr\u00e9vues pour 2016 apporte avec elle un foisonnement de mouvements, regroupements et autres associations politiques qui font leur sortie tambours battants, au sein de la diaspora. Comme 2016 c\u2019est demain dans l\u2019histoire de notre jeune d\u00e9mocratie, pour ne pas \u00eatre en reste, de nombreux leaders politiques se pr\u00e9cipitent \u00e0 franchir le rubicon et ainsi, faire valoir leur candidature \u00e0 la magistrature supr\u00eame.<\/p>\n<p>La modification des r\u00e8gles r\u00e9gissant le d\u00e9roulement des \u00e9lections \u00e0 la derni\u00e8re heure lors de l\u2019\u00e9lection pr\u00e9sidentielle de 2011 \u2013 pour \u00e9liminer le second tour &#8211;  a eu comme impact de forcer les candidats de l\u2019opposition \u00e0 se concerter, m\u00eame s\u2019ils ne sont pas arriv\u00e9s \u00e0 faire converger leurs visions et leurs ambitions personnelles afin d\u2019assurer une alternative au pouvoir en place. Rien n\u2019indique que l\u2019exercice sera moins affligeant et moins divisif en 2016, ce qui risque d\u2019alli\u00e9ner encore plus l\u2019\u00e9lectorat.<\/p>\n<p>Nombreux parmi ces aspirants au pouvoir ont un parcours qui justifie leurs ambitions, alors que d\u2019autres semblent engag\u00e9s dans une campagne d\u2019autopromotion qui se limite \u00e0 se faire conna\u00eetre. Dans un monde id\u00e9al, de tous ces candidats, celui qui gagnera la confiance et, ultimement, la faveur populaire, sera notamment jug\u00e9 sur son leadership, sur sa capacit\u00e9 de mobiliser les masses au tour d\u2019un projet de soci\u00e9t\u00e9 r\u00e9pondant aux aspirations profondes de l\u2019ensemble de la population.<\/p>\n<p>Ce terme, leadership, est  certes galvaud\u00e9, mais l\u2019Histoire nous apprend que des leaders se sont soit r\u00e9v\u00e9l\u00e9s une fois qu\u2019ils ont eu \u00e0 mettre leur leadership \u00e0 l\u2019\u00e9preuve, alors que ceux qui ont le plus marqu\u00e9 leur \u00e9poque semblaient avoir une aura, une particularit\u00e9 qui faisait en sorte qu\u2019ils exer\u00e7aient une influence aupr\u00e8s de leur entourage sans trop d\u2019efforts.  En effet, m\u00eame si la d\u00e9finition du leadership ne semble pas faire l\u2019uninamit\u00e9, il est g\u00e9n\u00e9ralement appr\u00e9hend\u00e9 comme la capacit\u00e9 qu\u2019a un individu d\u2019influencer le comportement de ses semblables et les motiver \u00e0 l\u2019atteinte d\u2019objectifs communs.<\/p>\n<p>On peut ainsi observer chez les leaders (inn\u00e9s ou \u00abr\u00e9v\u00e9l\u00e9s\u00bb) un sens profond de la mission \u00e0 atteindre, de la vision \u00e0 r\u00e9aliser, qui leur permet de faire face aux intemp\u00e9ries  et \u00e0 l\u2019adversit\u00e9, tout en restant ouverts et flexibles devant les opportunit\u00e9s. Ils ont la capacit\u00e9 de garder le cap sur leurs buts et aspirations, car ayant comme appui un projet mobilisateur et des valeurs claires, m\u00eame si leur vision se doit d\u2019\u00eatre dynamique et \u00e9voluer au gr\u00e9 du temps et des circonstances.<\/p>\n<p>Il y a donc lieu pour les citoyens, d\u2019analyser et de juger la multitude d\u2019aspirants-pr\u00e9sidents sur base de leurs capacit\u00e9s \u00e0 canaliser et \u00e0 mobiliser les forces vives du pays au tour d\u2019un id\u00e9al commun. Il ne suffit pas d\u2019avoir un projet de soci\u00e9t\u00e9, ni de se d\u00e9clarer leader en cr\u00e9ant un obscur parti politique et en multipliant les sorties m\u00e9diatiques pour \u00eatre consid\u00e9r\u00e9 comme tel. Les candidats peuvent \u00eatre convaincus d\u2019avoir les atouts n\u00e9cessaires pour occuper les plus hautes fonctions de l\u2019\u00c9tat, alors qu\u2019ils ne sont motiv\u00e9s que par leurs ambitions personnelles, leur vision se limitant \u00e0 l\u2019exercice du pouvoir. Ont-ils r\u00e9ellement les capacit\u00e9s et la volont\u00e9 n\u00e9cessaires pour relever les nombreux d\u00e9fis auxquels fait face la R\u00e9publique d\u00e9mocratique du Congo? Au terme d\u2019une guerre sanglante qui a immobilis\u00e9 le pays et contribu\u00e9 \u00e0 sa r\u00e9gression sur tous les plans, en plus d\u2019avoir ponctu\u00e9 le parcours politique d\u2019une grande majorit\u00e9 d\u2019acteurs politiques actuellement au pouvoir ainsi que ceux qui aspirent \u00e0 les remplacer, il est primordial de s\u2019en tenir \u00e0 l\u2019essentiel. L\u2019id\u00e9al que nous souhaitons atteindre et le leadership dont nous avons besoin pour aller \u00e0 la rencontre de notre destin commun.<\/p>\n<p>Il est temps pour les Congolais de prendre leurs responsabilit\u00e9s et de se choisir des dirigeants qui ont une vision qui transcende les promesses \u00e9lectoralistes qui titillent les plus bas instincts des \u00e9lecteurs en les opposants les uns aux autres. La priorit\u00e9 des priorit\u00e9s est la restauration de notre dignit\u00e9 collective et la mobilisation de nos forces vives \u00e0 l\u2019\u00e9gard de cette soci\u00e9t\u00e9 id\u00e9ale que nous souhaitons, sous l\u2019impulsion de leaders \u00e9clair\u00e9s et visionnaires qui en seraient les catalyseurs.<br \/>\n<\/br><br \/>\n<em>Lusamba wa Mputu<\/em><\/p>\n","protected":false},"excerpt":{"rendered":"<p>Par Lusamba wa Mputu &#8211; L\u2019imminence des \u00e9ch\u00e9ances \u00e9lectorales pr\u00e9vues pour 2016 apporte avec elle un foisonnement de mouvements, regroupements et autres associations politiques qui font leur sortie tambours battants, au sein de la diaspora. Comme 2016 c\u2019est demain dans l\u2019histoire de notre jeune d\u00e9mocratie, pour ne pas \u00eatre en reste, de nombreux leaders politiques [&hellip;]<\/p>\n","protected":false},"author":1,"featured_media":6659,"comment_status":"open","ping_status":"open","sticky":false,"template":"","format":"standard","meta":{"_acf_changed":false,"content-type":"","footnotes":""},"categories":[123,124],"tags":[],"class_list":["post-6658","post","type-post","status-publish","format-standard","has-post-thumbnail","hentry","category-paroles-dingeta","category-politique-societe"],"acf":[],"_links":{"self":[{"href":"https:\/\/congolobilelo.com\/IN\/wp-json\/wp\/v2\/posts\/6658","targetHints":{"allow":["GET"]}}],"collection":[{"href":"https:\/\/congolobilelo.com\/IN\/wp-json\/wp\/v2\/posts"}],"about":[{"href":"https:\/\/congolobilelo.com\/IN\/wp-json\/wp\/v2\/types\/post"}],"author":[{"embeddable":true,"href":"https:\/\/congolobilelo.com\/IN\/wp-json\/wp\/v2\/users\/1"}],"replies":[{"embeddable":true,"href":"https:\/\/congolobilelo.com\/IN\/wp-json\/wp\/v2\/comments?post=6658"}],"version-history":[{"count":0,"href":"https:\/\/congolobilelo.com\/IN\/wp-json\/wp\/v2\/posts\/6658\/revisions"}],"wp:featuredmedia":[{"embeddable":true,"href":"https:\/\/congolobilelo.com\/IN\/wp-json\/"}],"wp:attachment":[{"href":"https:\/\/congolobilelo.com\/IN\/wp-json\/wp\/v2\/media?parent=6658"}],"wp:term":[{"taxonomy":"category","embeddable":true,"href":"https:\/\/congolobilelo.com\/IN\/wp-json\/wp\/v2\/categories?post=6658"},{"taxonomy":"post_tag","embeddable":true,"href":"https:\/\/congolobilelo.com\/IN\/wp-json\/wp\/v2\/tags?post=6658"}],"curies":[{"name":"wp","href":"https:\/\/api.w.org\/{rel}","templated":true}]}}