{"id":6642,"date":"2014-05-27T07:26:05","date_gmt":"2014-05-27T07:26:05","guid":{"rendered":"http:\/\/www.ingeta.com\/?p=6642"},"modified":"2014-05-27T07:26:05","modified_gmt":"2014-05-27T07:26:05","slug":"conference-destabilisation-du-congo-millions-de-morts-congolais-infiltration-des-fardc-le-7-juin-2014-a-ottawa","status":"publish","type":"post","link":"https:\/\/congolobilelo.com\/IN\/conference-destabilisation-du-congo-millions-de-morts-congolais-infiltration-des-fardc-le-7-juin-2014-a-ottawa\/","title":{"rendered":"Conf\u00e9rence &#8211; D\u00e9stabilisation du Congo, millions de morts congolais &#038; infiltration des FARDC &#8211; Le 7 juin 2014 \u00e0 Ottawa"},"content":{"rendered":"<p>\t\t\t\tLe congr\u00e8s de congolais du Canada vous invitent \u00e0 la conf\u00e9rence:<\/p>\n<p>20 ans apr\u00e8s le g\u00e9nocide, pourquoi ce silence complice des m\u00e9dias: D\u00e9stabilisation du Congo, millions de morts congolais &amp; infiltration des FARDC<\/p>\n<p><strong>Cette conf\u00e9rence aura comme intervenants:<\/strong><br \/>\n&#8211; Patrick Mbeko, analyste g\u00e9opolitique et auteur de &#8220;Le Canada dans les guerres en Afrique centrale&#8221; (Le N\u00e8gre \u00e9diteur, 2012), &#8220;Le Canada et le pouvoir tutsi du Rwanda&#8221; (l&#8217;\u00e9rabli\u00e8re, 2014)<br \/>\n&#8211; Charles Onana, journaliste d&#8217;investigation et auteur, entre autres, de &#8220;Europe, crimes et censure au Congo: les documents qui accusent&#8221; (Duboiris, 2012), &#8220;La France dans la terreur rwandaise&#8221; (Duboiris, 2014)<br \/>\n&#8211; Jean-Jacques Wondo Omanyundu, expert des questions de s\u00e9curit\u00e9 et de d\u00e9fense militaire, et auteur de &#8220;Les arm\u00e9es au Congo-Kinshasa: radioscopie de la force publique aux FARDC&#8221; (Monde nouveau\/Afrique Nouvelle, 2013)<\/p>\n<p><strong>Date et heure:<\/strong><br \/>\nLe 7 juin 2014.<br \/>\nA partir de 12h.<\/p>\n<p><strong>Lieu :<\/strong><br \/>\nL&#8217;Universit\u00e9 du Qu\u00e9bec en Outaouais, Pavillon T\u00e2ch\u00e9.<br \/>\n283 Boulevard Alexandre-Tach\u00e9,<br \/>\nGatineau (QC), J8X 3X7<br \/>\nCanada<\/p>\n<p><a href=\"http:\/\/www.ingeta.com\/wp-content\/uploads\/2014\/05\/Conf-Ottawa-07062014.jpg\"><img loading=\"lazy\" decoding=\"async\" src=\"http:\/\/www.ingeta.com\/wp-content\/uploads\/2014\/05\/Conf-Ottawa-07062014.jpg\" alt=\"Conf-Ottawa-07062014\" width=\"560\" height=\"432\" class=\"alignnone size-full wp-image-6685\" \/><\/a><\/p>\n","protected":false},"excerpt":{"rendered":"<p>Le congr\u00e8s de congolais du Canada vous invitent \u00e0 la conf\u00e9rence: 20 ans apr\u00e8s le g\u00e9nocide, pourquoi ce silence complice des m\u00e9dias: D\u00e9stabilisation du Congo, millions de morts congolais &amp; infiltration des FARDC Cette conf\u00e9rence aura comme intervenants: &#8211; Patrick Mbeko, analyste g\u00e9opolitique et auteur de &#8220;Le Canada dans les guerres en Afrique centrale&#8221; (Le [&hellip;]<\/p>\n","protected":false},"author":1,"featured_media":6685,"comment_status":"open","ping_status":"open","sticky":false,"template":"","format":"standard","meta":{"_acf_changed":false,"content-type":"","footnotes":""},"categories":[145,124,127],"tags":[],"class_list":["post-6642","post","type-post","status-publish","format-standard","has-post-thumbnail","hentry","category-conferences-salons","category-politique-societe","category-rencontresdebats"],"acf":[],"_links":{"self":[{"href":"https:\/\/congolobilelo.com\/IN\/wp-json\/wp\/v2\/posts\/6642","targetHints":{"allow":["GET"]}}],"collection":[{"href":"https:\/\/congolobilelo.com\/IN\/wp-json\/wp\/v2\/posts"}],"about":[{"href":"https:\/\/congolobilelo.com\/IN\/wp-json\/wp\/v2\/types\/post"}],"author":[{"embeddable":true,"href":"https:\/\/congolobilelo.com\/IN\/wp-json\/wp\/v2\/users\/1"}],"replies":[{"embeddable":true,"href":"https:\/\/congolobilelo.com\/IN\/wp-json\/wp\/v2\/comments?post=6642"}],"version-history":[{"count":0,"href":"https:\/\/congolobilelo.com\/IN\/wp-json\/wp\/v2\/posts\/6642\/revisions"}],"wp:featuredmedia":[{"embeddable":true,"href":"https:\/\/congolobilelo.com\/IN\/wp-json\/"}],"wp:attachment":[{"href":"https:\/\/congolobilelo.com\/IN\/wp-json\/wp\/v2\/media?parent=6642"}],"wp:term":[{"taxonomy":"category","embeddable":true,"href":"https:\/\/congolobilelo.com\/IN\/wp-json\/wp\/v2\/categories?post=6642"},{"taxonomy":"post_tag","embeddable":true,"href":"https:\/\/congolobilelo.com\/IN\/wp-json\/wp\/v2\/tags?post=6642"}],"curies":[{"name":"wp","href":"https:\/\/api.w.org\/{rel}","templated":true}]}}