{"id":6629,"date":"2014-05-22T18:59:31","date_gmt":"2014-05-22T18:59:31","guid":{"rendered":"http:\/\/www.ingeta.com\/?p=6629"},"modified":"2014-05-22T18:59:31","modified_gmt":"2014-05-22T18:59:31","slug":"colloque-la-diaspora-congolaise-face-aux-enjeux-actuels-et-defis-davenir-le-31-mai-2014-a-montreal","status":"publish","type":"post","link":"https:\/\/congolobilelo.com\/IN\/colloque-la-diaspora-congolaise-face-aux-enjeux-actuels-et-defis-davenir-le-31-mai-2014-a-montreal\/","title":{"rendered":"Colloque &#8211; La diaspora congolaise face aux enjeux actuels et d\u00e9fis d&#8217;avenir &#8211; Le 31 mai 2014 \u00e0 Montr\u00e9al"},"content":{"rendered":"<p>\t\t\t\tLe  Commissariat g\u00e9n\u00e9ral de la Diaspora RDC (CoG\u00e9Dia) est ses partenaires vous invitent au colloque de la diaspora congolaise autour du th\u00e8me :<\/p>\n<h3>\u201c La Diaspora congolaise face aux enjeux actuels et d\u00e9fis d\u2019avenir\u201d,<br \/>\nQuelle contribution ?<\/h3>\n<p>&nbsp;<\/p>\n<p><a href=\"http:\/\/www.ingeta.com\/wp-content\/uploads\/2014\/05\/Cogedia-Colloque-31052014.jpg\"><img loading=\"lazy\" decoding=\"async\" src=\"http:\/\/www.ingeta.com\/wp-content\/uploads\/2014\/05\/Cogedia-Colloque-31052014-248x300.jpg\" alt=\"Cogedia-Colloque-31052014\" width=\"248\" height=\"300\" class=\"alignleft size-medium wp-image-6630\" \/><\/a><strong>Principaux Intervenants:<\/strong><br \/>\nPatrick Mbeko<br \/>\nVanessa Zola<br \/>\nCharles Onana<br \/>\nElza Vumi<br \/>\nJean-Jacques Wondo Omanyundu<br \/>\nPatience Kabamba<br \/>\nDamien Tuambi<\/p>\n<p><strong>Lieu:<\/strong><br \/>\nH\u00f4tel Universel<br \/>\n5000 de la Rue Sherbrooke Est, Montr\u00e9al, Qu\u00e9bec, H1V 1A1. Canada<\/p>\n<p><strong>Date et heure:<\/strong><br \/>\nSamedi 31 mai 2014<br \/>\nA partir de 9h00<\/p>\n<p><strong>Pour plus d&#8217;information:<\/strong><br \/>\n<a href=\"https:\/\/www.facebook.com\/events\/1398045570473833\/\">https:\/\/www.facebook.com\/events\/1398045570473833\/<\/a><br \/>\n<\/br>\t\t<\/p>\n","protected":false},"excerpt":{"rendered":"<p>Le Commissariat g\u00e9n\u00e9ral de la Diaspora RDC (CoG\u00e9Dia) est ses partenaires vous invitent au colloque de la diaspora congolaise autour du th\u00e8me : \u201c La Diaspora congolaise face aux enjeux actuels et d\u00e9fis d\u2019avenir\u201d, Quelle contribution ? &nbsp; Principaux Intervenants: Patrick Mbeko Vanessa Zola Charles Onana Elza Vumi Jean-Jacques Wondo Omanyundu Patience Kabamba Damien Tuambi [&hellip;]<\/p>\n","protected":false},"author":1,"featured_media":6630,"comment_status":"open","ping_status":"open","sticky":false,"template":"","format":"standard","meta":{"_acf_changed":false,"content-type":"","footnotes":""},"categories":[141,145,120,124,127],"tags":[],"class_list":["post-6629","post","type-post","status-publish","format-standard","has-post-thumbnail","hentry","category-canada","category-conferences-salons","category-mondialisation","category-politique-societe","category-rencontresdebats"],"acf":[],"_links":{"self":[{"href":"https:\/\/congolobilelo.com\/IN\/wp-json\/wp\/v2\/posts\/6629","targetHints":{"allow":["GET"]}}],"collection":[{"href":"https:\/\/congolobilelo.com\/IN\/wp-json\/wp\/v2\/posts"}],"about":[{"href":"https:\/\/congolobilelo.com\/IN\/wp-json\/wp\/v2\/types\/post"}],"author":[{"embeddable":true,"href":"https:\/\/congolobilelo.com\/IN\/wp-json\/wp\/v2\/users\/1"}],"replies":[{"embeddable":true,"href":"https:\/\/congolobilelo.com\/IN\/wp-json\/wp\/v2\/comments?post=6629"}],"version-history":[{"count":0,"href":"https:\/\/congolobilelo.com\/IN\/wp-json\/wp\/v2\/posts\/6629\/revisions"}],"wp:featuredmedia":[{"embeddable":true,"href":"https:\/\/congolobilelo.com\/IN\/wp-json\/"}],"wp:attachment":[{"href":"https:\/\/congolobilelo.com\/IN\/wp-json\/wp\/v2\/media?parent=6629"}],"wp:term":[{"taxonomy":"category","embeddable":true,"href":"https:\/\/congolobilelo.com\/IN\/wp-json\/wp\/v2\/categories?post=6629"},{"taxonomy":"post_tag","embeddable":true,"href":"https:\/\/congolobilelo.com\/IN\/wp-json\/wp\/v2\/tags?post=6629"}],"curies":[{"name":"wp","href":"https:\/\/api.w.org\/{rel}","templated":true}]}}