{"id":6625,"date":"2014-05-21T20:08:54","date_gmt":"2014-05-21T20:08:54","guid":{"rendered":"http:\/\/www.ingeta.com\/?p=6625"},"modified":"2014-05-21T20:08:54","modified_gmt":"2014-05-21T20:08:54","slug":"manifestation-a-loccasion-de-la-7eme-session-du-comite-dappui-technique-de-laccord-cadre-a-goma","status":"publish","type":"post","link":"https:\/\/congolobilelo.com\/IN\/manifestation-a-loccasion-de-la-7eme-session-du-comite-dappui-technique-de-laccord-cadre-a-goma\/","title":{"rendered":"Manifestation \u00e0 l&#8217;occasion de la 7\u00e8me session du Comit\u00e9 d&#8217;Appui Technique de l&#8217;Accord-cadre \u00e0 Goma"},"content":{"rendered":"<p>\t\t\t\t<strong>Goma, le 21 mai 2014. Communiqu\u00e9 de presse de la <a href=\"https:\/\/www.facebook.com\/lucha.rdcongo\">Lucha RD Congo<\/a> &#8211; Manifestation \u00e0 l&#8217;occasion de la 7\u00e8 session du Comit\u00e9 d&#8217;Appui Technique de l&#8217;Accord-cadre qui se tient \u00e0 Goma cette semaine.<\/strong><\/p>\n<p>&nbsp;<\/p>\n<p>Notre mouvement a effectu\u00e9 ce mercredi 21 mai 2014, une manifestation non-violente \u00e0 l\u2019h\u00f4tel Ihusi o\u00f9 se r\u00e9unissent les d\u00e9l\u00e9gu\u00e9s des treize Etats signataires de l\u2019Accord-cadre d\u2019Addis-Abeba, dont la RDC, ainsi que le groupe des Envoy\u00e9s sp\u00e9ciaux, pour \u00e9valuer les progr\u00e8s r\u00e9alis\u00e9s dans la mise en \u0153uvre des engagements pris au titre dudit Accord.<br \/>\nNotre but \u00e9tait d\u2019attirer l\u2019attention du pr\u00e9sident de la R\u00e9publique et du Gouvernement Congolais, de l\u2019opinion publique, des organisations sous-r\u00e9gionales et de la communaut\u00e9 internationale engag\u00e9s dans le processus de stabilisation de notre pays, sur les quelques points sp\u00e9cifiques ci-apr\u00e8s :<\/p>\n<p><strong>1 \u2013 D\u00e9sarmement des FDLR :\u00a0<\/strong><br \/>\nDans une invitation adress\u00e9e \u00e0 la Communaut\u00e9 internationale, le 18 avril 2014 (t\u00e9l\u00e9chargeable ici :<a style=\"color: #3b5998;\" href=\"https:\/\/www.facebook.com\/l.php?u=https%3A%2F%2Fdrive.google.com%2Ffile%2Fd%2F0B1UXlTEYMzbhRVRNSlVOU2VkeEU%2Fedit&amp;h=kAQEQm2M2&amp;enc=AZOtaIAxxGiuBkaTK_0mg_NJm03tRtRQvSV9T84tEhkI11y14aXOndG2j0KnojXv0ZEKIvwbuXyShvzLaiJYg_Iy-qALzLt1VqCnv6psGXW50MtiTEv8lSAcaGE25yN-ARMBOom1_3o03Tm4uX3lNaNj&amp;s=1\" target=\"_blank\" rel=\"nofollow noopener\">https:\/\/drive.google.com\/file\/<wbr \/>d\/0B1UXlTEYMzbhRVRNSlVOU2VkeEU\/<wbr \/>edit<\/a>), les Forces D\u00e9mocratiques pour la Lib\u00e9ration du Rwanda ont appel\u00e9 les autorit\u00e9s Congolaises et la communaut\u00e9 internationale \u00e0 \u00eatre t\u00e9moins de la remise de leurs armes et leurs combattants le 30 mai 2014 \u00e0 Buleusa\/Katiku (Nord-Kivu) et \u00e0 Lubumba (Sud-Kivu). Nous sommes inquiets que jusqu\u2019\u00e0 ce jour ni les autorit\u00e9s congolaises, ni la communaut\u00e9 internationale, ni la MONUSCO ne font absolument rien pour saisir la main tendue des FDLR. Car nous pensons qu\u2019il faut les prendre au mot et prendre \u00e0 l\u2019avance toutes dispositions n\u00e9cessaires pour rendre effective cette reddition. D\u2019autant plus qu\u2019il est \u00e9vident que l\u2019utilisation de la seule force ne r\u00e9ussira jamais \u00e0 d\u00e9manteler les FDLR, qui continueront \u00e0 servir de pr\u00e9texte \u00e0 bien des aventures meurtri\u00e8res de la part tant du Rwanda que de nombreux groupes arm\u00e9s locaux dans le Kivu.<\/p>\n<p><strong>2 \u2013 R\u00e9forme du Secteur de S\u00e9curit\u00e9 et DDR :<\/strong><br \/>\n\u00ab O\u00f9 en est-on avec la r\u00e9forme du secteur de s\u00e9curit\u00e9 ? \u00bb, avons-nous demand\u00e9 sur nos calicots. La r\u00e9forme du secteur de s\u00e9curit\u00e9, y compris la Justice, un des engagements du Gouvernement Congolais au titre de l\u2019Accord-cadre, et un \u00e9l\u00e9ment primordial pour rendre possible la pacification et la stabilisation durable de l\u2019Est de la RDC. Mais c\u2019est aussi une r\u00e9forme essentielle pour permettre le d\u00e9sengagement progressif des troupes onusiennes, et rendre ainsi \u00e0 notre pays sa souverainet\u00e9. Pourtant aucun progr\u00e8s substantiel n\u2019a \u00e9t\u00e9 fait dans ce sens, hormis quelques actes ponctuels et souvent superficiels, qui sont loin de juguler v\u00e9ritablement les probl\u00e8mes de fragmentation politico-ethnique de l\u2019arm\u00e9e nationale, de d\u00e9ficit de formation professionnelle, de pr\u00e9carit\u00e9 des militaires et de leurs familles, d\u2019indiscipline et d\u2019affairisme, d\u2019impunit\u00e9 \u2013 surtout de hauts grad\u00e9s \u2013 , de manque d\u2019\u00e9quipements, etc. Nous pressons le Gouvernement \u00e0 publier une feuille de route claire de la r\u00e9forme du secteur de s\u00e9curit\u00e9, et appelons la communaut\u00e9 internationale \u00e0 exiger des r\u00e9sultats concrets dans ce processus, comme pr\u00e9-condition de la poursuite de sa coop\u00e9ration avec les autorit\u00e9s Congolaises. Il en est de m\u00eame du DDRRR, sans lequel tous les efforts de stabilisation et de d\u00e9veloppement de l\u2019Est de la RDC seront vains.<\/p>\n<p><strong>3 \u2013 Criminels r\u00e9fugi\u00e9s au Rwanda et en Ouganda :<\/strong><br \/>\nNous appelons la communaut\u00e9 internationale, sp\u00e9cialement Madame Mary Robinson, \u00e0 accentuer la pression sur le Rwanda et l\u2019Ouganda pour la remise sans d\u00e9lai \u00e0 la justice Congolaise des criminels du CNDP et du M23 se trouvant sur leurs territoires, en violation flagrante de leurs engagements au titre de l\u2019Accord-cadre, et d\u2019autres engagements r\u00e9gionaux. Il s\u2019agit notamment de Laurent Nkunda, Sultani Makenga, Baudouin Ngaruye, S\u00e9raphin Mirindi, et leurs compagnons civils et militaires. L\u2019une des causes de la r\u00e9p\u00e9tition des violences dans cette r\u00e9gion \u00e9tant le non-respect de leurs engagements par les Parties, la communaut\u00e9 internationale, garante de l\u2019Accord-cadre, doit cesser d\u2019\u00eatre complaisante vis-\u00e0-vis de l\u2019attitude d\u00e9fiante de ces deux pays.<\/p>\n<p><strong>4 \u2013 La Brigade d\u2019intervention, que fait-elle aujourd\u2019hui ?<\/strong><br \/>\nPlus de 6 mois apr\u00e8s la d\u00e9faite du M23, et hormis ses quelques assistances aux FARDC dans les op\u00e9rations \u00e0 Beni et Masisi, la Brigade d\u2019intervention se repose dans ses camps \u00e0 Goma, Nyabyondo, Pinga, Rwindi, ou alors elle s\u2019adonne aux patrouilles de routine comme celles que m\u00e8nent all\u00e8grement, depuis 14 ans, les autres contingents de la MONUSCO. Pendant ce temps, les groupes arm\u00e9s qu\u2019elle est cens\u00e9e neutraliser, avec ou sans l\u2019assistance des FARDC, continuent \u00e0 s\u00e9vir partout. M\u00eame les op\u00e9rations contre les FDLR continuent d\u2019\u00eatre un simple slogan politico-m\u00e9diatique. Nous exigeons la poursuite par la Brigade d\u2019intervention de sa mission de neutralisation de tous les groupes arm\u00e9s, jusqu\u2019\u00e0 leur neutralisation totale.<\/p>\n<p>Pour finir, nous d\u00e9non\u00e7ons les intimidations et le harc\u00e8lement dont nos militants ont \u00e9t\u00e9 l\u2019objet de la part des agents de s\u00e9curit\u00e9 de la MONUSCO et du protocole d\u2019Etat, jusqu\u2019\u00e0 nous chasser brutalement du lieu de la manifestation, ce mercredi 21 mai 2014 \u00e0 l\u2019h\u00f4tel Ihusi de Goma, alors que nous agissions comme toujours dans la s\u00e9r\u00e9nit\u00e9 et la non-violence qui nous caract\u00e9risent. De tels actes d\u00e9shonorent gravement le Gouvernement Congolais, ainsi que la MONUSCO, cens\u00e9e promouvoir le respect des valeurs comme la libert\u00e9 d\u2019expression et de manifestation, et nous appelons les responsables c\u00f4t\u00e9 MONUSCO et Gouvernement provincial \u00e0 en sanctionner les auteurs, \u00e0 moins de les cautionner.<\/p>\n<p><em>Pour la LUCHA<\/em><br \/>\n<em>Serge Sivyavugha, militant.\u00a0<\/em><br \/>\n<em>T\u00e9l : +243 994 049 282<\/em><\/p>\n<p>Version imprimable (MS Word) du communiqu\u00e9 de presse ici :<a style=\"color: #3b5998;\" href=\"https:\/\/drive.google.com\/file\/d\/0B0r114rrPo25MXVreHVsQmljcTQ\/edit?usp=sharing\" target=\"_blank\" rel=\"nofollow noopener\">https:\/\/drive.google.com\/file\/<wbr \/>d\/0B0r114rrPo25MXVreHVsQmljcTQ\/<wbr \/>edit?usp=sharing<\/a><\/p>\n<p><strong><em>Qu\u2019est-ce que la LUCHA ?<\/em><\/strong><br \/>\nLutte pour le Changement (LUCHA) : un mouvement citoyen des jeunes Congolais r\u00e9volt\u00e9s par la situation de leur pays, convaincus de la n\u00e9cessit\u00e9 d\u2019un changement radical du syst\u00e8me actuel, et d\u00e9termin\u00e9s \u00e0 lutter \u00e9nergiquement, mais toujours dans la non-violence, pour l\u2019av\u00e8nement d\u2019un Congo Nouveau, qui sera v\u00e9ritablement ind\u00e9pendant, uni, paisible et prosp\u00e8re.<br \/>\nPour en savoir plus sur le mouvement Lutte pour le Changement (LUCHA) :<br \/>\nProspectus :\u00a0<a style=\"color: #3b5998;\" href=\"https:\/\/drive.google.com\/file\/d\/0B0r114rrPo25cDgwelN4dVdMckk\/edit?usp=sharing\" target=\"_blank\" rel=\"nofollow noopener\">https:\/\/drive.google.com\/file\/<wbr \/>d\/0B0r114rrPo25cDgwelN4dVdMckk\/<wbr \/>edit?usp=sharing<\/a><br \/>\nPage Facebook :\u00a0<a style=\"color: #3b5998;\" href=\"https:\/\/www.facebook.com\/lucha.rdcongo\" rel=\"nofollow\">https:\/\/www.facebook.com\/<wbr \/>lucha.rdcongo<\/a><br \/>\nTwitter :\u00a0<a style=\"color: #3b5998;\" href=\"https:\/\/www.facebook.com\/l.php?u=https%3A%2F%2Ftwitter.com%2FluchaRDC&amp;h=gAQGFoUe4&amp;enc=AZOdhajXxGtw9VFQzHsDzNZnF47OGeM-RRCzmMpaqVKuiUUMUboUNFAvj7Sn1ASiQIFt1awkXVM9aSavoDPWZNygiGRpPi3dk4LITQwQowvhjvYqB88UB-w2ntYe-0tSLBrPqeH9ti570JA1CLBB2Muh&amp;s=1\" target=\"_blank\" rel=\"nofollow noopener\">https:\/\/twitter.com\/luchaRDC<\/a><br \/>\nBlog :\u00a0<a style=\"color: #3b5998;\" href=\"https:\/\/www.facebook.com\/l.php?u=https%3A%2F%2Fcongolucha.wordpress.com%2F&amp;h=-AQGH3UFz&amp;enc=AZNoYfQWDZdVet8RMm6kBo0xdDNsJzfrWOLszkafSMAs0sgtJiNjja-8mL-09wjMe9m29XDO_eapvOVV4yAIgO9rKMHa7n8XHfx4dWdjOlBqrZwzsKkOjq6acABZmh40Qoy60LMIz-W-GYjx5XHu1a4j&amp;s=1\" target=\"_blank\" rel=\"nofollow noopener\">https:\/\/<wbr \/>congolucha.wordpress.com\/<\/a>\t\t<\/p>\n","protected":false},"excerpt":{"rendered":"<p>Goma, le 21 mai 2014. Communiqu\u00e9 de presse de la Lucha RD Congo &#8211; Manifestation \u00e0 l&#8217;occasion de la 7\u00e8 session du Comit\u00e9 d&#8217;Appui Technique de l&#8217;Accord-cadre qui se tient \u00e0 Goma cette semaine. &nbsp; Notre mouvement a effectu\u00e9 ce mercredi 21 mai 2014, une manifestation non-violente \u00e0 l\u2019h\u00f4tel Ihusi o\u00f9 se r\u00e9unissent les d\u00e9l\u00e9gu\u00e9s [&hellip;]<\/p>\n","protected":false},"author":1,"featured_media":6626,"comment_status":"open","ping_status":"open","sticky":false,"template":"","format":"standard","meta":{"_acf_changed":false,"content-type":"","footnotes":""},"categories":[160,124],"tags":[],"class_list":["post-6625","post","type-post","status-publish","format-standard","has-post-thumbnail","hentry","category-nouvelles-front-est","category-politique-societe"],"acf":[],"_links":{"self":[{"href":"https:\/\/congolobilelo.com\/IN\/wp-json\/wp\/v2\/posts\/6625","targetHints":{"allow":["GET"]}}],"collection":[{"href":"https:\/\/congolobilelo.com\/IN\/wp-json\/wp\/v2\/posts"}],"about":[{"href":"https:\/\/congolobilelo.com\/IN\/wp-json\/wp\/v2\/types\/post"}],"author":[{"embeddable":true,"href":"https:\/\/congolobilelo.com\/IN\/wp-json\/wp\/v2\/users\/1"}],"replies":[{"embeddable":true,"href":"https:\/\/congolobilelo.com\/IN\/wp-json\/wp\/v2\/comments?post=6625"}],"version-history":[{"count":0,"href":"https:\/\/congolobilelo.com\/IN\/wp-json\/wp\/v2\/posts\/6625\/revisions"}],"wp:featuredmedia":[{"embeddable":true,"href":"https:\/\/congolobilelo.com\/IN\/wp-json\/"}],"wp:attachment":[{"href":"https:\/\/congolobilelo.com\/IN\/wp-json\/wp\/v2\/media?parent=6625"}],"wp:term":[{"taxonomy":"category","embeddable":true,"href":"https:\/\/congolobilelo.com\/IN\/wp-json\/wp\/v2\/categories?post=6625"},{"taxonomy":"post_tag","embeddable":true,"href":"https:\/\/congolobilelo.com\/IN\/wp-json\/wp\/v2\/tags?post=6625"}],"curies":[{"name":"wp","href":"https:\/\/api.w.org\/{rel}","templated":true}]}}