{"id":6611,"date":"2014-05-19T11:39:51","date_gmt":"2014-05-19T11:39:51","guid":{"rendered":"http:\/\/www.ingeta.com\/?p=6611"},"modified":"2014-05-19T11:39:51","modified_gmt":"2014-05-19T11:39:51","slug":"le-17-mai-1997-la-falsification-de-lhistoire-du-congo-et-la-necessaire-refondation-des-congolais","status":"publish","type":"post","link":"https:\/\/congolobilelo.com\/IN\/le-17-mai-1997-la-falsification-de-lhistoire-du-congo-et-la-necessaire-refondation-des-congolais\/","title":{"rendered":"Le 17 mai 1997, la falsification de l\u2019histoire du Congo et la n\u00e9cessaire refondation des Congolais"},"content":{"rendered":"<p>\t\t\t\tL\u2019analyste politique Jean-Pierre Mbelu apporte un \u00e9clairage politique et historique du 17 mai 1997 pour la RDC (et de l\u2019entr\u00e9e de l\u2019AFDL \u00e0 Kinshasa), d\u00e9crypte la falsification de notre histoire par les m\u00e9dias dominants, explique pourquoi le gouvernement fant\u00f4che de Kinshasa est insensible aux violences perpetr\u00e9es contre le peuple congolais. Et invite \u00e0 travailler au renouvellement de l\u2019homme congolais et de la femme congolaise.<\/p>\n<p><iframe loading=\"lazy\" width=\"560\" height=\"360\" src=\"\/\/www.youtube.com\/embed\/YmP_tkFK7KY\" frameborder=\"0\" allowfullscreen><\/iframe><\/p>\n<p><strong>Sur le sens de l\u2019entr\u00e9e de l\u2019AFDL \u00e0 Kinshasa le 17 mai 1997<\/strong><\/p>\n<blockquote><p>L\u2019entr\u00e9e de l\u2019AFDL au Congo n\u2019a pas \u00e9t\u00e9 une r\u00e9volution. Elle \u00e9tait une suite logique de la guerre de basse intensit\u00e9 men\u00e9e contre notre pays par les multinationales et leurs petites mains. Cette guerre a engag\u00e9 les forces africaines, rwandaises, ougandaises, burundaises, et quelques tra\u00eetres congolais. Pendant tout un temps, un certain nombre d\u2019entre nous a cru qu\u2019il y avait une guerre de lib\u00e9ration. Mais petit \u00e0 petit, avec la documentation recueillie sur cette guerre, avec les diff\u00e9rents rapports des experts de l\u2019ONU, nous sommes arriv\u00e9s \u00e0 nous rendre compte qu\u2019il s\u2019agissait purement et simplement d\u2019une guerre de pr\u00e9dation, d\u2019une guerre de basse intensit\u00e9, men\u00e9e par proxys interpos\u00e9s. Aujourd\u2019hui parler de \u00ab la r\u00e9volution \u00bb de l\u2019AFDL (comme l\u2019a fait la Radio Okapi), c\u2019est faire un usage abusif des mots. C\u2019est tomber dans l\u2019inversion s\u00e9mantique et c\u2019est une fa\u00e7on de participer \u00e0 la falsification de l\u2019histoire de notre pays.<br \/>\nOn devrait proc\u00e9der \u00e0 un inventaire, non pas un inventaire fantaisiste mais un inventaire approfondi de ce qu\u2019il y a eu, \u00e0 partir surtout de l\u2019ann\u00e9e 1996 jusqu\u2019\u00e0 l\u2019entr\u00e9e de l\u2019AFDL. Il y a eu une certaine fa\u00e7on de dribbler les congolais en leur faisant miroiter ceux qui pouvaient les pousser \u00e0 adh\u00e9rer aux th\u00e8ses de l\u2019AFDL. La prise de Kinshasa et de tout le Congo par l\u2019arm\u00e9e ougando-burundo-rwandaise, dans laquelle on a retrouv\u00e9 quelques congolais, a particip\u00e9 \u00e0 la confection d\u2019un \u00e9v\u00e9nement profond.<br \/>\nQuand on constitue un \u00e9v\u00e9nement profond, le discours officiel n\u2019a rien \u00e0 voir avec le d\u00e9roulement officieux de cet \u00e9v\u00e9nement. Ce sont les tireurs de ficelles tapis dans l\u2019ombre qui jouent le jeu, mais qui th\u00e9\u00e2tralisent la face officielle de ce jeu, en essayant d\u2019y injecter des pantins du genre, Laurent-D\u00e9sir\u00e9 Kabila et autres Kagam\u00e9 ou Museveni. <\/p><\/blockquote>\n<p><strong>Sur la lecture du 17 mai 1997 par Radio Okapi et les m\u00e9dias dominants<\/strong><\/p>\n<blockquote><p>Dans un pays o\u00f9 le pluralisme m\u00e9diatique est proscrit, il y a une radio qui est s\u00e9rieusement financ\u00e9e par les forces ext\u00e9rieures impliqu\u00e9es dans cette guerre de basse intensit\u00e9 men\u00e9e contre les Congolais.<br \/>\nCes forces visent, \u00e0 travers leurs m\u00e9dias mensonges et dominants, le d\u00e9cervelage et la lobotomisation des congolais. Et ces m\u00e9dias orchestrent la propagande des cosmocrates, des multinationales et de l\u2019\u00e9lite dominante anglo-saxonne mais celle des n\u00e8gres de service qui op\u00e8rent \u00e0 partir de l\u2019Afrique des Grands Lacs.<br \/>\nComment tout d\u2019un coup, Radio Okapi met entre parenth\u00e8ses toute la documentation qu\u2019il y a eu autour de cette guerre. Aujourd\u2019hui, il y a moyen d\u2019\u00e9tudier la guerre de l\u2019AFDL par les livres. Ces gens nous prennent pour des imb\u00e9ciles.<br \/>\nRadio Okapi est le lieu de la propagande de l\u2019histoire falsifi\u00e9e, mais officielle de notre pays.<br \/>\nVoici pourquoi ces m\u00e9dias et ceux qui les entretiennent falsifient en permanence l\u2019histoire des pays qu\u2019ils tiennent \u00e0 dominer: Ces pays, les cosmocrates, les multinationales et les milieux financiers, participent de la falsification de l\u2019histoire parce qu\u2019ils la reconduisent r\u00e9guli\u00e8rement.<br \/>\nL\u2019histoire doit \u00eatre falsifi\u00e9e pour que sa r\u00e9\u00e9criture par les dignes filles et fils du Congo ne puisse pas aider \u00e0 l\u2019\u00e9mancipation politique et \u00e9conomique de notre pays.<\/p><\/blockquote>\n<p>Sur le bilan de Laurent-D\u00e9sir\u00e9 Kabila \u00e0 la t\u00eate du Congo<\/p>\n<blockquote><p>Le cas de Laurent-D\u00e9sir\u00e9 Kabila est ambigu. Il a commenc\u00e9 par jouer le r\u00f4le de pantin. Peut-\u00eatre qu\u2019il avait une strat\u00e9gie propre \u00e0 lui, peut-\u00eatre qu\u2019il pensait qu\u2019il pouvait dans un premier temps adh\u00e9rer aux th\u00e8ses du r\u00e9seau transnational de pr\u00e9dation avec les n\u00e8gres de service, Museveni et Kagame, et une fois arriv\u00e9 au pays, il changerait son fusil d\u2019\u00e9paule. C\u2019est quand il a commenc\u00e9 \u00e0 vouloir r\u00e9ellement devenir le souverain du peuple qu\u2019il a \u00e9t\u00e9 assassin\u00e9.<br \/>\nVoil\u00e0 pourquoi son cas est ambigu : Il a jou\u00e9 un r\u00f4le n\u00e9gatif, mais quand il a commenc\u00e9 \u00e0 vouloir jouer un r\u00f4le positif pour le Congo, il a \u00e9t\u00e9 tu\u00e9. <\/p><\/blockquote>\n<p><strong>Sur les r\u00e9v\u00e9lations du colonel Makensi sur l\u2019infiltration de l\u2019arm\u00e9e congolaise<\/strong><\/p>\n<blockquote><p>Ces r\u00e9v\u00e9lations reviennent sur des secrets de polichinelle mais le t\u00e9moignage de Makensi a l\u2019avantage de pouvoir \u00eatre suffisamment d\u00e9taill\u00e9. On se rend compte du cynisme avec lequel la guerre du M23 a \u00e9t\u00e9 men\u00e9e. Et puis les  r\u00e9v\u00e9lations du colonel Makensi ont aussi cet avantage de pouvoir nommer les infiltr\u00e9s de l\u2019arm\u00e9e avec leurs num\u00e9ros de matricule.<br \/>\nSi nous avions \u00e9t\u00e9 dans un pays s\u00e9rieux, l\u2019opposition et les parlementaires utiliseraient ce t\u00e9moignage pour demander des comptes au gouvernement. En RDC, on ne poursuit aucun falsificateur de l\u2019histoire, aucun meurtrier s\u00e9rieux, aucun assassin s\u00e9rieux en justice. Nous avons, chez nous, un conglom\u00e9rat d\u2019aventuriers, qui s\u00e8me la mort depuis les ann\u00e9es 1990 et on voudrait trouver une issue facile \u00e0 ces gens.<br \/>\nCes r\u00e9v\u00e9lations doivent \u00eatre conserv\u00e9es. Un jour, si les choses changent, elles serviront. <\/p><\/blockquote>\n<p><strong>Sur les expuls\u00e9s congolais de Brazzaville<\/strong><\/p>\n<blockquote><p>Kinshasa n\u2019improvise rien. Le gouvernement fant\u00f4che de Kinshasa consid\u00e8re nos populations comme \u00e9tant non utilisables et bonnes pour la mort. Les r\u00e9v\u00e9lations de Makensi montrent comment ce qui est en train de se passer s\u2019inscrit dans toute une logique qui pourrait aboutir \u00e0 l\u2019application de la politique de la terre br\u00fbl\u00e9e \u00e0 Kinshasa. Et selon diff\u00e9rentes sources, presque chaque jour \u00e0 Kinshasa, il y a couvre-feu, il y a des tracasseries r\u00e9guli\u00e8res de la police envers nos populations\u2026 Nous devrions \u00eatre tr\u00e8s vigilants. Il y a de l\u2019\u00e9lectricit\u00e9 dans l\u2019air \u00e0 Kinshasa.<br \/>\nLe sol est en train de se d\u00e9rober sous les pieds du gouvernement fant\u00f4che de Kinshasa. Petit \u00e0 petit, il ne sait plus \u00e0 quel saint se vouer et il fait feu de tout bois. Nous ne serons pas surpris si demain Kinshasa s\u2019embrase. Ainsi les \u00e9lections ne pourraient pas avoir lieu.<br \/>\nApr\u00e8s tous ces massacres, apr\u00e8s tous ces assassinats, apr\u00e8s une application de la politique de l\u2019amnistie \u00e0 la t\u00eate du client, apr\u00e8s le financement du M23 par le gouvernement fant\u00f4che de Kinshasa, voil\u00e0 que demain, on voudrait nous dire : \u00ab nous mettons sur pied un gouvernement de coh\u00e9sion nationale \u00bb. Il n\u2019y a de coh\u00e9sion nulle part. <\/p><\/blockquote>\n<p><strong>Sur le renouvellement de la classe politique congolaise<\/strong><\/p>\n<blockquote><p>L\u2019Afrique est en train d\u2019\u00eatre s\u00e9rieusement d\u00e9stabilis\u00e9e. Et cette d\u00e9stabilisation part de son c\u0153ur, le Congo. Nous devons, lorsque nous traitons de ce qui se passe au Congo, avec un regard large. Comment va le monde aujourd\u2019hui ? Quand on lit les m\u00e9dias alternatifs (Le grand Soir, Voltaire, Investig\u2019action), on se rend compte que le danger d\u2019une guerre mondiale est en train de peser sur nos t\u00eates comme une \u00e9p\u00e9e de Damocl\u00e8s.<br \/>\nNous avons un probl\u00e8me de leadership au Congo. Il n\u2019y a pas de direction au Congo. Il n\u2019y a pas de capitaine dans le bateau. Il n\u2019y a rien.<br \/>\nLe Congo est un terrain vague. C\u2019est un pays sous occupation et sous tutelle qui est en train d\u2019\u00eatre d\u00e9moli.<br \/>\nComment voulez-vous que des gens qui se contentent de leurs titres de ministres et de leurs titres de parlementaires puissent avoir des projets \u00e0 court, moyen et long terme pour le Congo ?<br \/>\nIls font de la navigation \u00e0 vue, parce qu\u2019ils ne sont pas all\u00e9s en politique pour servir le peuple et le pays. Ce sont des petites \u00e9vidences qui devraient nous convaincre que nous acharner sur ceux qui nous estimons \u00eatre nos politiciens aujourd\u2019hui ne sert pas \u00e0 grand-chose. Nous devons beaucoup plus travailler au renouvellement de la classe politique congolaise, et beaucoup plus profond\u00e9ment au renouvellement de l\u2019homme congolais et de la femme congolaise. <\/p><\/blockquote>\n<p><\/br><\/p>\n","protected":false},"excerpt":{"rendered":"<p>L\u2019analyste politique Jean-Pierre Mbelu apporte un \u00e9clairage politique et historique du 17 mai 1997 pour la RDC (et de l\u2019entr\u00e9e de l\u2019AFDL \u00e0 Kinshasa), d\u00e9crypte la falsification de notre histoire par les m\u00e9dias dominants, explique pourquoi le gouvernement fant\u00f4che de Kinshasa est insensible aux violences perpetr\u00e9es contre le peuple congolais. Et invite \u00e0 travailler au [&hellip;]<\/p>\n","protected":false},"author":1,"featured_media":6612,"comment_status":"open","ping_status":"open","sticky":false,"template":"","format":"standard","meta":{"_acf_changed":false,"content-type":"","footnotes":""},"categories":[107,124],"tags":[],"class_list":["post-6611","post","type-post","status-publish","format-standard","has-post-thumbnail","hentry","category-analyses-commentaires","category-politique-societe"],"acf":[],"_links":{"self":[{"href":"https:\/\/congolobilelo.com\/IN\/wp-json\/wp\/v2\/posts\/6611","targetHints":{"allow":["GET"]}}],"collection":[{"href":"https:\/\/congolobilelo.com\/IN\/wp-json\/wp\/v2\/posts"}],"about":[{"href":"https:\/\/congolobilelo.com\/IN\/wp-json\/wp\/v2\/types\/post"}],"author":[{"embeddable":true,"href":"https:\/\/congolobilelo.com\/IN\/wp-json\/wp\/v2\/users\/1"}],"replies":[{"embeddable":true,"href":"https:\/\/congolobilelo.com\/IN\/wp-json\/wp\/v2\/comments?post=6611"}],"version-history":[{"count":0,"href":"https:\/\/congolobilelo.com\/IN\/wp-json\/wp\/v2\/posts\/6611\/revisions"}],"wp:featuredmedia":[{"embeddable":true,"href":"https:\/\/congolobilelo.com\/IN\/wp-json\/"}],"wp:attachment":[{"href":"https:\/\/congolobilelo.com\/IN\/wp-json\/wp\/v2\/media?parent=6611"}],"wp:term":[{"taxonomy":"category","embeddable":true,"href":"https:\/\/congolobilelo.com\/IN\/wp-json\/wp\/v2\/categories?post=6611"},{"taxonomy":"post_tag","embeddable":true,"href":"https:\/\/congolobilelo.com\/IN\/wp-json\/wp\/v2\/tags?post=6611"}],"curies":[{"name":"wp","href":"https:\/\/api.w.org\/{rel}","templated":true}]}}