{"id":6606,"date":"2014-05-18T18:23:06","date_gmt":"2014-05-18T18:23:06","guid":{"rendered":"http:\/\/www.ingeta.com\/?p=6606"},"modified":"2014-05-18T18:23:06","modified_gmt":"2014-05-18T18:23:06","slug":"patrick-mbeko-sur-la-question-de-la-nationalite-de-vital-kamerhe","status":"publish","type":"post","link":"https:\/\/congolobilelo.com\/IN\/patrick-mbeko-sur-la-question-de-la-nationalite-de-vital-kamerhe\/","title":{"rendered":"Patrick Mbeko sur la question de la nationalit\u00e9 de Vital Kamerhe"},"content":{"rendered":"<p>\t\t\t\tLes expulsions et les violences contre les congolais refoul\u00e9s du Congo-Brazzaville mais surtout la \u00ab pol\u00e9mique \u00bb sur la nationalit\u00e9 de Vital Kamerhe, dans une interview avec le journaliste <a href=\"http:\/\/oeildafrique.com\/\" target=\"_blank\" rel=\"noopener\">Roger Musandji<\/a>, l\u2019analyste politique et auteur, Patrick Mbeko (qui vient de publier &#8220;<a href=\"http:\/\/www.amazon.fr\/Canada-Pouvoir-Tutsi-Rwanda-complicit%C3%A9\/dp\/2981300407\/ref=sr_1_1?ie=UTF8&amp;qid=1400437504&amp;sr=8-1&amp;keywords=mbeko\" target=\"_blank\" rel=\"noopener\">Le Canada et le pouvoir tutsi du Rwanda<\/a>&#8220;) recadre les d\u00e9bats et se positionne sur le terrain de la loi.<\/p>\n<p>Le message de Patrick Mbeko: &#8220;Le d\u00e9bat sur la nationalit\u00e9 de Kamerhe est mal pos\u00e9. La question n\u2019est pas de savoir si tel ou tel est congolais ou pas. La question essentielle est la suivante : Est-on \u00e9ligible au regard de la Constitution congolaise ?&#8221;<\/p>\n<p><iframe loading=\"lazy\" src=\"\/\/www.youtube.com\/embed\/zPmsU4Sx6uU\" width=\"560\" height=\"360\" frameborder=\"0\" allowfullscreen=\"allowfullscreen\"><\/iframe>\t\t<\/p>\n","protected":false},"excerpt":{"rendered":"<p>Les expulsions et les violences contre les congolais refoul\u00e9s du Congo-Brazzaville mais surtout la \u00ab pol\u00e9mique \u00bb sur la nationalit\u00e9 de Vital Kamerhe, dans une interview avec le journaliste Roger Musandji, l\u2019analyste politique et auteur, Patrick Mbeko (qui vient de publier &#8220;Le Canada et le pouvoir tutsi du Rwanda&#8220;) recadre les d\u00e9bats et se positionne [&hellip;]<\/p>\n","protected":false},"author":1,"featured_media":6607,"comment_status":"open","ping_status":"open","sticky":false,"template":"","format":"video","meta":{"_acf_changed":false,"content-type":"","footnotes":""},"categories":[148,124,133],"tags":[],"class_list":["post-6606","post","type-post","status-publish","format-video","has-post-thumbnail","hentry","category-documents-presse","category-politique-societe","category-videos","post_format-post-format-video"],"acf":[],"_links":{"self":[{"href":"https:\/\/congolobilelo.com\/IN\/wp-json\/wp\/v2\/posts\/6606","targetHints":{"allow":["GET"]}}],"collection":[{"href":"https:\/\/congolobilelo.com\/IN\/wp-json\/wp\/v2\/posts"}],"about":[{"href":"https:\/\/congolobilelo.com\/IN\/wp-json\/wp\/v2\/types\/post"}],"author":[{"embeddable":true,"href":"https:\/\/congolobilelo.com\/IN\/wp-json\/wp\/v2\/users\/1"}],"replies":[{"embeddable":true,"href":"https:\/\/congolobilelo.com\/IN\/wp-json\/wp\/v2\/comments?post=6606"}],"version-history":[{"count":0,"href":"https:\/\/congolobilelo.com\/IN\/wp-json\/wp\/v2\/posts\/6606\/revisions"}],"wp:featuredmedia":[{"embeddable":true,"href":"https:\/\/congolobilelo.com\/IN\/wp-json\/"}],"wp:attachment":[{"href":"https:\/\/congolobilelo.com\/IN\/wp-json\/wp\/v2\/media?parent=6606"}],"wp:term":[{"taxonomy":"category","embeddable":true,"href":"https:\/\/congolobilelo.com\/IN\/wp-json\/wp\/v2\/categories?post=6606"},{"taxonomy":"post_tag","embeddable":true,"href":"https:\/\/congolobilelo.com\/IN\/wp-json\/wp\/v2\/tags?post=6606"}],"curies":[{"name":"wp","href":"https:\/\/api.w.org\/{rel}","templated":true}]}}