{"id":6601,"date":"2014-05-17T21:50:29","date_gmt":"2014-05-17T21:50:29","guid":{"rendered":"http:\/\/www.ingeta.com\/?p=6601"},"modified":"2014-05-17T21:50:29","modified_gmt":"2014-05-17T21:50:29","slug":"le-17-mai-et-les-medias-dominants","status":"publish","type":"post","link":"https:\/\/congolobilelo.com\/IN\/le-17-mai-et-les-medias-dominants\/","title":{"rendered":"Le 17 mai et les m\u00e9dias dominants"},"content":{"rendered":"<p>\t\t\t\t<em>Par Jean-Pierre Mbelu<\/em><\/p>\n<p><strong>Lire les m\u00e9dias nous exige toujours un grand esprit de discernement. Plusieurs d\u2019entre eux participent de la falsification de l\u2019histoire des peuples et du d\u00e9cervelage des masses populaires. Avoir des m\u00e9dias alternatifs devient de plus en plus une n\u00e9cessit\u00e9 pour contrer les d\u00e9g\u00e2ts caus\u00e9s par les m\u00e9dias dominants. En RDC, la Radio Okapi devrait \u00eatre soumise \u00e0 une critique permanente. Elle donne de plus en plus l\u2019impression d\u2019\u00eatre un v\u00e9ritable m\u00e9dia dominant. La preuve : elle nie tous les correctifs apport\u00e9s les livres, articles, t\u00e9moignages, films et rapports des experts de l\u2019ONU sur la guerre de l\u2019AFDL en ce vendredi 17 mai 2014.<\/strong><\/p>\n<p>Les compatriotes lisant les informations sur le site de la Radio Okapi seront peut-\u00eatre \u00e9tonn\u00e9s de lire \u2018\u2019une version officiellement dominante\u2019\u2019 de la guerre de l\u2019AFDL[1]. Il y aurait eu, selon la Radio Okapi, \u2018\u2019une r\u00e9volution du 17 mai\u2019\u2019 men\u00e9e par l\u2019AFDL de Laurent-D\u00e9sir\u00e9 Kabila et ayant conduit \u00e0 chasser Mobutu du pouvoir. Curieux ! Cet article met entre parenth\u00e8se tous les rapports des experts de l\u2019ONU sur la guerre de pr\u00e9dation et de basse intensit\u00e9 men\u00e9e par l\u2019\u00e9lite dominante anglo-saxonne contre le Za\u00efre de Mobutu par les proxys ougando-rwando-burundais interpos\u00e9s. Il fait comme si tous les livres, films-documentaires et t\u00e9moignages \u00e9crits sur cette guerre depuis les ann\u00e9es 90 n\u2019existaient pas. Triste ! Il fait comme si le message du d\u00e9part de Mobutu de la t\u00eate du Za\u00efre ne lui avait pas \u00e9t\u00e9 livr\u00e9 par un ambassadeur am\u00e9ricain du nom de Bill Richardson. C\u2019est-\u00e0-dire un l\u00e9gat de l\u2019un des pays ayant particip\u00e9 \u00e0 l\u2019assassinat de Patrice Lumumba le 17 janvier 1961 pour faire de Joseph-D\u00e9sir\u00e9 Mobutu \u2018\u2019le roi du Za\u00efre\u2019\u2019.<\/p>\n<p>Contrairement \u00e0 la Radio Okapi, nous soutenons haut et fort que le 17 mai 1997, il n\u2019y a pas eu de \u2018\u2019r\u00e9volution\u2019\u2019 au Za\u00efre. Il y a eu, au contraire, \u2018\u2019un coup d\u2019Etat doux\u2019\u2019, un aboutissement d\u2019une guerre de basse intensit\u00e9 et de pr\u00e9dation anglo-saxonne. Elle a port\u00e9 un pantin congolais sur la sc\u00e8ne th\u00e9\u00e2tralisant cette guerre pour en faire \u2018\u2019un pr\u00e9sident\u2019\u2019. (Quand ce Congolais cherchera \u00e0 rompre avec la th\u00e9\u00e2tralisation de cette guerre \u2018\u2019r\u00e9volutionnaire\u2019\u2019 pour devenir \u2018\u2019le v\u00e9ritable pr\u00e9sident du Congo\u2019\u2019, il sera assassin\u00e9 le 16 janvier 2001. Relisons bien les dates : Lumumba est assassin\u00e9 le 17 janvier 1961 et Laurent-D\u00e9sir\u00e9 Kabila le 16 janvier 2001. Est-ce anodin ? Nous ne croyons pas.)<\/p>\n<p>Quand la Radio Okapi offre sa \u2018\u2019version officiellement dominante\u2019\u2019 de la guerre de l\u2019AFDL, elle donne la nette impression de participer de la falsification de l\u2019histoire du Congo de Lumumba. Ce faisant, elle semble d\u00e9voiler une part de sa mission : d\u00e9cerveler, lobotomiser les Congolais(es) en les invitant \u00e0 \u00e9couter une version falsifi\u00e9e de leur histoire. Or, la Radio Okapi est l\u2019une des rares radios \u00e0 \u00eatre suivies aux quatre coins de la RDC. Il y aurait l\u00e0, un travail fait subrepticement, sur le court, moyen et long terme pour casser la conscience historique collective chez les auditeurs congolais non-avertis de cette radio ; un travail fait pour cacher les responsabilit\u00e9s historiques des acteurs majeurs de la guerre de basse intensit\u00e9 et de pr\u00e9dation tendant \u00e0 effacer la RDC de la carte du monde et pour abrutir davantage les plus na\u00effs d\u2019entre nous. Proc\u00e8s d\u2019intention ? Peut-\u00eatre ! Mais comment la Radio Okapi peut-elle, malgr\u00e9 toute la documentation accumul\u00e9e aujourd\u2019hui sur la guerre de l\u2019AFDL, reconduire, 17 ans apr\u00e8s, la version \u00e9cul\u00e9e des va-t-en-guerre, receleurs des ressources strat\u00e9giques de la RDC et fossoyeurs de la patrie de Simon Kimbangu ? Les minorit\u00e9s organis\u00e9es et agissantes, les m\u00e9dias alternatifs et les autres patriotes R\u00e9sistants congolais devraient prendre toute la mesure du danger que court le Congo o\u00f9 le pluralisme m\u00e9diatique est proscrit.<\/p>\n<p>Non. Il n\u2019y a pas eu une \u2018\u2019r\u00e9volution\u2019\u2019 de l\u2019AFDL. Non. Il y a eu une guerre de pr\u00e9dation et de basse intensit\u00e9 men\u00e9e par l\u2019\u00e9lite dominante anglo-saxonne contre la RDC et les autres pays de l\u2019Afrique des Grands Lacs. Cette guerre se poursuit jusqu\u2019\u00e0 ce jour. Les m\u00e9dias dominants y participent.<\/p>\n<p>&nbsp;<\/p>\n<div style=\"color: #000000;\"><span lang=\"FR-BE\"><em>Mbelu Babanya Kabudi<\/em><\/span><\/div>\n<div style=\"color: #000000;\"><\/div>\n<div style=\"color: #000000;\">\n<hr align=\"left\" size=\"1\" width=\"33%\" \/>\n<div>\n<div><a style=\"color: #222222;\" title=\"\" name=\"14609fb8ad135b41__ftn1\"><\/a>[1]\u00a0<a style=\"color: #1155cc;\" href=\"http:\/\/radiookapi.net\/actualite\/2014\/05\/17\/17-ans-apres-la-revolution-du-17-mai-la-rdc-rend-hommage-ses-forces-armees\/#.U3c6d9JdVpM\" target=\"_blank\" rel=\"noopener\"><span style=\"color: windowtext;\">http:\/\/radiookapi.net\/<wbr \/>actualite\/2014\/05\/17\/17-ans-<wbr \/>apres-la-revolution-du-17-mai-<wbr \/>la-rdc-rend-hommage-ses-<wbr \/>forces-armees\/#.U3c6d9JdVpM<\/span><\/a><\/div>\n<\/div>\n<\/div>\n","protected":false},"excerpt":{"rendered":"<p>Par Jean-Pierre Mbelu Lire les m\u00e9dias nous exige toujours un grand esprit de discernement. Plusieurs d\u2019entre eux participent de la falsification de l\u2019histoire des peuples et du d\u00e9cervelage des masses populaires. Avoir des m\u00e9dias alternatifs devient de plus en plus une n\u00e9cessit\u00e9 pour contrer les d\u00e9g\u00e2ts caus\u00e9s par les m\u00e9dias dominants. En RDC, la Radio [&hellip;]<\/p>\n","protected":false},"author":1,"featured_media":6602,"comment_status":"open","ping_status":"open","sticky":false,"template":"","format":"standard","meta":{"_acf_changed":false,"content-type":"","footnotes":""},"categories":[122,124],"tags":[],"class_list":["post-6601","post","type-post","status-publish","format-standard","has-post-thumbnail","hentry","category-news-alertes","category-politique-societe"],"acf":[],"_links":{"self":[{"href":"https:\/\/congolobilelo.com\/IN\/wp-json\/wp\/v2\/posts\/6601","targetHints":{"allow":["GET"]}}],"collection":[{"href":"https:\/\/congolobilelo.com\/IN\/wp-json\/wp\/v2\/posts"}],"about":[{"href":"https:\/\/congolobilelo.com\/IN\/wp-json\/wp\/v2\/types\/post"}],"author":[{"embeddable":true,"href":"https:\/\/congolobilelo.com\/IN\/wp-json\/wp\/v2\/users\/1"}],"replies":[{"embeddable":true,"href":"https:\/\/congolobilelo.com\/IN\/wp-json\/wp\/v2\/comments?post=6601"}],"version-history":[{"count":0,"href":"https:\/\/congolobilelo.com\/IN\/wp-json\/wp\/v2\/posts\/6601\/revisions"}],"wp:featuredmedia":[{"embeddable":true,"href":"https:\/\/congolobilelo.com\/IN\/wp-json\/"}],"wp:attachment":[{"href":"https:\/\/congolobilelo.com\/IN\/wp-json\/wp\/v2\/media?parent=6601"}],"wp:term":[{"taxonomy":"category","embeddable":true,"href":"https:\/\/congolobilelo.com\/IN\/wp-json\/wp\/v2\/categories?post=6601"},{"taxonomy":"post_tag","embeddable":true,"href":"https:\/\/congolobilelo.com\/IN\/wp-json\/wp\/v2\/tags?post=6601"}],"curies":[{"name":"wp","href":"https:\/\/api.w.org\/{rel}","templated":true}]}}