{"id":6594,"date":"2014-05-15T11:04:42","date_gmt":"2014-05-15T11:04:42","guid":{"rendered":"http:\/\/www.ingeta.com\/?p=6594"},"modified":"2014-05-15T11:04:42","modified_gmt":"2014-05-15T11:04:42","slug":"les-revelations-de-linfiltration-des-fardc-par-le-colonel-makensi","status":"publish","type":"post","link":"https:\/\/congolobilelo.com\/IN\/les-revelations-de-linfiltration-des-fardc-par-le-colonel-makensi\/","title":{"rendered":"Les r\u00e9v\u00e9lations de l\u2019infiltration des FARDC par le Colonel Makensi"},"content":{"rendered":"<p>\t\t\t\tSource: <a href=\"http:\/\/desc-wondo.org\/les-revelations-de-linfiltration-des-fardc-par-le-colonel-makensi\/\">DESC-Wondo.org<\/a><\/p>\n<p>&nbsp;<\/p>\n<p><strong>Dans <a href=\"https:\/\/www.youtube.com\/watch?v=_MCDynJsetc\">une vid\u00e9o d\u2019un entretien Skype en lingala<\/a>, le colonel Makensi, un ex-FARDC en exil raconte avec des d\u00e9tails impressionnants des faits qui ont conduit \u00e0 la cr\u00e9ation du M23, \u00e0 l\u2019inflitration des FARDC par des soldats rwandais et les actes de sabotage des FARDC en 2012 par la haute hi\u00e9rarchie militaire des FARDC. Le colonel Makensi a \u00e9t\u00e9 un t\u00e9moin oculaire de la majorit\u00e9 des faits rapport\u00e9s dans cet entretien, notamment certains d\u00e9tails \u00e0 propos de l\u2019assassinat du Colonel Mamadou Ndala.<\/strong><\/p>\n<p><span style=\"font-style: inherit; font-weight: inherit;\">Le colonel Makensi situe le d\u00e9but de la r\u00e9bellion du M23 \u00e0 la suite d\u2019une mission de service effectu\u00e9e par le chef d\u2019\u00e9tat-major g\u00e9n\u00e9ral des FARDC, l\u2019arm\u00e9e loyaliste congolaise, le G\u00e9n\u00e9ral d\u2019arm\u00e9e\u00a0<b><strong style=\"font-style: inherit;\">Didier Etumba<\/strong><\/b>\u00a0\u00e0 Goma. Ce dernier avait remis au cours d\u2019un avant-midi une enveloppe contenant 25.000 USD \u00e0\u00a0<b><strong style=\"font-style: inherit;\">Makenga<\/strong><\/b>\u00a0et l\u2019apr\u00e8s-midi ce dernier cr\u00e9era le M23. Les autres officiers sup\u00e9rieurs qui l\u2019ont suivi ont re\u00e7u chacun 10.000 USD. L\u2019officier d\u00e9clare avoir connu\u00a0<b><strong style=\"font-style: inherit;\">Ntaganda<\/strong><\/b>\u00a0en Ituri comme \u00e9tant un sujet rwandais de l\u2019UPC de Thomas Lubanga, \u00e9lev\u00e9 G\u00e9n\u00e9ral par la suite par Kabila et commandant des op\u00e9rations au Nord-Kivu.<br \/>\n<\/span><\/p>\n<p><span style=\"font-style: inherit; font-weight: inherit;\">Makenga \u00e9tait commandant d\u2019une zone op\u00e9rationnelle au Sud-Kivu et a \u00e9t\u00e9 mut\u00e9 \u00e0 Goma par la hi\u00e9rarchie militaire pour lancer la r\u00e9bellion M23.\u00a0<\/span><\/p>\n<p><span style=\"font-style: inherit; font-weight: inherit;\">Il cite \u00e9galement un certain colonel rwandais Jonas Padiri Muhinzi (Matricule 162946615482), charg\u00e9 du renseignement au Nord-Kivu, promu g\u00e9n\u00e9ral en juillet 2013 par le pr\u00e9sident Kabila et le colonel rwandais Kahimbi Rigobert, le petit-fr\u00e8re de Laurent Nkunda, un ancien officier T2 (charg\u00e9 de renseignement) qui ont \u00e9t\u00e9 d\u00e9p\u00each\u00e9s par Kinshasa pour renforcer le M23.<\/span><\/p>\n<p><span style=\"font-style: inherit; font-weight: inherit;\">D\u2019autres officiers qualifi\u00e9s des rwandais, ex-CNDP et tous favorables au M23, ont \u00e9t\u00e9 promus par Kabila au grade de g\u00e9n\u00e9ral. Il s\u2019agit du g\u00e9n\u00e9ral-major\u00a0<b><strong style=\"font-style: inherit;\">Masunzu Pacifique<\/strong><\/b>\u00a0(matricule 1719062307), des g\u00e9n\u00e9raux de brigade\u00a0<b><strong style=\"font-style: inherit;\">Kahinzi Innocent<\/strong><\/b>\u00a0(matricule 172913617109) chef des op\u00e9rations au Nord-Kivu,\u00a0<b><strong style=\"font-style: inherit;\">Kamanzi Fran\u00e7ois<\/strong><\/b>\u00a0(matricule 174965700104),\u00a0<b><strong style=\"font-style: inherit;\">Padiri Muhinzi Jonas<\/strong><\/b>(168946615482),\u00a0<b><strong style=\"font-style: inherit;\">Ruriombere Rwanga Eric<\/strong><\/b>\u00a0(matricule 1690951464),,\u00a0<b><strong style=\"font-style: inherit;\">Rugahi Senga David<\/strong><\/b>\u00a0(160972748767),<b><strong style=\"font-style: inherit;\">Bonane Buhoro Willy<\/strong><\/b>\u00a0(matricule 168906018487),\u00a0<b><strong style=\"font-style: inherit;\">Kabundi Munyanziza Innocent<\/strong><\/b>\u00a0(matricule 170093462448),\u00a0<b><strong style=\"font-style: inherit;\">Munyakazi Sengi Esa\u00efe<\/strong><\/b>\u00a0(matricule 171913587323),<b><strong style=\"font-style: inherit;\">\u00a0Bivekete Jean<\/strong><\/b>\u00a0(auditeur g\u00e9n\u00e9ral des FARDC), le Lieutenant-g\u00e9n\u00e9ral\u00a0<b><strong style=\"font-style: inherit;\">Hamuli Bahigwa Dieudonn\u00e9\u00a0<\/strong><\/b>173792036464, un Hima de l\u2019Ituri et chef d\u2019\u00e9tat-major charg\u00e9 des op\u00e9rations au sein des FARDC,\u00a0<b><strong style=\"font-style: inherit;\">Giranga Mutara Smith<\/strong><\/b>\u00a0(175967652712),\u00a0<b><strong style=\"font-style: inherit;\">Rwibasira Robert<\/strong><\/b>. Une douzaine d\u2019officiers Tutsi et Hima promus g\u00e9n\u00e9raux sur 185 dans un pays qui comprend plus de 350 ethnies dont certaines non repr\u00e9sent\u00e9es parmi les 185 g\u00e9n\u00e9raux des FARDC alors que la seule ethnie Tutsi qui compose l\u2019essentiel des effectifs des rebellions RCD, CNDP et M23 qui ont caus\u00e9 plus de tort que de s\u00e9curit\u00e9 aux populations congolaises est sur repr\u00e9sent\u00e9e au m\u00e9pris des dispositions l\u00e9gales des FARDC.<\/span><\/p>\n<p><span style=\"font-style: inherit; font-weight: inherit;\">La<b><strong style=\"font-style: inherit;\">\u00a0Loi organique portant organisation et fonctionnement des FARDC<\/strong><\/b>\u00a0d\u00e9finit son article 2 \u00ab<b><strong style=\"font-style: inherit;\">\u00a0<\/strong><\/b><i><em style=\"font-weight: inherit;\"><b><strong style=\"font-style: inherit;\">l\u2019arm\u00e9e nationale<\/strong><\/b>\u00a0comme \u00e9tant celle dont\u00a0<b><strong style=\"font-style: inherit;\">les effectifs \u00e0 tous les niveaux sont compos\u00e9s de mani\u00e8re \u00e0 assurer une participation \u00e9quitable et \u00e9quilibr\u00e9e de toutes les provinces<\/strong><\/b>. Cet \u00e9quilibre se trouve \u00e0 tous les niveaux de l\u2019arm\u00e9e,\u00a0<b><strong style=\"font-style: inherit;\">en tenant compte de la repr\u00e9sentation des tribus, d\u2019ethnies et des femmes, sans distinction de religion ou de langue.\u00a0<\/strong><\/b>\u00bb<\/em><\/i><\/span><\/p>\n<p><span style=\"font-style: inherit; font-weight: inherit;\">Malheureusement, la r\u00e9alit\u00e9 sur le terrain s\u2019\u00e9loigne de cette obligation l\u00e9gale tr\u00e8s bien formul\u00e9e. Dans plusieurs analyses pass\u00e9es, nous avons d\u00e9montr\u00e9 la morphologie atypique de notre arm\u00e9e. Une arm\u00e9e ethnicis\u00e9e, politis\u00e9e et des milices. On retrouve actuellement au sein des FARDC des officiers g\u00e9n\u00e9raux, ayant des profils r\u00e9pondant \u00e0 tout sauf au minimum requis pour exercer le m\u00e9tier de soldat, et dont le seul m\u00e9rite est d\u2019appartenir au r\u00e9seau sociog\u00e9ographique et ethnique direct du pr\u00e9sident de la R\u00e9publique.\u00a0<\/span><span style=\"font-style: inherit; font-weight: inherit;\"><span style=\"font-style: inherit; font-weight: inherit;\">Une arm\u00e9e ne peut se dire nationale lorsqu\u2019elle fait la part belle \u00e0 une composante r\u00e9gionale ou ethnique en son sein.<\/span><\/span><\/p>\n<p><span style=\"font-style: inherit; font-weight: inherit;\"><span style=\"font-style: inherit; font-weight: inherit;\">Selon\u00a0<\/span><\/span><span style=\"font-style: inherit; font-weight: inherit;\">le colonel Makensi, ces nominations sont intervenues en vue de leur attribuer des postes cl\u00e9s au sein de l\u2018arm\u00e9e lors de la mise en place des FARDC attendues depuis la promulgation des ordonnances de mise en ex\u00e9cution de la loi organique sur l\u2019organisation et le fonctionnement des FARDC ex\u00e9cution et qui devait d\u00e9j\u00e0 intervenir en d\u00e9but de cette ann\u00e9e dans la foul\u00e9e de l\u2019\u00e9l\u00e9vation d\u2019un autre Tutsi, le g\u00e9n\u00e9ral Charles Bisengimana, \u00e0 la t\u00eate de la Police nationale congolaise. Ces informations confortent \u00e9galement l\u2019analyse des DESC intitul\u00e9\u00a0<\/span><span style=\"font-style: inherit; font-weight: inherit;\"><i><em style=\"font-weight: inherit;\"><b><strong style=\"font-style: inherit;\">Le Rwanda plus fort que jamais en RD Congo malgr\u00e9 la d\u00e9route du M23<\/strong><\/b><\/em><\/i>\u00a0(<a style=\"font-style: inherit; font-weight: inherit;\" href=\"http:\/\/desc-wondo.org\/strategie-le-rwanda-plus-fort-que-jamais-en-rdc-malgre-la-deroute-du-m23-jj-wondo\/\"><b><strong style=\"font-style: inherit;\">http:\/\/desc-wondo.org\/strategie-le-rwanda-plus-fort-que-jamais-en-rdc-malgre-la-deroute-du-m23-jj-wondo\/<\/strong><\/b><\/a>)<br \/>\n<\/span><\/p>\n<p><span style=\"font-style: inherit; font-weight: inherit;\">C\u2019est ainsi que le M23 d\u00e9buta sa r\u00e9bellion \u00e0 partir de Rutshuru puis Bunagana pour occuper Goma en novembre 2012. Il donne les pr\u00e9cisions sur la fuite du g\u00e9n\u00e9ral Vainqueur Mayala et 600 hommes FARDC en Ouganda en ao\u00fbt 2012 suite \u00e0 un ordre de cessez-le feu ordonn\u00e9 par le g\u00e9n\u00e9ral Amisi Tango Four qu\u2019il consid\u00e8re comme \u00e9tant le cerveau moteur de l\u2019infiltration rwandaise en RDC avec le soutien du commandant supr\u00eame des FARDC.<\/span><\/p>\n<p><span style=\"font-style: inherit; font-weight: inherit;\">Le colonel Makensi \u00e9voque \u00e9galement de l\u2019affaire des expulsions des za\u00efrois du Congo-Brazza qui serait une op\u00e9ration planifi\u00e9e par le pouvoir congolais en vue d\u2019inoculer dans la capitale congolaise des \u00e9l\u00e9ments arm\u00e9s rwandophones, qui feront jonction par la suite avec d\u2019autres rwandophones se trouvant \u00e0 Kitona, pour semer la panique et une ins\u00e9curit\u00e9 g\u00e9n\u00e9ralis\u00e9e \u00e0 Kinshasa dans le but de rendre l\u2019organisation des \u00e9lections pr\u00e9vue en 2016 impossible.<\/span><\/p>\n<p><span style=\"font-style: inherit; font-weight: inherit;\">M\u00eame si certaines informations livr\u00e9es par le colonel Makensi restent \u00e0 v\u00e9rifier, nous sommes surpris de constater que la plupart des \u00e9l\u00e9ments rapport\u00e9s par lui corroborent les anayses faites par nous sur DESC ou dans l\u2019ouvrage\u00a0<i><em style=\"font-weight: inherit;\">Les Arm\u00e9es au Congo-Kinshasa<\/em><\/i>. Ce qui explique le nombre d\u2019appels et mails incessants que nous avons re\u00e7us ce mercredi 14 mai.<\/span><\/p>\n<p><span style=\"font-style: inherit; font-weight: inherit;\">Voici\u00a0l\u2019int\u00e9gralit\u00e9 des r\u00e9v\u00e9lations du colonel Makensi, un ancien de la 31<sup style=\"font-style: inherit; font-weight: inherit;\">\u00e8me<\/sup>\u00a0brigade para des FAZ et un officier FARDC ayant principalement \u00e9volu\u00e9 dans l\u2019Est de la RDC:<\/span><br \/>\n<iframe loading=\"lazy\" src=\"\/\/www.youtube.com\/embed\/_MCDynJsetc\" width=\"560\" height=\"360\" frameborder=\"0\" allowfullscreen=\"allowfullscreen\"><\/iframe><br \/>\n<em>DESC-WONDO<br \/>\nD\u00e9fense &amp; S\u00e9curit\u00e9 du Congo<br \/>\n<a href=\"http:\/\/desc-wondo.org\/\">http:\/\/www.desc-wondo.org<\/a><\/em><\/p>\n<p>&nbsp;\t\t<\/p>\n","protected":false},"excerpt":{"rendered":"<p>Source: DESC-Wondo.org &nbsp; Dans une vid\u00e9o d\u2019un entretien Skype en lingala, le colonel Makensi, un ex-FARDC en exil raconte avec des d\u00e9tails impressionnants des faits qui ont conduit \u00e0 la cr\u00e9ation du M23, \u00e0 l\u2019inflitration des FARDC par des soldats rwandais et les actes de sabotage des FARDC en 2012 par la haute hi\u00e9rarchie militaire [&hellip;]<\/p>\n","protected":false},"author":1,"featured_media":6595,"comment_status":"open","ping_status":"open","sticky":false,"template":"","format":"standard","meta":{"_acf_changed":false,"content-type":"","footnotes":""},"categories":[122,124],"tags":[],"class_list":["post-6594","post","type-post","status-publish","format-standard","has-post-thumbnail","hentry","category-news-alertes","category-politique-societe"],"acf":[],"_links":{"self":[{"href":"https:\/\/congolobilelo.com\/IN\/wp-json\/wp\/v2\/posts\/6594","targetHints":{"allow":["GET"]}}],"collection":[{"href":"https:\/\/congolobilelo.com\/IN\/wp-json\/wp\/v2\/posts"}],"about":[{"href":"https:\/\/congolobilelo.com\/IN\/wp-json\/wp\/v2\/types\/post"}],"author":[{"embeddable":true,"href":"https:\/\/congolobilelo.com\/IN\/wp-json\/wp\/v2\/users\/1"}],"replies":[{"embeddable":true,"href":"https:\/\/congolobilelo.com\/IN\/wp-json\/wp\/v2\/comments?post=6594"}],"version-history":[{"count":0,"href":"https:\/\/congolobilelo.com\/IN\/wp-json\/wp\/v2\/posts\/6594\/revisions"}],"wp:featuredmedia":[{"embeddable":true,"href":"https:\/\/congolobilelo.com\/IN\/wp-json\/"}],"wp:attachment":[{"href":"https:\/\/congolobilelo.com\/IN\/wp-json\/wp\/v2\/media?parent=6594"}],"wp:term":[{"taxonomy":"category","embeddable":true,"href":"https:\/\/congolobilelo.com\/IN\/wp-json\/wp\/v2\/categories?post=6594"},{"taxonomy":"post_tag","embeddable":true,"href":"https:\/\/congolobilelo.com\/IN\/wp-json\/wp\/v2\/tags?post=6594"}],"curies":[{"name":"wp","href":"https:\/\/api.w.org\/{rel}","templated":true}]}}