{"id":6589,"date":"2014-05-12T12:02:16","date_gmt":"2014-05-12T12:02:16","guid":{"rendered":"http:\/\/www.ingeta.com\/?p=6589"},"modified":"2014-05-12T12:02:16","modified_gmt":"2014-05-12T12:02:16","slug":"la-tragedie-humaine-congolaise-les-violences-du-congo-brazzaville-et-la-destabilisation-de-lafrique","status":"publish","type":"post","link":"https:\/\/congolobilelo.com\/IN\/la-tragedie-humaine-congolaise-les-violences-du-congo-brazzaville-et-la-destabilisation-de-lafrique\/","title":{"rendered":"La trag\u00e9die humaine congolaise, les violences du Congo-Brazzaville,  et la d\u00e9stabilisation de l\u2019Afrique"},"content":{"rendered":"<p>\t\t\t\tL\u2019analyste politique Jean-Pierre Mbelu apporte un \u00e9clairage sur la trag\u00e9die humanitaire que les congolais refoul\u00e9s de Brazza vivent, d\u00e9crypte le lien entre le syst\u00e8me n\u00e9olib\u00e9ral et l\u2019extermination des congolais, et explique pourquoi ce qui se passe actuellement au Congo est un signe de la d\u00e9stabilisation de l\u2019Afrique.<\/p>\n<p><iframe loading=\"lazy\" src=\"\/\/www.youtube.com\/embed\/gdpw2tEm3fY\" width=\"560\" height=\"360\" frameborder=\"0\" allowfullscreen=\"allowfullscreen\"><\/iframe><\/p>\n<p><strong>Sur la trag\u00e9die humanitaire des congolais venant du Congo-Brazzaville<\/strong><\/p>\n<blockquote><p>On dirait que nos compatriotes demandent au gouvernement fant\u00f4che de Kinshasa de poser des gestes qui ne rentrent pas dans sa mission d\u2019extermination des congolais. De ce point de vue, nous nous trompons et nous risquons de payer un lourd tribut en laissant tra\u00eener nos compatriotes et d\u2019autres infiltr\u00e9s qui sont parmi eux, dans des conditions inhumaines, si certains d\u2019entre nous ne prennent pas l\u2019initiative de s\u2019occuper de cette catastrophe l\u00e0. Peut-\u00eatre alors que le gouvernement fant\u00f4che de Kinshasa cherchera \u00e0 se rattraper ou se faire de la publicit\u00e9 en r\u00e9pondant aux appels des ONG, mais cette mission de protection des congolais est exclue de sa feuille de route.<br \/>\nSous d\u2019autres cieux, si le Congo \u00e9tait r\u00e9ellement un pays d\u00e9mocratique, le ministre de l\u2019int\u00e9rieur devrait d\u00e9j\u00e0 avoir d\u00e9missionn\u00e9. Or nous avons un gouvernement fant\u00f4che et un \u00e9tat manqu\u00e9.<br \/>\nSi nous sommes plusieurs \u00e0 comprendre que ces gens l\u00e0 ne repr\u00e9sentent pas le peuple congolais dans son immense majorit\u00e9, nous n\u2019irons pas leur demander ce qu\u2019ils ne peuvent pas nous offrir.<\/p><\/blockquote>\n<p><strong>Sur le lien entre syst\u00e8me n\u00e9olib\u00e9ral et l\u2019extermination des congolais<\/strong><\/p>\n<blockquote><p>Le syst\u00e8me dans lequel le Congo se retrouve aujourd\u2019hui a d\u00e9j\u00e0 classifi\u00e9 certains de ses filles et certains de ses fils parmi les populations inutilisables. On a d\u00e9j\u00e0 \u00e9limin\u00e9 plus de 8 millions de Congolais, qu\u2019on en \u00e9limine, encore 300 ou 400 000, cela importe peu \u00e0 ceux qui ont mont\u00e9 ce syst\u00e8me qui a classifi\u00e9 certains compatriotes parmi les populations inutiles. Nous n\u2019allons pas jusqu\u2019\u00e0 sonder le fonctionnement du syst\u00e8me n\u00e9olib\u00e9ral et n\u00e9ocolonial qui s\u2019est install\u00e9 au Congo depuis les ann\u00e9es 1960. Nous sommes dans un syst\u00e8me qui n\u2019a rien \u00e0 voir avec la protection des vies humaines.<\/p><\/blockquote>\n<p><strong>Sur l\u2019opposition congolaise \u00e0 Kinshasa <\/strong><\/p>\n<blockquote><p>Le danger avec les opposants au Congo, c\u2019est qu\u2019ils op\u00e8rent dans le m\u00eame syst\u00e8me que ceux qu\u2019ils critiquent. Et puis leurs critiques, \u00e0 un certain moment, ne vont pas jusqu\u2019aux questions fondamentales. C\u2019est bien de remettre en cause le gouvernement fant\u00f4che de Kinshasa, mais nous aurions voulu entendre ces opposants nous dire comment ils peuvent faire, avec 400 partis politiques, pour passer de l\u2019h\u00e9g\u00e9monie lib\u00e9rale \u00e0 l\u2019h\u00e9g\u00e9monie d\u00e9mocratique. Nous aurions voulu qu\u2019ils nous disent comment ils peuvent faire pour que le Congo cesse d\u2019\u00eatre un Etat failli, n\u00e9olib\u00e9ral et n\u00e9ocolonial, pour qu\u2019il devienne un Etat souverain et national.<br \/>\nIls n\u2019abordent jamais ces questions. C\u2019est comme si ils avaient peur de rompre avec le r\u00f4le que plusieurs d\u2019entre eux jouent, \u00e0 savoir celui de capitas m\u00e9daill\u00e9s du syst\u00e8me n\u00e9olib\u00e9ral et n\u00e9ocolonial.<\/p><\/blockquote>\n<p><strong>Sur la d\u00e9stabilisation de l\u2019Afrique, \u00e0 partir du cas du Congo<\/strong><\/p>\n<blockquote><p>Ce qui se passe, avec les congolais, au Congo-Brazzaville, ce qui se passe, avec les congolais, en Centrafrique, ce qui s\u2019est pass\u00e9, avec les congolais en Angola, sont des signes avant-coureurs d\u2019une d\u00e9stabilisation profonde de l\u2019Afrique\u2026<br \/>\nCette proc\u00e9dure de d\u00e9stabilisation de l\u2019Afrique, qui est en marche, est soutenue par les m\u00eames qui ont fait de nous, hier, des colonis\u00e9s, et avant-hier des esclaves. Il ne s\u2019agit pas de faits hasardeux. Pourquoi maintenant ? Pourquoi la France s\u2019est install\u00e9 au Mali et en Centrafrique ? Qu\u2019est-ce qui fait que les USA cherchent o\u00f9 placer AFRICOM ?<br \/>\nN\u2019oubliez pas que ces signes interviennent au moment o\u00f9 les \u00e9conomies des pays du Nord sont fauch\u00e9es. Il y a l\u00e0 encore des m\u00e9canismes d\u2019assujettissement de l\u2019Afrique, avec la complicit\u00e9 d\u2019un certain nombre d\u2019africains.<br \/>\nIl y a une main noire qui utilise les filles et les fils de l\u2019Afrique des Grands Lacs et du Congo pour pouvoir avilir, d\u00e9shumaniser et tuer le peuple congolais.<\/p><\/blockquote>\n<p><strong>Sur le traitement inhumain que subissent les congolais<\/strong><\/p>\n<blockquote><p>On peut se poser la question : Qu\u2019avons-nous fait pour \u00eatre trait\u00e9s comme des moins que rien, des moins que des humains ?<br \/>\nOn r\u00e9pond souvent, c\u2019est parce que notre pays est immens\u00e9ment riche. L\u2019Angola est immens\u00e9ment riche, on ne traite pas les angolais comme nous. Il y a un probl\u00e8me fondamental, c\u2019est le probl\u00e8me de la direction. Le Congo n\u2019est pas dirig\u00e9. Ce qui sauve encore le Congo, ce sont ses minorit\u00e9s organis\u00e9es et \u00e9veill\u00e9es, qui essaient, aujourd\u2019hui encore, de se battre sur plusieurs fronts pour que ce pays l\u00e0 ne disparaisse pas de la carte de l\u2019Afrique.<\/p><\/blockquote>\n<p><strong>Sur le viol de l\u2019imaginaire congolais<\/strong><\/p>\n<blockquote><p>Il y a un viol de l\u2019imaginaire qui a \u00e9t\u00e9 op\u00e9r\u00e9 dans le chef de plusieurs d\u2019entre nous, et dont nous peinons \u00e0 pouvoir en gu\u00e9rir.<br \/>\nNous avons encore des compatriotes qui n\u2019ont pas encore compris que c\u2019est \u00e0 eux qu\u2019il appartient de forger le destin de leur pays. Du point de vue de leur imaginaire, le salut du Congo viendra de ceux qu\u2019ils appellent abusivement les partenaires ext\u00e9rieurs.<br \/>\nOr, en restant un peu attentif \u00e0 ce qui se passe, \u00e0 travers le monde aujourd\u2019hui, nous ne voyons pas o\u00f9 ces partenaires ext\u00e9rieurs sont en train d\u2019aider X ou Y pays \u00e0 retrouver sa souverainet\u00e9 et son autonomie. On dirait qu\u2019une bonne partie des politiciens congolais vit coup\u00e9e du monde r\u00e9el.<br \/>\nPeut-\u00eatre parce qu\u2019il n\u2019y a pas de courant \u00e0 Kinshasa, peut-\u00eatre parce que l\u2019acc\u00e8s aux livres est difficile au Congo, mais que nos compatriotes parlent du passage de tel ou tel diplomate de passage au Congo, comme si nous avions affaire \u00e0 des P\u00e8res No\u00ebls, c\u2019est r\u00e9voltant.<br \/>\nIl y a un travail de m\u00e9moire \u00e0 mener. Mais il y a aussi une r\u00e9\u00e9criture de l\u2019histoire qui doit pouvoir se faire au niveau de certaines institutions qui fa\u00e7onnent la femme et l\u2019homme congolais : L\u2019universit\u00e9, l\u2019\u00e9cole, l\u2019Eglise.<\/p><\/blockquote>\n<p><strong>Sur la cr\u00e9ation de la Commission d\u2019int\u00e9grit\u00e9 et de m\u00e9diation \u00e9lectorale (CIME) par les chefs religieux \u00e0 Kinshasa<\/strong><\/p>\n<blockquote><p>Quand dans un pays comme le Congo, il y a des conflits r\u00e9currents, mettre sur pied une institution de m\u00e9diation pour pouvoir g\u00e9rer ces conflits n\u2019est pas une mauvaise chose. Il y avait une commission v\u00e9rit\u00e9 et r\u00e9conciliation qui avait \u00e9t\u00e9 pr\u00e9vue \u00e0 l\u2019issue des pourparlers de Sun City ou de Lusaka. Il fallait qu\u2019il y ait cette commission pour gu\u00e9rir les c\u0153urs et les esprits.<br \/>\nMais sans revenir \u00e0 la question de la justice transitionnelle, sans fonder cette question sur une \u00e9thique de responsabilit\u00e9 tourn\u00e9e vers le pass\u00e9, et une \u00e9thique reconstructive tourn\u00e9e vers l\u2019avenir, on n\u2019ira nulle part.<br \/>\nOn ne peut pas corriger un processus \u00e9lectoral, biais\u00e9 d\u00e8s le d\u00e9part, le long de son parcours.<br \/>\nLe probl\u00e8me auquel le Congo doit faire aujourd\u2019hui n\u2019est pas simplement celui du processus \u00e9lectoral. Le Congo est plac\u00e9 dans une proc\u00e9dure mensong\u00e8re dont les racines se trouvent dans la guerre de l\u2019AFDL men\u00e9e par les \u00e9lites dominantes anglo-saxonnes et par les proxys interpos\u00e9s. Il n\u2019y a pas eu ce travail de la justice transitionnelle, il n\u2019y a pas eu le travail de la commission v\u00e9rit\u00e9 et r\u00e9conciliation. La CIME risque de mettre entre parenth\u00e8se toute une partie de notre histoire qui, demain, va peut-\u00eatre nous sauter \u00e0 la figure. On pourrait faire les choses de mani\u00e8re ordonn\u00e9e. Dans le rapport mapping, il y avait la proposition de juridiction mixte qui n\u2019a jamais \u00e9t\u00e9 suivie. Commen\u00e7ons par l\u00e0 : Est-ce qu\u2019il n\u2019y a pas moyen de revenir \u00e0 la question de la justice transitionnelle. Est-ce qu\u2019il n\u2019y a pas moyen de revenir \u00e0 la question de la commission v\u00e9rit\u00e9 et r\u00e9conciliation. Pourquoi ? La m\u00e9fiance et la haine entre plusieurs compatriotes congolais ont atteint des proportions tr\u00e8s dangereuses. Nous risquons de pr\u00eater flanc \u00e0 ceux qui sautent sur les petits conflits inter-\u00e9tatiques pour pouvoir faire main basse sur les mati\u00e8res premi\u00e8res des pays qu\u2019ils envient. Il faut aussi \u00eatre attentif \u00e0 cette dimension l\u00e0.<\/p><\/blockquote>\n<p><strong>Sur l\u2019occupation par les combattants\u00a0congolais de l\u2019ambassade de la RDC \u00e0 Paris (<a href=\"https:\/\/www.youtube.com\/watch?v=4wCcploTlIU\" target=\"_blank\" rel=\"noopener\">Voir la vid\u00e9o<\/a>)<\/strong><\/p>\n<blockquote><p>L\u2019activisme citoyen est toujours important pour un peuple qui cherche \u00e0 atteindre des changements profonds dans son pays. M\u00eame si les actions sont sporadiques, l\u2019important est que les compatriotes comprennent le message.<br \/>\nIls se disent de plus en plus que c\u2019est aux congolais qu\u2019il appartient de prendre son destin en main, que X, Y ou Z peut \u00eatre de passage au Congo et dire ceci ou cela, il n\u2019appartient pas \u00e0 ces gens l\u00e0 de pouvoir d\u00e9cider de ce que le Congo de demain doit devenir.<br \/>\nIl faudrait que les activistes congolais adoptent de plus en plus une synergie entre les diff\u00e9rents fronts de lutte pour pouvoir nous retrouver autour d\u2019un certain nombre de d\u00e9fis qui pourraient nous mobiliser, non de mani\u00e8re sporadique, mais sur le court, moyen et long terme. Nous devrions pouvoir nous assigner des objectifs \u00e0 atteindre.<\/p><\/blockquote>\n","protected":false},"excerpt":{"rendered":"<p>L\u2019analyste politique Jean-Pierre Mbelu apporte un \u00e9clairage sur la trag\u00e9die humanitaire que les congolais refoul\u00e9s de Brazza vivent, d\u00e9crypte le lien entre le syst\u00e8me n\u00e9olib\u00e9ral et l\u2019extermination des congolais, et explique pourquoi ce qui se passe actuellement au Congo est un signe de la d\u00e9stabilisation de l\u2019Afrique. Sur la trag\u00e9die humanitaire des congolais venant du [&hellip;]<\/p>\n","protected":false},"author":1,"featured_media":6590,"comment_status":"open","ping_status":"open","sticky":false,"template":"","format":"standard","meta":{"_acf_changed":false,"content-type":"","footnotes":""},"categories":[107,124],"tags":[],"class_list":["post-6589","post","type-post","status-publish","format-standard","has-post-thumbnail","hentry","category-analyses-commentaires","category-politique-societe"],"acf":[],"_links":{"self":[{"href":"https:\/\/congolobilelo.com\/IN\/wp-json\/wp\/v2\/posts\/6589","targetHints":{"allow":["GET"]}}],"collection":[{"href":"https:\/\/congolobilelo.com\/IN\/wp-json\/wp\/v2\/posts"}],"about":[{"href":"https:\/\/congolobilelo.com\/IN\/wp-json\/wp\/v2\/types\/post"}],"author":[{"embeddable":true,"href":"https:\/\/congolobilelo.com\/IN\/wp-json\/wp\/v2\/users\/1"}],"replies":[{"embeddable":true,"href":"https:\/\/congolobilelo.com\/IN\/wp-json\/wp\/v2\/comments?post=6589"}],"version-history":[{"count":0,"href":"https:\/\/congolobilelo.com\/IN\/wp-json\/wp\/v2\/posts\/6589\/revisions"}],"wp:featuredmedia":[{"embeddable":true,"href":"https:\/\/congolobilelo.com\/IN\/wp-json\/"}],"wp:attachment":[{"href":"https:\/\/congolobilelo.com\/IN\/wp-json\/wp\/v2\/media?parent=6589"}],"wp:term":[{"taxonomy":"category","embeddable":true,"href":"https:\/\/congolobilelo.com\/IN\/wp-json\/wp\/v2\/categories?post=6589"},{"taxonomy":"post_tag","embeddable":true,"href":"https:\/\/congolobilelo.com\/IN\/wp-json\/wp\/v2\/tags?post=6589"}],"curies":[{"name":"wp","href":"https:\/\/api.w.org\/{rel}","templated":true}]}}