{"id":6584,"date":"2014-05-06T11:22:25","date_gmt":"2014-05-06T11:22:25","guid":{"rendered":"http:\/\/www.ingeta.com\/?p=6584"},"modified":"2014-05-06T11:22:25","modified_gmt":"2014-05-06T11:22:25","slug":"kerry-kabila-et-la-democratie-au-congo","status":"publish","type":"post","link":"https:\/\/congolobilelo.com\/IN\/kerry-kabila-et-la-democratie-au-congo\/","title":{"rendered":"Kerry, Kabila et la d\u00e9mocratie au Congo : Ne soyons pas obnubil\u00e9s par le processus \u00e9lectoral"},"content":{"rendered":"<p>\t\t\t\tL\u2019analyste politique Jean-Pierre Mbelu d\u00e9crypte la visite et les d\u00e9clarations de John Kerry \u00e0 Kinshasa, analyse les rapports entre les \u00e9lites dominantes et leurs n\u00e8gres de service, d\u00e9nonce les dangers qu\u2019il y a pour les congolais d\u2019\u00eatre obnubil\u00e9s par le processus \u00e9lectoral, revient sur les violences faites aux congolais au Congo-Brazzaville et explique pourquoi les congolais se doivent imp\u00e9rativement de r\u00e9cup\u00e9rer l\u2019initiative historique.<\/p>\n<p><iframe loading=\"lazy\" src=\"\/\/www.youtube.com\/embed\/3bhDm7iq808\" width=\"560\" height=\"360\" frameborder=\"0\" allowfullscreen=\"allowfullscreen\"><\/iframe><\/p>\n<p><strong>Sur la visite de John Kerry \u00e0 Kinshasa <\/strong><\/p>\n<blockquote><p>Que se passe-t-il maintenant pour que les USA puissent venir au Congo, s\u2019agiter et demander \u00e0 Kabila de ne pas aller au-del\u00e0 de ce qui est pr\u00e9vu par la constitution congolaise ? Est-ce que parce que les USA font partie du conseil de s\u00e9curit\u00e9 des Nations Unies ou tout simplement parce que les USA estiment que le Congo est l\u2019un des Etats am\u00e9ricains et sur lequel ils voudraient \u00e0 tout jamais mettre la main, et au sein duquel ils voudraient imposer leur id\u00e9ologie de la domination unilat\u00e9rale et globale.<br \/>\nQuel est le pouvoir que Kabila exerce au Congo et auquel on voudrait l\u2019inviter \u00e0 renoncer ? Kabila ne dirige pas le Congo. Il participe simplement \u00e0 la th\u00e9\u00e2tralisation de l\u2019occupation du Congo par certaines forces africaines et la communaut\u00e9 occidentale. Par le biais de Joseph Kabila, le Congo est devenu la colonie de la communaut\u00e9 occidentale.<br \/>\nPourquoi John Kerry est l\u00e0 maintenant au Congo ? Pourquoi les le\u00e7ons qu\u2019il donne au Congo, il ne les donne pas au Rwanda ou en Ouganda, par exemple ?<br \/>\nOn peut piller le Congo, tuer les congolais pour construire Kigali. Kigali peut organiser des massacres et des assassinats \u00e0 travers le monde. Ce n\u2019est pas un probl\u00e8me pour les Etats-Unis, du moment que Kigali participe au pillage des ressources du Congo pour les confier aux receleurs qui sont les multinationales occidentales.<br \/>\nNous devons \u00e9viter de nous focaliser sur ce qui est dit par les acteurs ext\u00e9rieurs fussent-ils majeurs.<\/p><\/blockquote>\n<p><strong>Sur la communaut\u00e9 occidentale<\/strong><\/p>\n<blockquote><p>La communaut\u00e9 occidentale est d\u2019abord un esprit, un esprit d\u2019arrogance et de domination qui caract\u00e9rise certains membres du conseil de s\u00e9curit\u00e9 des Nations Unies, qui travaillent avec leurs alli\u00e9s afin de dominer le monde de mani\u00e8re unilat\u00e9rale. Et les Etats-Unis sont \u00e0 la t\u00eate de cette communaut\u00e9, par le biais des \u00e9lites anglo-saxonnes dominantes.<\/p><\/blockquote>\n<p><strong>Sur les propos et les d\u00e9clarations de John Kerry<\/strong><\/p>\n<blockquote><p>Quand les USA s\u2019agitent de cette mani\u00e8re, c\u2019est qu\u2019ils ont d\u00e9j\u00e0 jet\u00e9 leur d\u00e9volu sur un \u00ab autre oiseau \u00bb rare pour pouvoir pr\u00e9sider aux destin\u00e9es marionnettistes au Congo. Comment nous congolais, allons-nous travailler pour que ce ne soit pas les m\u00eames cosmocrates, les m\u00eames acteurs majeurs qui continuent de g\u00e9rer le Congo de l\u2019ext\u00e9rieur ? Comment pouvons-nous travailler, aujourd\u2019hui, demain, apr\u00e8s-demain, pour renverser les rapports de force de fa\u00e7on que le Congo devienne r\u00e9ellement un pays souverain et s\u2019\u00e9mancipe politiquement de ceux qui tiennent \u00e0 le diriger de l\u2019ext\u00e9rieur depuis les ann\u00e9es 1960?<br \/>\nLa RDC, aujourd\u2019hui, n\u2019est pas un pays souverain. Il est \u00e0 la fois une colonie de la communaut\u00e9 occidentale et un pays sous occupation et sous-tutelle. D\u00e8s que nous perdons cela de vue, nous faussons nos analyses. Le baratin de John Kerry aurait ceci comme objectif : embrigader les congolais dans un processus \u00e9lectoral qu\u2019ils ne contr\u00f4lent pas.<br \/>\nLes USA parlent de la d\u00e9mocratie et des droits de l\u2019homme au Congo pendant que la CIA participe avec des n\u00e9onazis aux massacres de populations civiles en Ukraine. Les d\u00e9clarations de John Kerry sont d\u2019autant plus une farce que Kerry et les autres font partie de l\u2019\u00e9lite dominante qui a tu\u00e9 la d\u00e9mocratie aux USA, au point qu\u2019aujourd\u2019hui les USA sont l\u2019un des pays les plus in\u00e9galitaires au Monde. Le mod\u00e8le d\u00e9mocratique, ou du respect des droits de l\u2019homme auquel John Kerry se r\u00e9f\u00e8re, c\u2019est lequel ? Parce que son pays n\u2019est pas ou plus une d\u00e9mocratie.<\/p><\/blockquote>\n<p><strong>Sur l\u2019obsession des congolais pour le processus \u00e9lectoral<\/strong><\/p>\n<blockquote><p>Vous avez beau aller aux \u00e9lections, mais si vous ne jouissez plus du droit de votre sol et de votre sous-sol, si vous n\u2019avez plus la ma\u00eetrise de votre administration, si vous n\u2019avez pas la ma\u00eetrise des services de s\u00e9curit\u00e9 et de la police, comme c\u2019est le cas aujourd\u2019hui, vous irez aux \u00e9lections, vous choisirez qui vous voudrez, mais apr\u00e8s les forces de s\u00e9curit\u00e9 que vous ne contr\u00f4lez pas, pourront arranger les choses \u00e0 leur guise. On est tellement obnubil\u00e9 par le processus \u00e9lectoral qu\u2019on ne se pose presque plus de questions sur qui g\u00e8re les forces de s\u00e9curit\u00e9 au Congo. Qui g\u00e8re la police ? Qui g\u00e8re l\u2019arm\u00e9e ? Pourquoi il y a-t-il jusqu\u2019\u00e0 ce jour des membres du CNDP \u00e0 l\u2019EFO \u00e0 Kananga ?<br \/>\nApr\u00e8s les \u00e9lections en 1960, quand Lumumba et ses amis ont pris le pouvoir, ils n\u2019avaient ni la ma\u00eetrise de l\u2019administration territoriale, ni la ma\u00eetrise de la police et de l\u2019arm\u00e9e. Et nous avons vu le r\u00e9sultat. Ne sommes-nous pas en train de reconduire les m\u00eames erreurs, en ayant un parlement et un s\u00e9nat bien pay\u00e9 et entretenu pour distraire les masses populaires congolaises.<\/p><\/blockquote>\n<p><strong>Sur la r\u00e9cup\u00e9ration de l\u2019initiative historique par les congolais<\/strong><\/p>\n<blockquote><p>Nous devons lire ce qui se trame aujourd\u2019hui \u00e0 Kinshasa, en fonction de ce qui s\u2019est tram\u00e9 hier, et avant-hier, par exemple quand Mobutu a fait le coup d\u2019Etat \u00e0 Lumumba, ou encore quand Bill Richardson est venu donner \u00e0 Mobutu une lettre lui demandant de quitter le pouvoir s\u2019il ne voulait pas voir son cadavre tra\u00eener dans la rue. A toutes ces \u00e9tapes l\u00e0, ce sont \u00e0 peu pr\u00e8s les m\u00eames acteurs ext\u00e9rieurs qui ont jou\u00e9 les premiers r\u00f4les. Nous ne sommes pas, pour la plupart, les v\u00e9ritables acteurs de notre histoire. Il y a, comme une urgence, de pouvoir r\u00e9cup\u00e9rer l\u2019initiative historique.<br \/>\nQuand l\u2019AFDL est rentr\u00e9 au Congo, nous avons applaudi des mains et des pieds. Il a fallu 5, 10, 15 ans pour que certains d\u2019entre nous commencent \u00e0 croire que cette aventure de l\u2019AFDL \u00e9tait un march\u00e9 de dupes. C\u2019\u00e9tait le d\u00e9but de la n\u00e9ocolonisation du Congo par les \u00e9lites dominantes anglo-saxonnes.<br \/>\nMalheureusement, nous commen\u00e7ons d\u00e9j\u00e0 \u00e0 oublier. Pour \u00e9viter la (mauvaise) r\u00e9p\u00e9tition de l\u2019histoire, il faut l\u2019\u00e9tudier.<br \/>\nLe manque d\u2019information, la d\u00e9sinformation, la lobotomisation de nos masses populaires et de nos intellectuels nous conduit souvent \u00e0 applaudir certains faits sans les avoir analys\u00e9.<\/p><\/blockquote>\n<p><strong>Sur les \u00e9lites dominantes et leurs n\u00e8gres de service<\/strong><\/p>\n<blockquote><p>Quand vous \u00e9tudiez l\u2019histoire des \u00e9lites dominantes avec leurs n\u00e8gres de service, tr\u00e8s peu ont b\u00e9n\u00e9fici\u00e9 apr\u00e8s de leurs largesses. L\u2019\u00e9lite anglo-saxonne n\u2019a aucun respect pour ses n\u00e8gres de service. Pourquoi ? Parce qu\u2019elle est convaincue que ce sont des gens qui ne sont pas respect\u00e9s par leurs peuples et donc elle peut les faire sauter \u00e0 tout moment. Comme elle utilise ses n\u00e8gres de service contre leurs peuples, elle sait que le jour o\u00f9 elle d\u00e9cide de les \u00e9liminer, le peuple ne va pas regretter.<br \/>\nC\u2019est d\u2019ailleurs ce que nous sommes en train de vivre aujourd\u2019hui. Si Kabila avait travaill\u00e9 avec les masses populaires, ces derni\u00e8res peut-\u00eatre se l\u00e8veraient pour dire qu\u2019elles veulent le reconduire, mais comme Kabila et son \u00ab gouvernement \u00bb ont travaill\u00e9 contre les masses populaires et exerc\u00e9 un pouvoir de pr\u00e9dation et d\u2019extermination, les congolais veulent \u00e0 tout prix s\u2019en d\u00e9barrasser. Par ailleurs, des congolais \u00e0 la CPI, pour les massacres en Ituri, ont t\u00e9moign\u00e9 contre Kabila.<br \/>\nC\u2019est comme si certains se complaisaient dans ce r\u00f4le de n\u00e8gre de service malgr\u00e9 tout, comme s\u2019ils refusaient d\u2019\u00eatre eux-m\u00eames et avaient perdu toute fiert\u00e9 d\u2019\u00eatre dignes. C\u2019est comme si ils se disaient qu\u2019il valait mieux \u00eatre manipul\u00e9s de l\u2019ext\u00e9rieur, que d\u2019\u00eatre soi. Parce que \u00eatre soi, \u00e7a co\u00fbte cher, \u00e7a demande beaucoup de sacrifices. Face \u00e0 l\u2019or et \u00e0 l\u2019argent, on dirait qu\u2019une certaine \u00e9lite politique congolaise et africaine, voudrait jouer aux marionnettes au lieu de vouloir assumer des r\u00f4les historiques pouvant aider nos masses populaires \u00e0 se prendre en charge.<\/p><\/blockquote>\n<p><strong>Sur les violences faites aux Congolais \u00e0 Brazzaville<\/strong><\/p>\n<blockquote><p>Que reprochons-nous au Congo-Brazzaville ? Est-ce le fait d\u2019avoir une administration qui fonctionne mieux que celle qu\u2019il y a en RDC ou le fait de maltraiter les compatriotes congolais qui sont sur leur territoire et qui sont oblig\u00e9s de partir?<br \/>\nNous ne pouvons pas \u00e0 la fois nous plaindre parce qu\u2019il n\u2019y a pas eu de recensement chez nous, parce que l\u2019identit\u00e9 congolaise est brad\u00e9e chez nous, parce que nous voudrions qu\u2019il y ait un peu plus de s\u00e9rieux, et que nous sachions qui est congolais et qui ne l\u2019est pas, nous ne pouvons pas \u00e0 la fois faire cela et puis condamner Sassou parce qu\u2019il dit aux congolais que leurs papiers ne sont pas en ordre et qu\u2019ils doivent rentrer chez eux.<br \/>\nEnsuite que nos compatriotes soient chass\u00e9s du Congo-Brazza dans des mauvaises conditions, cela est \u00e0 d\u00e9plorer. Des contacts devraient \u00eatre pris entre nos deux pays pour qu\u2019on en sache un peu plus. Mais, est-ce que les refoul\u00e9s qui arrivent chez nous sont convenablement pris en charge chez nous ? Mais il semble m\u00eame que certaines personnes, parmi les refoul\u00e9s congolais, ne sont pas congolaises. Il serait probable, que ce qui s\u2019est pass\u00e9 quand les hutus et les tutsis ont fui leur pays, se passe encore une fois, maintenant.<br \/>\nEnfin, nous devons aller au-del\u00e0 de l\u2019\u00e9motion du moment. Qui sait si ce qui se passe aujourd\u2019hui serait un pi\u00e8ge. Une fa\u00e7on d\u2019attiser les haines entre les deux Congos. Nous devons pouvoir r\u00e9sister \u00e0 cela. Nous avons d\u00e9j\u00e0 difficult\u00e9s avec certains autres de nos pays frontaliers (Rwanda, Ouganda, Burundi, Zambie, Angola), nous risquons d\u2019avoir des difficult\u00e9s s\u00e9rieuses avec le Congo-Brazza. N\u2019y a-t-il pas l\u00e0 une tentative de la politique du diviser pour mieux r\u00e9gner.<br \/>\nFinalement, Sassou a \u00e9t\u00e9 le premier \u00e0 oser dire que Kagam\u00e9 est un paralytique et Kabila un cheval de troie.<br \/>\nLa RDC est un \u00e9tat manqu\u00e9. Il n\u2019y a pas d\u2019Etat du tout, il n\u2019y a rien, en RDC. Pourquoi s\u2019interroger sur le silence de Kabila ? Kabila n\u2019est pas venu travailler pour les congolais. Quand il s\u2019occupe des congolais, c\u2019est pour les exterminer.<\/p><\/blockquote>\n<p><\/br>\t\t<\/p>\n","protected":false},"excerpt":{"rendered":"<p>L\u2019analyste politique Jean-Pierre Mbelu d\u00e9crypte la visite et les d\u00e9clarations de John Kerry \u00e0 Kinshasa, analyse les rapports entre les \u00e9lites dominantes et leurs n\u00e8gres de service, d\u00e9nonce les dangers qu\u2019il y a pour les congolais d\u2019\u00eatre obnubil\u00e9s par le processus \u00e9lectoral, revient sur les violences faites aux congolais au Congo-Brazzaville et explique pourquoi les [&hellip;]<\/p>\n","protected":false},"author":1,"featured_media":6585,"comment_status":"open","ping_status":"open","sticky":false,"template":"","format":"standard","meta":{"_acf_changed":false,"content-type":"","footnotes":""},"categories":[107,124],"tags":[],"class_list":["post-6584","post","type-post","status-publish","format-standard","has-post-thumbnail","hentry","category-analyses-commentaires","category-politique-societe"],"acf":[],"_links":{"self":[{"href":"https:\/\/congolobilelo.com\/IN\/wp-json\/wp\/v2\/posts\/6584","targetHints":{"allow":["GET"]}}],"collection":[{"href":"https:\/\/congolobilelo.com\/IN\/wp-json\/wp\/v2\/posts"}],"about":[{"href":"https:\/\/congolobilelo.com\/IN\/wp-json\/wp\/v2\/types\/post"}],"author":[{"embeddable":true,"href":"https:\/\/congolobilelo.com\/IN\/wp-json\/wp\/v2\/users\/1"}],"replies":[{"embeddable":true,"href":"https:\/\/congolobilelo.com\/IN\/wp-json\/wp\/v2\/comments?post=6584"}],"version-history":[{"count":0,"href":"https:\/\/congolobilelo.com\/IN\/wp-json\/wp\/v2\/posts\/6584\/revisions"}],"wp:featuredmedia":[{"embeddable":true,"href":"https:\/\/congolobilelo.com\/IN\/wp-json\/"}],"wp:attachment":[{"href":"https:\/\/congolobilelo.com\/IN\/wp-json\/wp\/v2\/media?parent=6584"}],"wp:term":[{"taxonomy":"category","embeddable":true,"href":"https:\/\/congolobilelo.com\/IN\/wp-json\/wp\/v2\/categories?post=6584"},{"taxonomy":"post_tag","embeddable":true,"href":"https:\/\/congolobilelo.com\/IN\/wp-json\/wp\/v2\/tags?post=6584"}],"curies":[{"name":"wp","href":"https:\/\/api.w.org\/{rel}","templated":true}]}}