{"id":6580,"date":"2014-05-02T22:47:25","date_gmt":"2014-05-02T22:47:25","guid":{"rendered":"http:\/\/www.ingeta.com\/?p=6580"},"modified":"2014-05-02T22:47:25","modified_gmt":"2014-05-02T22:47:25","slug":"joseph-kabila-ira-a-lelysee-apres-kadhafi","status":"publish","type":"post","link":"https:\/\/congolobilelo.com\/IN\/joseph-kabila-ira-a-lelysee-apres-kadhafi\/","title":{"rendered":"Joseph Kabila ira \u00e0 l\u2019Elys\u00e9e apr\u00e8s Kadhafi"},"content":{"rendered":"<p>\t\t\t\tPar Jean-Pierre Mbelu<\/p>\n<p><strong>Joseph Kabila peut aller \u00e0 l\u2019Elys\u00e9e. Qu\u2019est-ce que cela fait ? Rien. Kadhafi y est all\u00e9 avant lui. Un tapis rouge lui a \u00e9t\u00e9 d\u00e9roul\u00e9. Il a \u00e9t\u00e9 re\u00e7u en grande pompe. Il aurait m\u00eame financ\u00e9 la campagne pr\u00e9sidentielle d\u2019un \u2018\u2019prince \u00e9lys\u00e9en\u2019\u2019. Cela n\u2019a pas emp\u00each\u00e9 \u00e0 ce dernier de le poignarder dans le dos. Oui. Contrairement \u00e0 ce que l\u2019imaginaire collectif congolais a emmagasin\u00e9, la France n\u2019est plus \u2018\u2019une patrie des droits de l\u2019homme\u2019\u2019 ; elle est devenue \u2018\u2019une principaut\u00e9 de non-droit\u2019\u2019. Revoyons nos copies.<\/strong><\/p>\n<p>En lisant certains m\u00e9dias kinois, il ressort que Joseph Kabila ira \u00e0 la rencontre de \u2018\u2019homologue\u2019\u2019 Fran\u00e7ois Hollande au cours de ce mois de mai. Les journalistes kinois applaudissent dans ce geste \u2018\u2019la normalisation\u2019\u2019 des relations entre le RDC et \u2018\u2019la patrie des droits de l\u2019homme\u2019\u2019. Et ils ont un peu tout faux.<\/p>\n<p>Pourquoi ? Ils mettent entre parenth\u00e8se l\u2019histoire de la Fran\u00e7afrique avec plusieurs pays africains. Ils auraient \u00e9t\u00e9 \u00e9difi\u00e9s sur les relations de l\u2019Afrique avec le France en lisant Eva Joly au sujet de l\u2019affaire Elf[1]. La mise entre parenth\u00e8se de l\u2019histoire de l\u2019Afrique (et du Congo) avec les pays du Nord conduit facilement \u00e0 une amn\u00e9sie pr\u00e9judiciable pour l\u2019avenir collectif en RDC. Les m\u00eames erreurs historiques sont reconduites et cela se fait souvent au nom de la m\u00e9morisation d\u2019une conviction : \u00ab Entre les Etats, il n\u2019y a pas d\u2019amiti\u00e9. Il n\u2019y a que des int\u00e9r\u00eats. \u00bb Et plusieurs d\u2019entre nous croient que quand ces int\u00e9r\u00eats changent, l\u2019instrumentalisation des \u2018\u2019n\u00e8gres de service\u2019\u2019 peut changer du point de vue des Etats du nord. Le fait que ces Etats, depuis plusieurs ann\u00e9es, sont pris en otage par les oligarchies d\u2019argent et que d\u00e9sormais, au Nord, ce sont les int\u00e9r\u00eats de ces oligarchies, de ce 1% de la population du Nord, qui sont sauvegard\u00e9s par \u2018\u2019leurs n\u00e8gres de service\u2019\u2019 du Sud et non pas ceux des Etats, n\u2019a pas encore \u00e9t\u00e9 pris en compte dans l\u2019imaginaire de plusieurs d\u2019entre nous. De ce point de vue, l\u2019imaginaire alternatif peine \u00e0 r\u00e9aliser des progr\u00e8s dans plusieurs pays d\u2019Afrique et en RDC dans le chef des \u00e9lites partisanes et citoyennes.<\/p>\n<p>Pas plus tard que le 1er mai 2014, plusieurs manifestants fran\u00e7ais ont march\u00e9 dans les rues de plusieurs villes fran\u00e7aises pour fustiger la politique de Fran\u00e7ois Hollande et ses cadeaux offerts aux entreprises priv\u00e9es. En 2011, quand les bruits autour du financement de la campagne de Nicolas Sarkozy par Kadhafi se r\u00e9pandent dans les m\u00e9dias fran\u00e7ais, Pierre P\u00e9an, \u00e0 partir de ses investigations et de l\u2019histoire de la Fran\u00e7afrique, publie un livre au sous-titre r\u00e9v\u00e9lateur : \u00ab La R\u00e9publique des mallettes. Enqu\u00eate sur la principaut\u00e9 fran\u00e7aise de non-droit. \u00bb De la France, \u2018\u2019patrie des droits de l\u2019homme\u2019\u2019, \u00e0 en croire Pierre P\u00e9an (et Eva Joly), il ne reste presque plus rien. \u2018\u2019Les princes\u2019\u2019 ont transform\u00e9 ce pays en \u2018\u2019une principaut\u00e9 de non-droit\u2019\u2019. Ils peuvent d\u00e9rouler le tapis rouge \u00e0 Kadhafi aujourd\u2019hui et se liguer avec l\u2019OTAN contre lui pour le tuer demain.<br \/>\nQue Joseph Kabila aille \u00e0 Paris ou pas, la RDC n\u2019a presque rien \u00e0 attendre d\u2019 \u2018\u2019une principaut\u00e9 de non-droit\u2019\u2019 au sein de laquelle les va-t-en-guerre ont d\u00e9sormais le droit de cit\u00e9. Il sortira indemne de cette visite s\u2019il confirme de demeurer, pour le reste de ses jours, au service des \u2018\u2019consmocrates\u2019\u2019 comme il le fait depuis la guerre de l\u2019AFDL.<\/p>\n<p>La France de \u2018\u2019princes\u2019\u2019 est dor\u00e9navant une partie de \u2018\u2019la communaut\u00e9 occidentale\u2019\u2019 arrogante, cynique et tr\u00e8s peu soucieuse de la dignit\u00e9 humaine. Dieu merci ! Ses dignes filles et fils luttent pour que les choses changent. Petitement !<\/p>\n<p>&nbsp;<\/p>\n<div style=\"color: #000000;\"><span lang=\"FR-BE\"><em>Mbelu Babanya Kabudi<\/em><\/span><\/div>\n<div style=\"color: #000000;\"><\/div>\n<div style=\"color: #000000;\">\n<hr align=\"left\" size=\"1\" width=\"33%\" \/>\n<div>\n<div><a style=\"color: #222222;\" title=\"\" name=\"145bd1f7f6ff06b9__ftn1\"><\/a>[1]\u00a0<span lang=\"FR-BE\">E. JOLY,\u00a0<i>Notre affaire \u00e0 tous<\/i>, Paris, Les Ar\u00e8nes, 2000.\u00a0<\/span><\/div>\n<div><span lang=\"FR-BE\">\u00a0\u00a0\u00a0\u00a0\u00a0\u00a0\u00a0\u00a0\u00a0\u00a0\u00a0\u00a0\u00a0\u00a0\u00a0\u00a0\u00a0\u00a0<i>Est-ce dans ce monde-l\u00e0 que nous voulons vivre<\/i>\u00a0?, Paris, Les Ar\u00e8nes, 2003.<\/span><\/div>\n<\/div>\n<\/div>\n","protected":false},"excerpt":{"rendered":"<p>Par Jean-Pierre Mbelu Joseph Kabila peut aller \u00e0 l\u2019Elys\u00e9e. Qu\u2019est-ce que cela fait ? Rien. Kadhafi y est all\u00e9 avant lui. Un tapis rouge lui a \u00e9t\u00e9 d\u00e9roul\u00e9. Il a \u00e9t\u00e9 re\u00e7u en grande pompe. Il aurait m\u00eame financ\u00e9 la campagne pr\u00e9sidentielle d\u2019un \u2018\u2019prince \u00e9lys\u00e9en\u2019\u2019. Cela n\u2019a pas emp\u00each\u00e9 \u00e0 ce dernier de le poignarder [&hellip;]<\/p>\n","protected":false},"author":1,"featured_media":6581,"comment_status":"open","ping_status":"open","sticky":false,"template":"","format":"standard","meta":{"_acf_changed":false,"content-type":"","footnotes":""},"categories":[122,124],"tags":[],"class_list":["post-6580","post","type-post","status-publish","format-standard","has-post-thumbnail","hentry","category-news-alertes","category-politique-societe"],"acf":[],"_links":{"self":[{"href":"https:\/\/congolobilelo.com\/IN\/wp-json\/wp\/v2\/posts\/6580","targetHints":{"allow":["GET"]}}],"collection":[{"href":"https:\/\/congolobilelo.com\/IN\/wp-json\/wp\/v2\/posts"}],"about":[{"href":"https:\/\/congolobilelo.com\/IN\/wp-json\/wp\/v2\/types\/post"}],"author":[{"embeddable":true,"href":"https:\/\/congolobilelo.com\/IN\/wp-json\/wp\/v2\/users\/1"}],"replies":[{"embeddable":true,"href":"https:\/\/congolobilelo.com\/IN\/wp-json\/wp\/v2\/comments?post=6580"}],"version-history":[{"count":0,"href":"https:\/\/congolobilelo.com\/IN\/wp-json\/wp\/v2\/posts\/6580\/revisions"}],"wp:featuredmedia":[{"embeddable":true,"href":"https:\/\/congolobilelo.com\/IN\/wp-json\/"}],"wp:attachment":[{"href":"https:\/\/congolobilelo.com\/IN\/wp-json\/wp\/v2\/media?parent=6580"}],"wp:term":[{"taxonomy":"category","embeddable":true,"href":"https:\/\/congolobilelo.com\/IN\/wp-json\/wp\/v2\/categories?post=6580"},{"taxonomy":"post_tag","embeddable":true,"href":"https:\/\/congolobilelo.com\/IN\/wp-json\/wp\/v2\/tags?post=6580"}],"curies":[{"name":"wp","href":"https:\/\/api.w.org\/{rel}","templated":true}]}}