{"id":6575,"date":"2014-04-30T10:15:02","date_gmt":"2014-04-30T10:15:02","guid":{"rendered":"http:\/\/www.ingeta.com\/?p=6575"},"modified":"2014-04-30T10:15:02","modified_gmt":"2014-04-30T10:15:02","slug":"genocide-au-rwanda-20-ans-apres-debat-sur-vox-africa-tv","status":"publish","type":"post","link":"https:\/\/congolobilelo.com\/IN\/genocide-au-rwanda-20-ans-apres-debat-sur-vox-africa-tv\/","title":{"rendered":"G\u00e9nocide au Rwanda: 20 ans apr\u00e8s (D\u00e9bat sur Vox Africa TV)"},"content":{"rendered":"<p>\t\t\t\t20 ans apr\u00e8s le g\u00e9nocide au Rwanda, d\u00e9clench\u00e9 apr\u00e8s l&#8217;attentat contre l&#8217;avion des Pr\u00e9sidents rwandais et burundais, Juv\u00e9nal Habyarimana et Cyprien Ntaryamira le 6 avril 1994, le monde se souvient de cette trag\u00e9die. <\/p>\n<p>Pour en parler, les journalistes Victoire Eyoum et Adj\u00e9 Kouakou ont re\u00e7u dans les studios de VoxAfrica \u00e0 Londres, Leah Chishugi, rescap\u00e9e du g\u00e9nocide qui a fui les tueries au Rwanda en 1994 accompagn\u00e9e de son b\u00e9b\u00e9 de quelques mois ; ainsi que V\u00e9nuste Nshimiyimana, attach\u00e9 de presse de la MINUAR (la Mission des Nations Unies pour l&#8217;Assistance au Rwanda) au moment des faits. Avec le Dr Zoe Norridge, curatrice de l\u2019exposition photos intitul\u00e9e, Rwanda en photographie : La Mort avant, la vie maintenant, Honor\u00e9 Gatera, responsable de la repr\u00e9sentation de l&#8217;ONG AEGIS Trust \u00e0 Kigali et le journaliste d&#8217;investigation Patrick Mbeko, auteur de deux ouvrages sur la r\u00e9gion des Grands Lacs, ils reviennent avec \u00e9motion sur les \u00e9v\u00e9nements funestes de 1994 qui ont impact\u00e9 jusqu&#8217;aujourd&#8217;hui la r\u00e9gion des Grands Lacs, toujours meurtrie par des violences, principalement dans l&#8217;Est de la R\u00e9publique D\u00e9mocratique du Congo. <\/p>\n<p>Entre des souvenirs d&#8217;une vie \u00e0 jamais marqu\u00e9e, les d\u00e9cisions politiques ayant entra\u00een\u00e9s le g\u00e9nocide et la g\u00e9opolitique internationale, l&#8217;\u00e9mission G\u00e9nocide au Rwanda, 20 ans apr\u00e8s interpelle les t\u00e9l\u00e9spectateurs pour une responsabilisation des d\u00e9cideurs politiques, afin que les plus sombres pages de l&#8217;Histoire du monde ne se r\u00e9p\u00e8tent plus. <\/p>\n<p><object name=\"kaltura_player_1398848791\" id=\"kaltura_player_1398848791\" type=\"application\/x-shockwave-flash\" allowScriptAccess=\"always\" allowNetworking=\"all\" allowFullScreen=\"true\" height=\"300\" width=\"533\" data=\"http:\/\/beta.vatv.co.uk\/index.php\/kwidget\/wid\/0_pbm90ue8\/uiconf_id\/8700151\"><param name=\"allowScriptAccess\" value=\"always\" \/><param name=\"allowNetworking\" value=\"all\" \/><param name=\"allowFullScreen\" value=\"true\" \/><param name=\"bgcolor\" value=\"#000000\" \/><param name=\"movie\" value=\"http:\/\/beta.vatv.co.uk\/index.php\/kwidget\/wid\/0_pbm90ue8\/uiconf_id\/8700151\"\/><param name=\"flashVars\" value=\"\"\/><a href=\"http:\/\/corp.kaltura.com\">video platform<\/a><a href=\"http:\/\/corp.kaltura.com\/video_platform\/video_management\">video management<\/a><a href=\"http:\/\/corp.kaltura.com\/solutions\/video_solution\">video solutions<\/a><a href=\"http:\/\/corp.kaltura.com\/video_platform\/video_publishing\">video player<\/a><\/object><br \/>\n<\/br>\t\t<\/p>\n","protected":false},"excerpt":{"rendered":"<p>20 ans apr\u00e8s le g\u00e9nocide au Rwanda, d\u00e9clench\u00e9 apr\u00e8s l&#8217;attentat contre l&#8217;avion des Pr\u00e9sidents rwandais et burundais, Juv\u00e9nal Habyarimana et Cyprien Ntaryamira le 6 avril 1994, le monde se souvient de cette trag\u00e9die. Pour en parler, les journalistes Victoire Eyoum et Adj\u00e9 Kouakou ont re\u00e7u dans les studios de VoxAfrica \u00e0 Londres, Leah Chishugi, rescap\u00e9e [&hellip;]<\/p>\n","protected":false},"author":1,"featured_media":6577,"comment_status":"open","ping_status":"open","sticky":false,"template":"","format":"video","meta":{"_acf_changed":false,"content-type":"","footnotes":""},"categories":[148,124,133],"tags":[],"class_list":["post-6575","post","type-post","status-publish","format-video","has-post-thumbnail","hentry","category-documents-presse","category-politique-societe","category-videos","post_format-post-format-video"],"acf":[],"_links":{"self":[{"href":"https:\/\/congolobilelo.com\/IN\/wp-json\/wp\/v2\/posts\/6575","targetHints":{"allow":["GET"]}}],"collection":[{"href":"https:\/\/congolobilelo.com\/IN\/wp-json\/wp\/v2\/posts"}],"about":[{"href":"https:\/\/congolobilelo.com\/IN\/wp-json\/wp\/v2\/types\/post"}],"author":[{"embeddable":true,"href":"https:\/\/congolobilelo.com\/IN\/wp-json\/wp\/v2\/users\/1"}],"replies":[{"embeddable":true,"href":"https:\/\/congolobilelo.com\/IN\/wp-json\/wp\/v2\/comments?post=6575"}],"version-history":[{"count":0,"href":"https:\/\/congolobilelo.com\/IN\/wp-json\/wp\/v2\/posts\/6575\/revisions"}],"wp:featuredmedia":[{"embeddable":true,"href":"https:\/\/congolobilelo.com\/IN\/wp-json\/"}],"wp:attachment":[{"href":"https:\/\/congolobilelo.com\/IN\/wp-json\/wp\/v2\/media?parent=6575"}],"wp:term":[{"taxonomy":"category","embeddable":true,"href":"https:\/\/congolobilelo.com\/IN\/wp-json\/wp\/v2\/categories?post=6575"},{"taxonomy":"post_tag","embeddable":true,"href":"https:\/\/congolobilelo.com\/IN\/wp-json\/wp\/v2\/tags?post=6575"}],"curies":[{"name":"wp","href":"https:\/\/api.w.org\/{rel}","templated":true}]}}