{"id":6569,"date":"2014-04-29T10:39:18","date_gmt":"2014-04-29T10:39:18","guid":{"rendered":"http:\/\/www.ingeta.com\/?p=6569"},"modified":"2014-04-29T10:39:18","modified_gmt":"2014-04-29T10:39:18","slug":"catastrophes-humanitaires-deliquescence-du-pays-destabilisation-americaine-en-rdc","status":"publish","type":"post","link":"https:\/\/congolobilelo.com\/IN\/catastrophes-humanitaires-deliquescence-du-pays-destabilisation-americaine-en-rdc\/","title":{"rendered":"Catastrophes humanitaires, d\u00e9liquescence du pays &#038; d\u00e9stabilisation am\u00e9ricaine en RDC: Les congolais (eux-m\u00eames) doivent se mobiliser"},"content":{"rendered":"<p>\t\t\t\tL\u2019analyste politique Jean-Pierre Mbelu d\u00e9crypte le sens et les racines des catastrophes humanitaires en RDC, souligne les enjeux politiques autour des moyens de communications, met en garde sur le caract\u00e8re nocif des instituts et ONG am\u00e9ricains travaillant sur les questions de d\u00e9mocratie. Et explique pourquoi c\u2019est aux plus \u00e9veill\u00e9s d\u2019entre nous qu\u2019il appartient de pouvoir cr\u00e9er et recr\u00e9er les conditions sociales, politiques, environnementales, \u00e9conomiques et culturelles de l\u2019\u00e9mancipation politique de nos populations.<\/p>\n<p><iframe loading=\"lazy\" src=\"\/\/www.youtube.com\/embed\/Vy7MEW--iUM\" width=\"560\" height=\"360\" frameborder=\"0\" allowfullscreen=\"allowfullscreen\"><\/iframe><\/p>\n<p><strong>Sur les catastrophes humanitaires en RDC<\/strong><\/p>\n<blockquote><p>Un mort congolais, c\u2019est d\u00e9j\u00e0 un mort de trop. Ces accidents sont r\u00e9v\u00e9lateurs de l\u2019\u00e9tat de d\u00e9liquescence dans lequel se retrouve notre pays aujourd\u2019hui. L\u2019\u00e9tat de d\u00e9liquescence de notre pays est tellement avanc\u00e9 que nos compatriotes peuvent mourir, \u00e0 tout moment, d\u2019accident, de maladies li\u00e9es \u00e0 l\u2019eau qu\u2019ils boivent, etc. Cet \u00e9tat de d\u00e9liquescence du Congo trahit l\u2019option prise par les gouvernants fantoches de ce pays pour pouvoir exterminer les congolais le plus possible.<br \/>\nIl est incompr\u00e9hensible que, apr\u00e8s autant d\u2019ann\u00e9es de \u00abgestion du pouvoir \u00bb, le Congo ne puisse pas avoir un march\u00e9 int\u00e9rieur qui lui permette de lier ses diff\u00e9rents coins. Il est incompr\u00e9hensible que le Congo ne puisse pas avoir de moyens de transport convenables pour ses citoyens. C\u2019est r\u00e9voltant mais c\u2019est li\u00e9 au fait que les \u00abgouvernants \u00bb au Congo ont une mission : Exterminer le plus de congolais possible. Ces gens ne sont pas l\u00e0 pour \u00eatre au service des Congolais, ils sont l\u00e0 pour servir les int\u00e9r\u00eats ext\u00e9rieurs du pays.<br \/>\nLe probl\u00e8me fondamental semble \u00eatre le suivant : ces drames se produisent de mani\u00e8re r\u00e9p\u00e9t\u00e9e et ceux qui sont directement impliqu\u00e9s dans l\u2019organisation de la soci\u00e9t\u00e9 congolaise ne sont interpell\u00e9s nulle part. Et m\u00eame s\u2019il arrive qu\u2019une fois ou une autre, il y en ait qui sont interpell\u00e9s, il n\u2019y a pas de suivi du point de vue de la reddition des comptes. C\u2019est l\u00e0 que le b\u00e2t blesse. Un pays qui veut \u00eatre organis\u00e9 de mani\u00e8re efficace devrait assurer un suivi dans la r\u00e9alisation de certains projets.<\/p><\/blockquote>\n<p><strong>Sur l\u2019enjeu des moyens de communication au Congo<\/strong><\/p>\n<blockquote><p>Il y a un probl\u00e8me majeur des moyens de communication et d\u2019\u00e9changes entre les congolais qui veulent constituer une nation. Derri\u00e8re tout ce que nous sommes en train de conna\u00eetre, il y a un frein qui est mis au processus de circulation des congolais \u00e0 l\u2019int\u00e9rieur de leur pays pour pouvoir constituer un lien patriotique qui les aide \u00e0 pouvoir s\u2019unir et \u00e0 lutter pour leur \u00e9mancipation politique comme un seul homme.<br \/>\nIl y a une n\u00e9gligence qui serait aussi li\u00e9e \u00e0 ce fait l\u00e0. Si le r\u00e9seau ferroviaire est entretenu, si les routes sont tr\u00e8s bien entretenues, les congolais vont passer d\u2019un coin \u00e0 un autre. Ils vont se conna\u00eetre, ils vont \u00e9changer. Ils vont constituer des liens solides qui vont permettre de pouvoir lutter pour leur \u00e9mancipation politique.<br \/>\nComme nous avons des employ\u00e9s des forces ext\u00e9rieures qui ne veulent pas laisser aux congolais la chance de pouvoir se rencontrer, tout ce travail l\u00e0 est gel\u00e9.<br \/>\nLa population doit pouvoir s\u2019organiser et cr\u00e9er un lobbying populaire. Il est important qu\u2019aujourd\u2019hui, des compatriotes s\u2019organisent de fa\u00e7on \u00e0 cr\u00e9er un lobby populaire \u00e0 l\u2019int\u00e9rieur du pays, avec des associations citoyennes et partisanes afin d\u2019essayer de demander des comptes de mani\u00e8re suivie \u00e0 ceux qui pr\u00e9tendent gouverner le Congo. Mais aussi pour que notre peuple se mette debout.<br \/>\nApr\u00e8s les constats, apr\u00e8s les critiques, il est temps de mobiliser un lobby \u00e0 l\u2019int\u00e9rieur du pays pour pouvoir arriver \u00e0 l\u2019exigence d\u2019une reddition de comptes permanente \u00e0 l\u2019endroit des \u00ab gouvernants \u00bb.<\/p><\/blockquote>\n<p><strong>Sur la date du 24 avril au Congo (en r\u00e9f\u00e9rence au 24 avril 1990 et le processus de lib\u00e9ralisation politique du pays)<\/strong><\/p>\n<blockquote><p>Le fait que cette date soit pass\u00e9e inaper\u00e7ue au Congo est r\u00e9v\u00e9lateur d\u2019une crise profonde v\u00e9cue dans l\u2019imaginaire de plusieurs compatriotes. Il est incompr\u00e9hensible qu\u2019une date comme le 24 avril ne puisse pas mobiliser les compatriotes de l\u2019int\u00e9rieur. Ne fut-ce que pour marquer le coup, revisiter l\u2019histoire et faire un petit bilan. On se rend compte que pour les compatriotes qui pr\u00e9tendent faire la politique au Congo, l\u2019histoire ne compte pas. Ils ont vers\u00e9 dans le court-termisme et c\u2019est cela qui handicape les grands bonds qu\u2019aurait pu faire la politique au Congo. Nous fonctionnons en marge de l\u2019histoire telle que nous la faisons nous-m\u00eame. Si vous ne revisitez pas l\u2019histoire comment voulez-vous \u00e9valuer l\u2019action de la politique actuelle ?<\/p><\/blockquote>\n<p><strong>Sur l\u2019importance de forces mobilisatrices congolaises<\/strong><\/p>\n<blockquote><p>Chaque peuple vit aussi de la capacit\u00e9 de ses minorit\u00e9s \u00e9veill\u00e9es de pouvoir le mobiliser. Vous n\u2019allez pas de demander \u00e0 toute la population congolaise de mener des actions spontan\u00e9es sans qu\u2019il y ait une ou plusieurs t\u00eates pour les mobiliser. Tous les peuples fonctionnent de cette fa\u00e7on l\u00e0. Si le Cuba n\u2019avait pas eu un monsieur de la trempe de Fidel Castro, le pays n\u2019en serait pas l\u00e0 o\u00f9 il est aujourd\u2019hui. Si le Venezuela n\u2019avait pas eu un monsieur de la trempe de Hugo Chavez, le pays n\u2019en serait pas l\u00e0 o\u00f9 il est aujourd\u2019hui. Aujourd\u2019hui, nous voyons que la Russie revient sur le plan international parce qu\u2019elle a, \u00e0 sa t\u00eate, un monsieur de la trempe de Poutine.<br \/>\nCe sont les peuples qui r\u00e9ussissent \u00e0 avoir ces visionnaires qui essaient de se tirer d\u2019affaire. S\u2019il y a de la lassitude au sein des populations, cette lassitude peut \u00eatre li\u00e9e au fait que les forces mobilisatrices ont renonc\u00e9 tant soit peu \u00e0 leur mission. Ce sont ces forces l\u00e0 qui doivent \u00eatre cr\u00e9\u00e9es ou recr\u00e9\u00e9es pour mener le travail du lobbying populaire.<br \/>\nIl est plus que temps que nous arr\u00eations de tout attribuer \u00e0 l\u2019ext\u00e9rieur, et que, m\u00eame si dans nos analyses nous arrivons \u00e0 dire que X, Y ou Z sont impliqu\u00e9s dans ce qui se fait chez nous, nous devrions nous poser la question : et nous, que faisons-nous ?<br \/>\nSi nous ne faisons rien pour notre pays, personne ne le fera. C\u2019est aux plus \u00e9veill\u00e9s d\u2019entre nous qu\u2019il appartient de pouvoir cr\u00e9er et recr\u00e9er les conditions sociales, politiques, \u00e9conomiques et culturelles de l\u2019\u00e9mancipation politique de nos populations. Chacun doit pouvoir se battre avec les moyens dont il dispose. L\u2019essentiel est que nous soyons tous dans cette lutte pour l\u2019\u00e9mancipation de notre peuple.<br \/>\nIl est temps aujourd\u2019hui que les congolais qui ont l\u2019amour de leur patrie se mettent d\u2019accord autour de 3, 4, 5 points sur lesquels ils devront accepter de travailler ensemble en se disant : nos divisions, nos appartenances partisanes ou citoyennes ou religieuses, ne devraient pas nous emp\u00eacher de nous mobiliser comme un seul homme pour l\u2019\u00e9mancipation politique de notre pays. Il est temps qu\u2019un certain nombre d\u2019entre nous prenne le b\u00e2ton de p\u00e8lerins pour aller vers tous les congolais et leur dire qu\u2019il est temps que ces actions l\u00e0 puissent \u00eatre men\u00e9es.<\/p><\/blockquote>\n<p><strong>Sur le processus \u00e9lectoral en RDC<\/strong><\/p>\n<blockquote><p>Il y a des compatriotes aujourd\u2019hui qui ne croient absolument pas en un processus \u00e9lectoral engag\u00e9 sur fond d\u2019une histoire falsifi\u00e9e. N\u2019oubliez pas que ce processus \u00e9lectoral est cons\u00e9cutif \u00e0 l\u2019envahissement de notre pays par les arm\u00e9es du Rwanda, du Burundi et de l\u2019Ouganda soutenues par des forces ext\u00e9rieures. Ce processus n\u2019aboutira \u00e0 rien de bon tant qu\u2019une justice transitionnelle n\u2019a pas \u00e9t\u00e9 men\u00e9e apr\u00e8s qu\u2019on ait d\u00e9couverte que cette guerre de lib\u00e9ration \u00e9tait une guerre de pr\u00e9dation.<br \/>\nIl y a d\u2019autres compatriotes qui disent que les \u00e9lections sont leur front de combat et estiment que la politique \u00e9tant l\u2019art du possible, ils peuvent se battre sur ce front l\u00e0 et gagner. On leur dit alors : Allez-y mais en sachant relire notre histoire \u00e0 partir des \u00e9lections de 2006 et de 2011.<\/p><\/blockquote>\n<p><strong>Sur les instituts am\u00e9ricains et la d\u00e9mocratie au Congo<\/strong><\/p>\n<blockquote><p>Depuis la seconde guerre mondiale, les am\u00e9ricains ont estim\u00e9 que le Congo \u00e9tait un int\u00e9r\u00eat permanent pour eux comme vient de le prouver Raf Custers dans son livre \u00abChasseurs de mati\u00e8res premi\u00e8res \u00bb. L\u2019universit\u00e9 de Princeton vient de publier une enqu\u00eate qui montre que <a href=\"http:\/\/www.legrandsoir.info\/les-etats-unis-la-plus-grande-oligarchie-du-monde.html\" target=\"_blank\" rel=\"noopener\">les Etats-Unis ne sont pas une d\u00e9mocratie<\/a>, mais une oligarchie domin\u00e9e par le pouvoir de l\u2019argent.<br \/>\nQue des instituts venant d\u2019un pays domin\u00e9 par les oligarchies d\u2019argent puisse aller enseigner la d\u00e9mocratie ailleurs que chez eux, cela parait incompr\u00e9hensible. Au lieu que ces instituts travaillent dans leur propre pays pour qu\u2019il y ait un peu plus de d\u00e9mocratie, pour qu\u2019il y ait simplement de la d\u00e9mocratie, ils vont aller travailler ailleurs.<br \/>\nOr en examinant le travail que ces instituts ont fait dans plusieurs pays, nous nous rendons compte qu\u2019\u00e0 chaque fois que ces instituts ont travaill\u00e9 dans les autres pays que le leur, il y a eu apr\u00e8s des violences et des coups d\u2019Etat.<br \/>\nComment voulez-vous que des partis politiques qui aiment leur pays, et qui veulent que leurs pays puissent aller de l\u2019avant, aillent travailler avec des associations de la soci\u00e9t\u00e9 civile, g\u00e9r\u00e9e en sous main par la CIA. La m\u00eame CIA qui avait mis Mobutu au pouvoir et qui l\u2019a d\u00e9log\u00e9 en lui disant : \u00ab Si tu ne veux pas que ton cadavre puisse \u00eatre tra\u00een\u00e9 dans la rue, tu dois partir \u00bb. Et ce sont les m\u00eames qui ont choisi Kagam\u00e9 et Museveni.<br \/>\nIl y a dans le chef de tous les partis politiques congolais qui travaillent avec cet institut une amn\u00e9sie qui ne dit pas son nom.<\/p><\/blockquote>\n<p><strong>Sur la visite de John Kerry en RDC<\/strong><\/p>\n<blockquote><p>John Kerry va au Congo pour se moquer des congolais. Le m\u00eame John Kerry qui, avec Joe Biden, est all\u00e9 travailler au soutien des fascistes et n\u00e9o-nazis en Ukraine, qui fait partie d\u2019un pays qui a particip\u00e9 au bombardement de l\u2019OTAN en Libye et a d\u00e9truit ce pays, peut-il tout d\u2019un coup, devenir gentil et aider le Congo \u00e0 se retrouver sur le droit chemin de la d\u00e9mocratie? Que des congolais puissent applaudir, c\u2019est consternant. Comment des gens qui vous tuent parmi millions peuvent venir vous enseigner la d\u00e9mocratie?<br \/>\nLe Congo est un int\u00e9r\u00eat permanent pour les charognards de l\u2019Etat profond am\u00e9ricain.<\/p><\/blockquote>\n<p>&nbsp;\t\t<\/p>\n","protected":false},"excerpt":{"rendered":"<p>L\u2019analyste politique Jean-Pierre Mbelu d\u00e9crypte le sens et les racines des catastrophes humanitaires en RDC, souligne les enjeux politiques autour des moyens de communications, met en garde sur le caract\u00e8re nocif des instituts et ONG am\u00e9ricains travaillant sur les questions de d\u00e9mocratie. Et explique pourquoi c\u2019est aux plus \u00e9veill\u00e9s d\u2019entre nous qu\u2019il appartient de pouvoir [&hellip;]<\/p>\n","protected":false},"author":1,"featured_media":6570,"comment_status":"open","ping_status":"open","sticky":false,"template":"","format":"standard","meta":{"_acf_changed":false,"content-type":"","footnotes":""},"categories":[107,124],"tags":[],"class_list":["post-6569","post","type-post","status-publish","format-standard","has-post-thumbnail","hentry","category-analyses-commentaires","category-politique-societe"],"acf":[],"_links":{"self":[{"href":"https:\/\/congolobilelo.com\/IN\/wp-json\/wp\/v2\/posts\/6569","targetHints":{"allow":["GET"]}}],"collection":[{"href":"https:\/\/congolobilelo.com\/IN\/wp-json\/wp\/v2\/posts"}],"about":[{"href":"https:\/\/congolobilelo.com\/IN\/wp-json\/wp\/v2\/types\/post"}],"author":[{"embeddable":true,"href":"https:\/\/congolobilelo.com\/IN\/wp-json\/wp\/v2\/users\/1"}],"replies":[{"embeddable":true,"href":"https:\/\/congolobilelo.com\/IN\/wp-json\/wp\/v2\/comments?post=6569"}],"version-history":[{"count":0,"href":"https:\/\/congolobilelo.com\/IN\/wp-json\/wp\/v2\/posts\/6569\/revisions"}],"wp:featuredmedia":[{"embeddable":true,"href":"https:\/\/congolobilelo.com\/IN\/wp-json\/"}],"wp:attachment":[{"href":"https:\/\/congolobilelo.com\/IN\/wp-json\/wp\/v2\/media?parent=6569"}],"wp:term":[{"taxonomy":"category","embeddable":true,"href":"https:\/\/congolobilelo.com\/IN\/wp-json\/wp\/v2\/categories?post=6569"},{"taxonomy":"post_tag","embeddable":true,"href":"https:\/\/congolobilelo.com\/IN\/wp-json\/wp\/v2\/tags?post=6569"}],"curies":[{"name":"wp","href":"https:\/\/api.w.org\/{rel}","templated":true}]}}