{"id":6562,"date":"2014-04-28T07:23:57","date_gmt":"2014-04-28T07:23:57","guid":{"rendered":"http:\/\/www.ingeta.com\/?p=6562"},"modified":"2014-04-28T07:23:57","modified_gmt":"2014-04-28T07:23:57","slug":"rd-congo-un-pays-encercle-militairement","status":"publish","type":"post","link":"https:\/\/congolobilelo.com\/IN\/rd-congo-un-pays-encercle-militairement\/","title":{"rendered":"RD Congo : Un pays encercl\u00e9 militairement ?"},"content":{"rendered":"<p>\t\t\t\tPar <a href=\"http:\/\/desc-wondo.org\/rd-congo-un-pays-encercle-militairement-boniface-musavuli\/\">Boniface Musavuli<\/a><\/p>\n<p><strong>Les malheurs qui s\u2019abattent sur les Congolais sont souvent pr\u00e9c\u00e9d\u00e9s d\u2019une s\u00e9rie d\u2019\u00e9v\u00e8nements auxquels l\u2019opinion nationale et les autorit\u00e9s ne pr\u00eatent pas attention. Ce qui se passe en Centrafrique depuis un an, et pire encore depuis janvier dernier, devrait pr\u00e9occuper les dirigeants congolais au plus haut point. La pr\u00e9sence des troupes rwandaises \u00e0 Bangui, achemin\u00e9es \u00e0 bord d\u2019avions militaires am\u00e9ricains, et l\u2019importance du r\u00f4le qu\u2019elles ont rapidement acquis dans le pays, confirment une inqui\u00e9tude qui se lisait dans un article de Colette Braeckman de mars 2013. La chute du Pr\u00e9sident Boziz\u00e9, un alli\u00e9 de la RDC et de l\u2019Afrique du Sud, a pu \u00eatre orchestr\u00e9e par Kigali.<\/strong><\/p>\n<p>On s\u2019est longtemps demand\u00e9 quel int\u00e9r\u00eat Kigali avait dans la d\u00e9stabilisation d\u2019un pays aussi \u00e9loign\u00e9 de ses fronti\u00e8res. On n\u2019est plus loin de la r\u00e9ponse dont on se doutait.<\/p>\n<h3 style=\"color: #000000;\">Le Congo pour cible<\/h3>\n<p style=\"color: #000000;\">Avec le d\u00e9part de Fran\u00e7ois Boziz\u00e9, toute\u00a0<strong>la fronti\u00e8re nord de la RD Congo<\/strong>, longue de 1.577 km et couvrant deux provinces de la taille de la France<a style=\"font-weight: bold; color: #b81014;\" title=\"\" href=\"http:\/\/www.agoravox.fr\/actualites\/international\/article\/rd-congo-un-pays-encercle-151157#_ftn1\" rel=\"nofollow\" name=\"_ftnref1\">[1]<\/a>, se trouvait\u00a0<strong>d\u00e9garnie<\/strong><a style=\"font-weight: bold; color: #b81014;\" title=\"\" href=\"http:\/\/www.agoravox.fr\/actualites\/international\/article\/rd-congo-un-pays-encercle-151157#_ftn2\" rel=\"nofollow\" name=\"_ftnref2\">[2]<\/a>. Plusieurs indices avaient trahi la main cach\u00e9e du Rwanda pendant la conqu\u00eate du pays par la S\u00e9l\u00e9ka, du Nord au Sud, jusqu\u2019\u00e0 l\u2019assaut final sur la capitale Bangui malgr\u00e9 la r\u00e9sistance de l\u2019arm\u00e9e sud-africaine.\u00a0<strong>Treize soldats sud-africains<\/strong>avaient \u00e9t\u00e9 tu\u00e9s durant les combats<a style=\"font-weight: bold; color: #b81014;\" title=\"\" href=\"http:\/\/www.agoravox.fr\/actualites\/international\/article\/rd-congo-un-pays-encercle-151157#_ftn3\" rel=\"nofollow\" name=\"_ftnref3\">[3]<\/a>.<\/p>\n<p style=\"color: #000000;\">Contrairement \u00e0 l\u2019image des soudards qu\u2019ils ont donn\u00e9e une fois \u00e0 Bangui, les hommes de la S\u00e9l\u00e9ka, durant la conqu\u00eate du pays, \u00e9taient disciplin\u00e9s, bien \u00e9quip\u00e9s et bien encadr\u00e9s, ce qui trahissait la main cach\u00e9e d\u2019une puissance \u00e9trang\u00e8re. Ils\u00a0<em>\u00ab\u00a0descendaient de la province soudanaise du Darfour o\u00f9 se trouve d\u00e9ploy\u00e9 un contingent rwandais\u00a0\u00bb<\/em>. Colette Braeckman fit remarquer que\u00a0<em>\u00ab\u00a0Sur le plan militaire tout au moins, (les combattants de la S\u00e9l\u00e9ka) avaient peut-\u00eatre b\u00e9n\u00e9fici\u00e9 des conseils des strat\u00e8ges du M23\u00a0\u00bb<\/em>.<strong>Les possibles liens entre la Seleka et les dirigeants rwandais<\/strong>\u00a0avaient \u00e9t\u00e9 \u00e9bruit\u00e9s au d\u00e9tour d\u2019une maladroite allusion de Jean-Marie Runiga<a style=\"font-weight: bold; color: #b81014;\" title=\"\" href=\"http:\/\/www.agoravox.fr\/actualites\/international\/article\/rd-congo-un-pays-encercle-151157#_ftn4\" rel=\"nofollow\" name=\"_ftnref4\">[4]<\/a>, l\u2019ancien pr\u00e9sident du M23.<\/p>\n<p style=\"color: #000000;\">Un an plus tard, les agents rwandais, parrains du M23, ont discr\u00e8tement, mais pratiquement, pris le contr\u00f4le de la Centrafrique sous couvert de la Misca\u00a0<em>(Mission Internationale de Soutien \u00e0 la Centrafrique)<\/em>. Si bien qu\u2019ils peuvent impun\u00e9ment se livrer \u00e0 des actes aussi graves que les assassinats des r\u00e9fugi\u00e9s rwandais qui vivaient en paix dans ce pays, semant, selon jambonews.net,\u00a0<strong>la terreur dans la communaut\u00e9 rwandaise de Bangui<\/strong><a style=\"font-weight: bold; color: #b81014;\" title=\"\" href=\"http:\/\/www.agoravox.fr\/actualites\/international\/article\/rd-congo-un-pays-encercle-151157#_ftn5\" rel=\"nofollow\" name=\"_ftnref5\">[5]<\/a>. Pour l\u2019anecdote, au sujet de l\u2019importance que le contingent rwandais de la Misca a prise en Centrafrique, la Pr\u00e9sidente centrafricaine Catherine Samba-Panza est aujourd\u2019hui sous la protection des soldats rwandais. A Kinshasa, les autorit\u00e9s, depuis les guerres de l\u2019AFDL, du RCD, du CNDP et du M23, savent\u00a0mieux que quiconque ce que signifie\u00a0<em>\u00ab\u00a0\u00eatre sous la protection des soldats rwandais\u00a0\u00bb<\/em>.<\/p>\n<h3>SOS Province de l\u2019Equateur\u00a0?<\/h3>\n<p>Ainsi la num\u00e9ro un d\u2019un pays aussi important, pour la s\u00e9curit\u00e9 du Congo, comme la Centrafrique devient-elle, comme certains dirigeants congolais \u00e0 une certaine \u00e9poque, une oblig\u00e9e du r\u00e9gime de Kagam\u00e9. Et la capitale de son pays se trouve juste sur l\u2019autre rive de la rivi\u00e8re Ubangui, en face de la ville congolaise de Zongo, Province de l\u2019Equateur.<\/p>\n<p>Cette r\u00e9gion du Nord-Est du Congo n\u2019a jamais \u00e9t\u00e9 aussi proche de subir le m\u00eame sort que la r\u00e9gion du Kivu o\u00f9 les\u00a0<em>\u00ab\u00a0gens qui assurent la s\u00e9curit\u00e9 de la Pr\u00e9sidente centrafricaine\u00a0\u00bb<\/em>\u00a0ont caus\u00e9 la mort de six millions de Congolais. La relative paix qui r\u00e9gnait exceptionnellement dans cette partie du pays pourrait bient\u00f4t ne devenir que du pass\u00e9. D\u2019autant plus que les ingr\u00e9dients de la d\u00e9stabilisation sont tout \u00e0 fait r\u00e9unis.<\/p>\n<p>En effet, dans cette province, parfois consid\u00e9r\u00e9e comme la plus riche du Congo, on assiste \u00e0 une accumulation\u00a0<strong>des frustrations politiques<a style=\"font-weight: bold; color: #b81014;\" title=\"\" href=\"http:\/\/www.agoravox.fr\/actualites\/international\/article\/rd-congo-un-pays-encercle-151157#_ftn6\" rel=\"nofollow\" name=\"_ftnref6\"><strong>[6]<\/strong><\/a><\/strong>\u00a0depuis la chute du Pr\u00e9sident Mobutu, natif de la r\u00e9gion. Par ailleurs, en d\u00e9pit de ses immenses richesses, foresti\u00e8res notamment, la Province de l\u2019Equateur bat des records en mati\u00e8re de pauvret\u00e9\u00a0<em>(<strong>93% de la population<\/strong>\u00a0vit en-dessous du seuil de pauvret\u00e9<a style=\"font-weight: bold; color: #b81014;\" title=\"\" href=\"http:\/\/www.agoravox.fr\/actualites\/international\/article\/rd-congo-un-pays-encercle-151157#_ftn7\" rel=\"nofollow\" name=\"_ftnref7\"><strong>[7]<\/strong><\/a>)<\/em>.\u00a0<em>\u00ab\u00a0En d\u00e9pit de ses immenses richesses\u00a0\u00bb<\/em>\u2026 On a d\u00e9j\u00e0 entendu cette phrase un jour, quelque part\u2026 La R\u00e9publique D\u00e9mocratique du Congo se retrouve ainsi avec plusieurs voisins potentiellement dangereux, voire carr\u00e9ment mena\u00e7ants, sur ses fronti\u00e8res\u00a0: le Rwanda, bien \u00e9videmment\u00a0<em>(217 km)<\/em>, l\u2019Ouganda\u00a0<em>(765 km)<\/em>,\u00a0le Burundi<em>(233 km)<\/em>, le Sud-Soudan\u00a0<em>(alli\u00e9 de Kampala et Kigali) (628 km)<\/em>\u00a0et maintenant la R\u00e9publique Centrafricaine<em>(1.577 km)<\/em>.\u00a0Soit 3.420 km des fronti\u00e8res \u00e0 surveiller rigoureusement, et encore.<\/p>\n<h3>Toi aussi\u00a0<em>\u00ab\u00a0ma s\u0153ur\u00a0\u00bb<\/em>\u00a0?<\/h3>\n<p>La R\u00e9publique\u00a0<em>\u00ab\u00a0s\u0153ur\u00a0\u00bb<\/em>\u00a0du Congo-Brazza inqui\u00e8te depuis un curieux rapprochement entre les Pr\u00e9sidents Denis Sassou-Nguesso et Paul Kagam\u00e9<a style=\"font-weight: bold; color: #b81014;\" title=\"\" href=\"http:\/\/www.agoravox.fr\/actualites\/international\/article\/rd-congo-un-pays-encercle-151157#_ftn8\" rel=\"nofollow\" name=\"_ftnref8\">[8]<\/a>. Ce rapprochement avait \u00e9t\u00e9 concr\u00e9tis\u00e9 par la signature d\u2019un accord de coop\u00e9ration dans le domaine du transport a\u00e9rien.<\/p>\n<p style=\"color: #000000;\">Un premier vol, un cargo, avait d\u00e9coll\u00e9 de Kigali vers Brazzaville le 06 mai 2013 avec \u00e0 bord, officiellement, 30 tonnes de marchandises.\u00a0<strong>Selon le ministre rwandais du commerce et de l\u2019industrie, Fran\u00e7ois Kanimba, l\u2019avion transportait essentiellement des produits agricoles<a style=\"font-weight: bold; color: #b81014;\" title=\"\" href=\"http:\/\/www.agoravox.fr\/actualites\/international\/article\/rd-congo-un-pays-encercle-151157#_ftn9\" rel=\"nofollow\" name=\"_ftnref9\"><strong>[9]<\/strong><\/a><\/strong>\u00a0comme la viande, le haricot et de petits poissons s\u00e9ch\u00e9s. Il \u00e9tait pr\u00e9vu qu\u2019un appareil effectue chaque semaine un vol avec \u00e0 bord des produits agricoles\u00a0<em>(farines de manioc, ma\u00efs, haricot, fruits, l\u00e9gumes)<\/em>. Une information officielle qui aurait d\u00fb mettre la puce \u00e0 l\u2019oreille.<\/p>\n<p style=\"color: #000000;\">En effet, quelle logique \u00e9conomique justifierait qu\u2019on mobilise un avion pour transporter 30 tonnes de l\u00e9gumes, de fruits, de farine de manioc,\u2026 d\u2019un pays comme le Rwanda qui manque d\u2019espace agricole\u00a0<em>(419 hab.\/km\u00b2)<\/em>\u00a0vers un pays comme le Congo-Brazza disposant de vastes terres inexploit\u00e9es\u00a0<em>(13 hab.\/km\u00b2)<\/em>\u00a0? On voit mal une compagnie a\u00e9rienne rester longtemps rentable en convoyant des l\u00e9gumes d\u2019un pays comme le Rwanda vers un pays agricole comme le Congo-Brazza.<\/p>\n<p style=\"color: #000000;\">Les\u00a0<em>\u00ab\u00a0strat\u00e8ges militaires du Congo-Kinshasa\u00a0\u00bb<\/em>\u00a0seraient ainsi bien inspir\u00e9s d\u2019ajouter le Congo-Brazza sur la liste des pays dont la fronti\u00e8re commune\u00a0<em>(2.410 km)<\/em>\u00a0m\u00e9rite une attention accrue. Il est encore trop t\u00f4t d\u2019\u00e9tablir un lien entre\u00a0<strong>les expulsions des ressortissants du Congo Kinshasa par les autorit\u00e9s du Congo-Brazzaville<a style=\"font-weight: bold; color: #b81014;\" title=\"\" href=\"http:\/\/www.agoravox.fr\/actualites\/international\/article\/rd-congo-un-pays-encercle-151157#_ftn10\" rel=\"nofollow\" name=\"_ftnref10\"><strong>[10]<\/strong><\/a><\/strong>\u00a0et le p\u00e9ril sur la Patrie de Lumumba qui prend forme sur l\u2019axe Kigali-Bangui-Brazzaville.<\/p>\n<p style=\"color: #000000;\"><a href=\"http:\/\/www.ingeta.com\/wp-content\/uploads\/2014\/04\/Congo-Encerclement-d168b.png\"><img loading=\"lazy\" decoding=\"async\" class=\"alignleft wp-image-6564 size-medium\" src=\"http:\/\/www.ingeta.com\/wp-content\/uploads\/2014\/04\/Congo-Encerclement-d168b-300x215.png\" alt=\"Congo-Encerclement-d168b\" width=\"300\" height=\"215\" \/><\/a><\/p>\n<h3>La strat\u00e9gie de l\u2019encerclement<\/h3>\n<p>En tout cas, si la coop\u00e9ration militaire entre Kigali et Brazzaville, maquill\u00e9e en convoyage des denr\u00e9es agricoles, se confirme, les strat\u00e8ges de Kigali auront r\u00e9ussi de main de ma\u00eetre, \u00e0 l\u2019\u00e9chelle r\u00e9gionale, ce qui a toujours fait leur force sur les champs de bataille\u00a0: encercler une cible militaire\u00a0<em>(ville, village, base ennemie)<\/em>, mener des infiltrations puis passer \u00e0 l\u2019attaque<a style=\"font-weight: bold; color: #b81014;\" title=\"\" href=\"http:\/\/www.agoravox.fr\/actualites\/international\/article\/rd-congo-un-pays-encercle-151157#_ftn11\" rel=\"nofollow\" name=\"_ftnref11\">[11]<\/a>.<\/p>\n<p>Kinshasa va devoir briller d\u2019imagination pour\u00a0<em>\u00ab\u00a0briser\u00a0\u00bb<\/em>\u00a0l\u2019encerclement. Peut-\u00eatre en renfor\u00e7ant le contingent des FARDC<a style=\"font-weight: bold; color: #b81014;\" title=\"\" href=\"http:\/\/www.agoravox.fr\/actualites\/international\/article\/rd-congo-un-pays-encercle-151157#_ftn12\" rel=\"nofollow\" name=\"_ftnref12\">[12]<\/a>\u00a0\u00e0 Bangui. Mais tous les efforts pourraient \u00eatre vains si la phase\u00a0<em>\u00ab\u00a0infiltrations\u00a0\u00bb<\/em>\u00a0a atteint, dans les institutions congolaises, le point de non-retour.<\/p>\n<p>&nbsp;<\/p>\n<p><em>Boniface MUSAVULI<\/em><\/p>\n<div>\n<hr align=\"left\" size=\"1\" width=\"33%\" \/>\n<div id=\"ftn1\">\n<p><a style=\"font-weight: bold; color: #b81014;\" title=\"\" href=\"http:\/\/www.agoravox.fr\/actualites\/international\/article\/rd-congo-un-pays-encercle-151157#_ftnref1\" rel=\"nofollow\" name=\"_ftn1\">[1]<\/a>\u00a0La Province de l\u2019Equateur et la Province Orientale.<\/p>\n<div id=\"ftn2\" style=\"color: #000000;\">\n<p><a style=\"font-weight: bold; color: #b81014;\" title=\"\" href=\"http:\/\/www.agoravox.fr\/actualites\/international\/article\/rd-congo-un-pays-encercle-151157#_ftnref2\" rel=\"nofollow\" name=\"_ftn2\">[2]<\/a>\u00a0<em>\u00ab\u00a0La chute de Bangui d\u00e9garnit la fronti\u00e8re nord du Congo Kinshasa\u00a0\u00bb<\/em>, Le carnet de Colette Braeckman, 23 mars 2013, &lt;\u00a0<a class=\"spip_out\" style=\"font-weight: bold; color: #b81014;\" href=\"http:\/\/blog.lesoir.be\/colette-braeckman\/2013\/03\/25\/la-chute-de-bangui-degarnit-la-frontiere-nord-du-congo-kinshasa\/&amp;gt\" rel=\"nofollow\">http:\/\/blog.lesoir.be\/colette-braec&#8230;<\/a>\u00a0;<\/p>\n<\/div>\n<div id=\"ftn3\" style=\"color: #000000;\">\n<p><a style=\"font-weight: bold; color: #b81014;\" title=\"\" href=\"http:\/\/www.agoravox.fr\/actualites\/international\/article\/rd-congo-un-pays-encercle-151157#_ftnref3\" rel=\"nofollow\" name=\"_ftn3\">[3]<\/a>\u00a0<em>\u00ab\u00a0Centrafrique\u00a0: 13 soldats sud-africains tu\u00e9s, les rebelles \u00e0 Bangui\u00a0\u00bb<\/em>, euronews.com, 25 mars 2013, &lt;<a class=\"spip_out\" style=\"font-weight: bold; color: #b81014;\" href=\"http:\/\/fr.euronews.com\/2013\/03\/25\/web--centrafrique-13-soldats-sud-africains-tues-les-rebelles-bangui-zuma\/&amp;gt\" rel=\"nofollow\">http:\/\/fr.euronews.com\/2013\/03\/25\/w&#8230;<\/a>\u00a0;<\/p>\n<\/div>\n<div id=\"ftn4\" style=\"color: #000000;\">\n<p><a style=\"font-weight: bold; color: #b81014;\" title=\"\" href=\"http:\/\/www.agoravox.fr\/actualites\/international\/article\/rd-congo-un-pays-encercle-151157#_ftnref4\" rel=\"nofollow\" name=\"_ftn4\">[4]<\/a>\u00a0<em>\u00ab\u00a0Jean-Marie RUNIGA\u00a0: La r\u00e9bellion S\u00e9l\u00e9ka nous a beaucoup inspir\u00e9s\u00a0\u00bb<\/em>, kongotimes, 03 janvier 2013, &lt;<a class=\"spip_out\" style=\"font-weight: bold; color: #b81014;\" href=\"http:\/\/afrique.kongotimes.info\/rdc\/echos_provinces\/5350-jean-marie-runiga-la-rebellion-seleka-nous-a-beaucoup-inspires.html&amp;gt\" rel=\"nofollow\">http:\/\/afrique.kongotimes.info\/rdc\/&#8230;<\/a>\u00a0;<\/p>\n<\/div>\n<div id=\"ftn5\" style=\"color: #000000;\">\n<p><a style=\"font-weight: bold; color: #b81014;\" title=\"\" href=\"http:\/\/www.agoravox.fr\/actualites\/international\/article\/rd-congo-un-pays-encercle-151157#_ftnref5\" rel=\"nofollow\" name=\"_ftn5\">[5]<\/a>\u00a0<em>\u00ab\u00a0RCA\u00a0: Terreur contre les r\u00e9fugi\u00e9s rwandais \u00e0 Bangui\u00a0: les t\u00e9moins se confient \u00e0 Jambonews\u00a0\u00bb<\/em>, jambonews.net, 22 avril 2014, &lt;<a class=\"spip_out\" style=\"font-weight: bold; color: #b81014;\" href=\"http:\/\/www.jambonews.net\/actualites\/20140422-rca-terreur-contre-les-refugies-rwandais-a-bangui-les-temoins-se-confient-a-jambonews\/&amp;gt\" rel=\"nofollow\">http:\/\/www.jambonews.net\/actualites&#8230;<\/a>\u00a0;<\/p>\n<\/div>\n<div id=\"ftn6\" style=\"color: #000000;\">\n<p><a style=\"font-weight: bold; color: #b81014;\" title=\"\" href=\"http:\/\/www.agoravox.fr\/actualites\/international\/article\/rd-congo-un-pays-encercle-151157#_ftnref6\" rel=\"nofollow\" name=\"_ftn6\">[6]<\/a>\u00a0<em>\u00ab\u00a0RDC\u00a0: Pourquoi \u00ab\u00a0KABILA\u00a0\u00bb veut le Chaos dans la Province de l\u2019Equateur\u00a0?\u00a0\u00bb<\/em>, kongotimes, 24 avril 2014, &lt;\u00a0<a class=\"spip_out\" style=\"font-weight: bold; color: #b81014;\" href=\"http:\/\/afrique.kongotimes.info\/rdc\/echos_provinces\/7454-rdc-pourquoi-kabila-veut-chaos-dans-province-equateur.html&amp;gt\" rel=\"nofollow\">http:\/\/afrique.kongotimes.info\/rdc\/&#8230;<\/a>\u00a0;<\/p>\n<\/div>\n<div id=\"ftn7\" style=\"color: #000000;\">\n<p><a style=\"font-weight: bold; color: #b81014;\" title=\"\" href=\"http:\/\/www.agoravox.fr\/actualites\/international\/article\/rd-congo-un-pays-encercle-151157#_ftnref7\" rel=\"nofollow\" name=\"_ftn7\">[7]<\/a>\u00a0<em>\u00ab\u00a0RDC\u00a0: 93% des habitants de l\u2019Equateur vivent dans la pauvret\u00e9, selon la Banque mondiale\u00a0\u00bb<\/em>, radiookapi.net 12 mai 2012, &lt;\u00a0<a class=\"spip_out\" style=\"font-weight: bold; color: #b81014;\" href=\"http:\/\/radiookapi.net\/economie\/2012\/05\/14\/rdc-93-des-habitants-de-lequateur-vivent-dans-la-pauvrete-selon-la-banque-mondiale\/&amp;gt\" rel=\"nofollow\">http:\/\/radiookapi.net\/economie\/2012&#8230;<\/a>\u00a0;<\/p>\n<\/div>\n<div id=\"ftn8\" style=\"color: #000000;\">\n<p><a style=\"font-weight: bold; color: #b81014;\" title=\"\" href=\"http:\/\/www.agoravox.fr\/actualites\/international\/article\/rd-congo-un-pays-encercle-151157#_ftnref8\" rel=\"nofollow\" name=\"_ftn8\">[8]<\/a>\u00a0<em>\u00ab\u00a0Congo-Brazza \u2013 RD Congo \u2013 Rwanda\u00a0: A quoi joue Sassou-Nguesso\u00a0?\u00a0\u00bb<\/em>, agoravox.fr, 17 ao\u00fbt 2013, &lt;<a class=\"spip_out\" style=\"font-weight: bold; color: #b81014;\" href=\"http:\/\/www.agoravox.fr\/actualites\/international\/article\/congo-brazza-rd-congo-rwanda-a-139694&amp;gt\" rel=\"nofollow\">http:\/\/www.agoravox.fr\/actualites\/i&#8230;<\/a>\u00a0;<\/p>\n<\/div>\n<div id=\"ftn9\" style=\"color: #000000;\">\n<p><a style=\"font-weight: bold; color: #b81014;\" title=\"\" href=\"http:\/\/www.agoravox.fr\/actualites\/international\/article\/rd-congo-un-pays-encercle-151157#_ftnref9\" rel=\"nofollow\" name=\"_ftn9\">[9]<\/a>\u00a0<em>\u00ab\u00a0Ce que les Rwandais disent du Congo-Brazzaville de Sassou Nguesso\u00a0\u00bb<\/em>, INGIHE.com, 12 mai 2013, &lt;<a class=\"spip_out\" style=\"font-weight: bold; color: #b81014;\" href=\"http:\/\/fr.igihe.com\/l-investisseur\/ce-que-les-rwandais-disent-du-congo-brazzaville.html&amp;gt\" rel=\"nofollow\">http:\/\/fr.igihe.com\/l-investisseur\/&#8230;<\/a>\u00a0;<\/p>\n<\/div>\n<div id=\"ftn10\" style=\"color: #000000;\">\n<p><a style=\"font-weight: bold; color: #b81014;\" title=\"\" href=\"http:\/\/www.agoravox.fr\/actualites\/international\/article\/rd-congo-un-pays-encercle-151157#_ftnref10\" rel=\"nofollow\" name=\"_ftn10\">[10]<\/a>\u00a0<em>\u00ab\u00a0Congo-Brazzaville\u00a0: les expulsions d\u2019\u00e9trangers vers la RDC se poursuivent\u00a0<\/em>\u00a0\u00bb, rfi.fr, 11 avril 2014, &lt;<a class=\"spip_out\" style=\"font-weight: bold; color: #b81014;\" href=\"http:\/\/www.rfi.fr\/afrique\/20140411-congo-brazzaville-expulsions-etrangers-vers-rdc-poursuivent\/&amp;gt\" rel=\"nofollow\">http:\/\/www.rfi.fr\/afrique\/20140411-&#8230;<\/a>\u00a0;<\/p>\n<div id=\"ftn11\">\n<p><a style=\"font-weight: bold; color: #b81014;\" title=\"\" href=\"http:\/\/www.agoravox.fr\/actualites\/international\/article\/rd-congo-un-pays-encercle-151157#_ftnref11\" rel=\"nofollow\" name=\"_ftn11\">[11]<\/a>\u00a0Jean-Jacques Wondo,\u00a0<em>Les arm\u00e9es au Congo \u2013 Radioscopie de la Force Publique aux FARDC<\/em>, Ed. Monde Nouveau\/Afrique Nouvelle, 2013, pp. 213-214.<\/p>\n<\/div>\n<div id=\"ftn12\">\n<p><a style=\"font-weight: bold; color: #b81014;\" title=\"\" href=\"http:\/\/www.agoravox.fr\/actualites\/international\/article\/rd-congo-un-pays-encercle-151157#_ftnref12\" rel=\"nofollow\" name=\"_ftn12\">[12]<\/a>\u00a0Forces Arm\u00e9es de la R\u00e9publique D\u00e9mocratique du Congo.<\/p>\n<\/div>\n<\/div>\n<\/div>\n<\/div>\n","protected":false},"excerpt":{"rendered":"<p>Par Boniface Musavuli Les malheurs qui s\u2019abattent sur les Congolais sont souvent pr\u00e9c\u00e9d\u00e9s d\u2019une s\u00e9rie d\u2019\u00e9v\u00e8nements auxquels l\u2019opinion nationale et les autorit\u00e9s ne pr\u00eatent pas attention. Ce qui se passe en Centrafrique depuis un an, et pire encore depuis janvier dernier, devrait pr\u00e9occuper les dirigeants congolais au plus haut point. La pr\u00e9sence des troupes rwandaises [&hellip;]<\/p>\n","protected":false},"author":1,"featured_media":6563,"comment_status":"open","ping_status":"open","sticky":false,"template":"","format":"standard","meta":{"_acf_changed":false,"content-type":"","footnotes":""},"categories":[107,124],"tags":[],"class_list":["post-6562","post","type-post","status-publish","format-standard","has-post-thumbnail","hentry","category-analyses-commentaires","category-politique-societe"],"acf":[],"_links":{"self":[{"href":"https:\/\/congolobilelo.com\/IN\/wp-json\/wp\/v2\/posts\/6562","targetHints":{"allow":["GET"]}}],"collection":[{"href":"https:\/\/congolobilelo.com\/IN\/wp-json\/wp\/v2\/posts"}],"about":[{"href":"https:\/\/congolobilelo.com\/IN\/wp-json\/wp\/v2\/types\/post"}],"author":[{"embeddable":true,"href":"https:\/\/congolobilelo.com\/IN\/wp-json\/wp\/v2\/users\/1"}],"replies":[{"embeddable":true,"href":"https:\/\/congolobilelo.com\/IN\/wp-json\/wp\/v2\/comments?post=6562"}],"version-history":[{"count":0,"href":"https:\/\/congolobilelo.com\/IN\/wp-json\/wp\/v2\/posts\/6562\/revisions"}],"wp:featuredmedia":[{"embeddable":true,"href":"https:\/\/congolobilelo.com\/IN\/wp-json\/"}],"wp:attachment":[{"href":"https:\/\/congolobilelo.com\/IN\/wp-json\/wp\/v2\/media?parent=6562"}],"wp:term":[{"taxonomy":"category","embeddable":true,"href":"https:\/\/congolobilelo.com\/IN\/wp-json\/wp\/v2\/categories?post=6562"},{"taxonomy":"post_tag","embeddable":true,"href":"https:\/\/congolobilelo.com\/IN\/wp-json\/wp\/v2\/tags?post=6562"}],"curies":[{"name":"wp","href":"https:\/\/api.w.org\/{rel}","templated":true}]}}