{"id":6548,"date":"2014-04-21T17:43:40","date_gmt":"2014-04-21T17:43:40","guid":{"rendered":"http:\/\/www.ingeta.com\/?p=6548"},"modified":"2014-04-21T17:43:40","modified_gmt":"2014-04-21T17:43:40","slug":"relisons-et-refaisons-notre-histoire-autrement","status":"publish","type":"post","link":"https:\/\/congolobilelo.com\/IN\/relisons-et-refaisons-notre-histoire-autrement\/","title":{"rendered":"Expulsion des congolais \u00e0 Brazza, &#8220;amnistie&#8221; du M23 &#038; pauvret\u00e9 g\u00e9n\u00e9ralis\u00e9e en RDC : Relisons et refaisons notre histoire autrement"},"content":{"rendered":"<p>\t\t\t\tL\u2019analyste politique Jean-Pierre Mbelu revient sur les origines et la mission du PPRD (\u00ab un parti qui s\u2019inscrit dans une logique de combat contre le peuple \u00bb), d\u00e9crypte les raisons et les enjeux du recul d\u00e9mocratique et du verrouillage de l\u2019espace public en RDC, souligne pourquoi les congolais sont maltrait\u00e9s partout \u00e0 travers le monde, et nous somme de faire une relecture de notre histoire.<\/p>\n<p><iframe loading=\"lazy\" src=\"\/\/www.youtube.com\/embed\/Gp-Sa0GJ5SQ\" width=\"560\" height=\"360\" frameborder=\"0\" allowfullscreen=\"allowfullscreen\"><\/iframe><\/p>\n<p><strong>Sur le PPRD, ses origines, sa r\u00e9union de Mbandaka Joseph Kabila<\/strong><\/p>\n<blockquote><p>Il y a quelque chose de grave qui est en train de se passer dans le chef de certains compatriotes. Ce sont les membres du PPRD qui font de Joseph Kabila leur autorit\u00e9 morale. La d\u00e9marche contraire n\u2019a jamais \u00e9t\u00e9 entreprise. Le PPRD est une machine qui essaie de se servir de ce qu\u2019il pense \u00eatre l\u2019aura de son ra\u00efs pour pouvoir organiser les \u00e9lections.<br \/>\nCe qu\u2019il y a eu \u00e0 Mbandaka, vient apr\u00e8s ce qu\u2019il y a eu \u00e0 Kingakati. Les congolais qui ont \u00e9t\u00e9 aux concertations nationales devraient comprendre qu\u2019ils ont \u00e9t\u00e9 les dindons de la farce. Le PPRD s\u2019efforce de tout faire pour que son autorit\u00e9 morale puisse conserver le pouvoir. Mais le PPRD n\u2019a pas de pouvoir au Congo. Ce cin\u00e9ma \u00e0 Mbandaka ne sert qu\u2019\u00e0 bluffer les plus na\u00effs d\u2019entre nous. Le Congo est un pays sous occupation, un pays sous la tutelle de l\u2019ONU. Les membres du status quo que l\u2019on pourrait retrouver dans le PPRD ou les autres partis politiques congolais ne sont l\u00e0 que pour accompagner cette occupation du Congo et sa mise sous tutelle.<br \/>\nEn quelque sorte, les membres du PPRD font leur travail. Ils ont d\u00e9cid\u00e9 de maintenir le Congo dans son \u00e9tat d\u2019occupation et de mise sous tutelle. Mais que font les autres partis politiques congolais et les associations de la soci\u00e9t\u00e9 civile pendant ce temps?<br \/>\nLa plupart des partis politiques congolais n\u2019ont pas d\u2019id\u00e9ologie, partag\u00e9e avec les masses populaires. Le PPRD, \u00e0 sa cr\u00e9ation, a \u00e9t\u00e9 support\u00e9 par les entreprises multinationales par exemple. Ce parti politique, d\u00e8s le d\u00e9part, n\u2019a pas travaill\u00e9 avec nos masses populaires mais avec les multinationales \u00e9trang\u00e8res. Voil\u00e0 pourquoi il a particip\u00e9 \u00e0 la pr\u00e9dation du pays, par l\u2019interm\u00e9diaire de plusieurs de ses membres.<br \/>\n<a href=\"http:\/\/www.ingeta.com\/wp-content\/uploads\/2014\/04\/NIZA-RDC-LEtatcontrelepeuple-2006.pdf\" target=\"_blank\" rel=\"noopener\">Comme l\u2019enjeu, au moment o\u00f9 ce parti avait \u00e9t\u00e9 cr\u00e9\u00e9, \u00e9tait d\u2019ouvrir le Congo au n\u00e9olib\u00e9ralisme<\/a>, il avait int\u00e9r\u00eat \u00e0 travailler avec les multinationales dont certaines ont \u00e9t\u00e9 cit\u00e9es par le rapport Kassem de 2002 comme ayant particip\u00e9 au pillage des ressources de la RDC.\u00a0Un parti fond\u00e9 pour ouvrir le pays au n\u00e9olib\u00e9ralisme est un parti qui s\u2019inscrit dans une logique de combat contre le peuple. Avec cette r\u00e9union de Mbandaka, le PPRD trahit la fragilit\u00e9 de sa fondation.<\/p><\/blockquote>\n<p><strong>Sur la plateforme de \u00abl\u2019opposition r\u00e9publicaine\u00bb congolaise dirig\u00e9e par Kengo<\/strong><\/p>\n<blockquote><p>Ce n\u2019est m\u00eame pas une opposition. Il y a un usage abusif des mots au Congo. Comment voulez-vous que Kengo, qui travaille main dans la main avec le pouvoir fant\u00f4che de Kinshasa puisse tout \u00e0 coup cr\u00e9er un mouvement de l\u2019opposition r\u00e9publicaine. Il n\u2019y a pas de d\u00e9mocratie au Congo, il n\u2019y a pas d\u2019opposition r\u00e9publicaine. Ce sont des inversions s\u00e9mantiques.<br \/>\nPourquoi il y a, au Congo, ce recours permanent \u00e0 l\u2019inversion s\u00e9mantique ? Tout simplement pour cacher la r\u00e9alit\u00e9 de ce qui se passe dans le pays.<br \/>\nIl y a une alliance qui est visible entre les anciens dinosaures du Mobutisme et les nouveaux pr\u00e9dateurs de la Kabilie pour mettre le Congo en coupe r\u00e9gl\u00e9e. Et autour des ces dinosaures et pr\u00e9dateurs, il y a quelques opportunistes qui essaient de les rejoindre en recourant \u00e0 l\u2019inversion s\u00e9mantique, en s\u2019appelant opposition r\u00e9publicaine, r\u00e9volution de la modernit\u00e9. Le peuple congolais est roul\u00e9 dans la farine par une petite \u00e9lite compradore qui court derri\u00e8re les sous et est sans aucune moralit\u00e9 ni aucune \u00e9thique, et se sert du peuple comme marche-pied pour avoir acc\u00e8s \u00e0 la mangeoire.<\/p><\/blockquote>\n<p><strong>Sur la dispersion du meeting de l\u2019UDPS le 17 avril 2014 \u00e0 Kamina<\/strong><\/p>\n<blockquote><p>La grande pauvret\u00e9 dans laquelle le Congo est en train de s\u2019enfoncer aujourd\u2019hui, c\u2019est le manque d\u2019acc\u00e8s aux droits fondamentaux et libert\u00e9s fondamentales. Le Congo a beau dire qu\u2019il est d\u00e9mocratique, il n\u2019en est rien.<br \/>\nAvoir acc\u00e8s aux droits fondamentaux et libert\u00e9s fondamentales est la meilleure des richesses dont peut disposer un peuple.<br \/>\nMais dans un pays o\u00f9 le monolithisme est impos\u00e9 pour accompagner l\u2019occupation et la mise sous tutelle du Congo, cette richesse l\u00e0 n\u2019existe pas. Parce que si l\u2019espace politique est ouvert au pluralisme politique, cela conduirait, qu\u2019on le veuille ou pas, \u00e0 l\u2019alternative politique. C\u2019est donc le refus de l\u2019alternative politique qui conduit \u00e0 la fermeture de l\u2019espace public au pluralisme politique. La lutte se situe \u00e0 ce niveau l\u00e0. Le pluralisme politique se gagne par la lutte.<\/p><\/blockquote>\n<p><strong>Sur le recul d\u00e9mocratique au Congo<\/strong><\/p>\n<blockquote><p>Au d\u00e9but des ann\u00e9es 1990, il y avait des avancements engrang\u00e9s de l\u2019int\u00e9rieur et des luttes suffisamment avanc\u00e9es malgr\u00e9 les difficult\u00e9s que connaissait le pays \u00e0 ce moment l\u00e0. C\u2019est ainsi que les ma\u00eetres du monde, sachant que le Congo a 9 pays voisins, et que si le Congo se mettait en ordre utile pour mener jusqu\u2019au bout sa lutte de lib\u00e9ralisation de l\u2019espace public et d\u2019ouverture au pluralisme politique, cela allait entra\u00eener au moins ses 9 voisins. Il fallait casser cette marche vers la d\u00e9mocratie pour pouvoir retourner 30 ans en arri\u00e8re. Et la guerre de 1996-1997 est donc venue casser cet \u00e9lan int\u00e9rieur.<br \/>\nCeux qui estiment \u00eatre les ma\u00eetres du monde peuvent travailler sur une m\u00eame question pendant 50 ans et plus. Ils ne pouvaient pas facilement permettre, bien s\u00fbr avec notre propre complicit\u00e9, parce que recourir \u00e0 l\u2019histoire n\u2019est pas surtout le fort de plusieurs d\u2019entre nous. Nous avons, de notre c\u00f4t\u00e9, tendance \u00e0 naviguer \u00e0 vue et \u00e0 travailler au jour le jour.<br \/>\nPetit \u00e0 petit l\u2019ouverture initi\u00e9e le 24 avril 1990 est en train d\u2019\u00eatre verrouill\u00e9e. Pourquoi ? Parce que la libert\u00e9 fait peur. Ouvrir l\u2019espace politique \u00e0 la formation, \u00e0 l\u2019information, \u00e0 la connaissance fait peur \u00e0 ceux qui se servent de la lobotomisation, de la d\u00e9sinformation pour pouvoir faire main basse sur les c\u0153urs et les esprits, mais surtout sur les richesses du sol et du sous-sol congolais. C\u2019est une guerre permanente et la guerre la plus difficile \u00e0 gagner est la guerre des id\u00e9es. Cette guerre l\u00e0 est plus atroce que celle avec laquelle on a recours aux armes.<br \/>\nL\u2019enjeu majeur d\u2019une guerre des id\u00e9es est de faire des masses populaires, des masses critiques afin qu\u2019elles deviennent elles-m\u00eames capables de renverser les rapports de force.<\/p><\/blockquote>\n<p><strong>Sur l\u2019amnistie annonc\u00e9e des membres du M23<\/strong><\/p>\n<blockquote><p>Nous ne sommes pas face \u00e0 une loi d\u2019amnistie. Nous sommes face \u00e0 une relecture biais\u00e9e de notre histoire. Il y a eu le 20\u00e8me anniversaire du g\u00e9nocide rwandais, il y a eu un colloque au s\u00e9nat fran\u00e7ais le 1er avril 2014 sur ce sujet, chez nous, on fait comme si tout ce qu\u2019il y a eu autour de cette c\u00e9l\u00e9bration n\u2019avait pas exist\u00e9. Or ces \u00e9v\u00e9nements nous somment de relire imm\u00e9diatement l\u2019histoire. Ce ne sont pas ces messieurs qui pr\u00e9tendent gouverner \u00e0 Kinshasa qui doivent \u00e9tablir des lois d\u2019amnistie. Parce que plusieurs parmi eux sont des criminels de guerre, des criminels contre l\u2019humanit\u00e9. Pourtant ce sont eux qui sont en train d\u2019\u00e9crire notre histoire. Nous devons faire une relecture de notre histoire afin de nous permettre de pouvoir mettre, demain ou apr\u00e8s-demain, tous ces messieurs en prison, en tout cas hors d\u2019\u00e9tat de nuire. Continuer \u00e0 lire l\u2019histoire comme eux le veulent, c\u2019est passer \u00e0 c\u00f4t\u00e9 de la plaque.<\/p><\/blockquote>\n<p><strong>Sur l\u2019expulsion \u00e0 Brazzaville des congolais<\/strong><\/p>\n<blockquote><p>Nous serons expuls\u00e9s de partout dans le monde tant que nous n\u2019aurons pas un pays qui se respecte. Dans votre pays, on ne vous respecte pas, vous n\u2019avez pas un pays qui se respecte. Comment voulez-vous aller vivre chez les gens et \u00eatre respect\u00e9s ?<br \/>\nFace \u00e0 des drames de ce genre, nous devrions nous dire que si nous ne luttons pas s\u00e9rieusement pour avoir un pays qui soit respect\u00e9 au c\u0153ur de l\u2019Afrique, nous serons trait\u00e9s comme des moins que rien, comme des apatrides, comme des gens qui n\u2019ont pas d\u2019espace propre \u00e0 eux. Il faut travailler \u00e0 ce qu\u2019on ait un pays, un Congo qui soit le lieu o\u00f9 ses fils et ses filles peuvent vivre, s\u2019\u00e9panouir et partager le bonheur collectif. Sans cela, nous avons beau crier contre les injustices inflig\u00e9es \u00e0 nos compatriotes \u00e0 travers le monde, \u00e7a n\u2019arr\u00eatera pas parce que personne ne nous respecte.<br \/>\nJusque dans les ann\u00e9es 1980, beaucoup de congolais n\u2019\u00e9taient pas l\u2019ext\u00e9rieur de leur pays. Mais il y a eu tous ces programmes d\u2019ajustements structurels, la dictature et les guerres qui ont d\u00e9truit le Congo, c\u2019est ainsi qu\u2019on retrouve beaucoup trop de congolais \u00e0 l\u2019ext\u00e9rieur. Vous n\u2019allez pas demander \u00e0 ces congolais qui veulent aussi vivre et respirer, de rester dans un pays comme le Congo d\u2019aujourd\u2019hui qui les maltraite et les tue comme des mouches.<br \/>\nTant que nous n\u2019aurons pas un pays dirig\u00e9 par des patriotes congolais qui ont le souci de prot\u00e9ger nos populations, qui ont le souci de faire participer nos populations \u00e0 l\u2019\u00e9dification d\u2019un Congo qui se respecte, personne ne nous respectera \u00e0 travers le monde.<\/p><\/blockquote>\n<p><strong>Sur la pauvret\u00e9 g\u00e9n\u00e9ralis\u00e9e au Congo<\/strong><\/p>\n<blockquote><p>Il faut lutter pour que les congolais aient acc\u00e8s \u00e0 leurs droits fondamentaux et \u00e0 leurs libert\u00e9s fondamentales. Nous devrions casser avec cette approche de la pauvret\u00e9 par les revenus, par l\u2019argent. Le congolais, malgr\u00e9 tout ce qu\u2019on dit de lui est cr\u00e9atif, inventif. Le peuple congolais, \u00e0 force de traverser des p\u00e9riodes des vaches maigres, s\u2019est habitu\u00e9 \u00e0 devenir cr\u00e9atif. Il sait boire et manger quand il le faut, par ses propres moyens. Mais son ing\u00e9niosit\u00e9 est un peu troubl\u00e9e par ses guerres \u00e0 r\u00e9p\u00e9tition et ses dictatures successives. Et ce peuple, s\u2019il a acc\u00e8s \u00e0 ses droits fondamentaux, \u00e0 ses libert\u00e9s fondamentales, \u00e0 ses droits sociaux, politiques et \u00e9conomiques, il n\u2019aura pas besoin que la banque mondiale lui dise comment il doit faire pour manger et boire. Malheureusement, c\u2019est cet espace qui est verrouill\u00e9. Et, c\u2019est pour cet espace qu\u2019il faut se battre que pour la reconduction des th\u00e9ories \u00e9cul\u00e9es de la croissance. C\u2019est la banque mondiale qui permet que le Congo puisse \u00eatre ouvert au n\u00e9olib\u00e9ralisme et \u00eatre pill\u00e9 par les entreprises transnationales et multinationales, c\u2019est la banque mondiale et le FMI qui ont fragilis\u00e9 le Congo, avec les programmes d\u2019ajustements structurels depuis les ann\u00e9es 1980.<br \/>\nLuttons d\u2019abord pour l\u2019ouverture de l\u2019espace politique au pluralisme, luttons d\u2019abord pour que les congolais jouissent de leurs droits sociaux, politiques, culturels et \u00e9conomiques. Luttons d\u2019abord pour que le congolais et la congolaise puissent \u00eatre respect\u00e9s dans leurs dignit\u00e9s d\u2019\u00eatres humains. Le reste nous sera donn\u00e9 par surcro\u00eet.<\/p><\/blockquote>\n<p>&nbsp;\t\t<\/p>\n","protected":false},"excerpt":{"rendered":"<p>L\u2019analyste politique Jean-Pierre Mbelu revient sur les origines et la mission du PPRD (\u00ab un parti qui s\u2019inscrit dans une logique de combat contre le peuple \u00bb), d\u00e9crypte les raisons et les enjeux du recul d\u00e9mocratique et du verrouillage de l\u2019espace public en RDC, souligne pourquoi les congolais sont maltrait\u00e9s partout \u00e0 travers le monde, [&hellip;]<\/p>\n","protected":false},"author":1,"featured_media":6547,"comment_status":"open","ping_status":"open","sticky":false,"template":"","format":"standard","meta":{"_acf_changed":false,"content-type":"","footnotes":""},"categories":[107,124],"tags":[],"class_list":["post-6548","post","type-post","status-publish","format-standard","has-post-thumbnail","hentry","category-analyses-commentaires","category-politique-societe"],"acf":[],"_links":{"self":[{"href":"https:\/\/congolobilelo.com\/IN\/wp-json\/wp\/v2\/posts\/6548","targetHints":{"allow":["GET"]}}],"collection":[{"href":"https:\/\/congolobilelo.com\/IN\/wp-json\/wp\/v2\/posts"}],"about":[{"href":"https:\/\/congolobilelo.com\/IN\/wp-json\/wp\/v2\/types\/post"}],"author":[{"embeddable":true,"href":"https:\/\/congolobilelo.com\/IN\/wp-json\/wp\/v2\/users\/1"}],"replies":[{"embeddable":true,"href":"https:\/\/congolobilelo.com\/IN\/wp-json\/wp\/v2\/comments?post=6548"}],"version-history":[{"count":0,"href":"https:\/\/congolobilelo.com\/IN\/wp-json\/wp\/v2\/posts\/6548\/revisions"}],"wp:featuredmedia":[{"embeddable":true,"href":"https:\/\/congolobilelo.com\/IN\/wp-json\/"}],"wp:attachment":[{"href":"https:\/\/congolobilelo.com\/IN\/wp-json\/wp\/v2\/media?parent=6548"}],"wp:term":[{"taxonomy":"category","embeddable":true,"href":"https:\/\/congolobilelo.com\/IN\/wp-json\/wp\/v2\/categories?post=6548"},{"taxonomy":"post_tag","embeddable":true,"href":"https:\/\/congolobilelo.com\/IN\/wp-json\/wp\/v2\/tags?post=6548"}],"curies":[{"name":"wp","href":"https:\/\/api.w.org\/{rel}","templated":true}]}}